{"id":8155,"date":"2017-03-10T16:27:37","date_gmt":"2017-03-10T14:27:37","guid":{"rendered":"https:\/\/blog.olimar.de\/?p=8155"},"modified":"2022-12-21T16:00:43","modified_gmt":"2022-12-21T15:00:43","slug":"golden-wave-award-2017","status":"publish","type":"post","link":"https:\/\/blog.olimar.de\/golden-wave-award-2017\/","title":{"rendered":"OLIMAR Golden Wave Award 2017: Das sind die Gewinner!"},"content":{"rendered":"\n<p><strong>Der zweite Abend der Internationalen Tourismusb\u00f6rse in Berlin (ITB), der weltgr\u00f6\u00dften Tourismusmesse, stand f\u00fcr OLIMAR und seine Partner nun schon im f\u00fcnften Jahr in Folge ganz im Zeichen der Welle: Der Golden Wave Award 2017 wurde feierlich verliehen.<\/strong><\/p>\n\n\n<p style=\"text-align: justify;\">Bereits seit 2012 pr\u00e4miert OLIMAR mit dem Golden Wave Award diejenigen Hotelpartner, die sich im vorangegangenen Jahr durch besonders hohe Zufriedenheit der Kunden, \u00fcberdurchschnittlich guten Service und eine verl\u00e4ssliche Zusammenarbeit ausgezeichnet haben. In f\u00fcnf Hotelkategorien gibt es jeweils drei Gewinner, die die begehrte Auszeichnung von OLIMAR erhalten.<\/p>\n<p style=\"text-align: justify;\"><img loading=\"lazy\" decoding=\"async\" class=\"aligncenter wp-image-8166 size-full\" src=\"https:\/\/blog.olimar.de\/wp-content\/uploads\/2017\/03\/OLIMAR-GoldenWave-2017.gif\" alt=\"OLIMAR Golden Wave Award 2017\" width=\"306\" height=\"200\" \/><\/p>\n<h3><strong>Dies sind die Golden Wave Award 2017 Preistr\u00e4ger:<\/strong><\/h3>\n<p><strong>Kategorie Strand- und Familienresorts:<\/strong><\/p>\n<p style=\"padding-left: 30px;\">1. <a href=\"https:\/\/rms.olimar.de\/code\/PDL245\" rel=\"noopener noreferrer\">Pestana Bahia Praia Nature &amp; Beach Resort<\/a>, \u00c1gua de Alto, Azoren<br \/>2. Hard Rock Hotel Ibiza<br \/>3. Parad\u00f9 Tuscany EcoResort, Marina di Donoratico, Toskana<\/p>\n<div id='gallery-1' class='gallery galleryid-8155 gallery-columns-3 gallery-size-medium'><dl class='gallery-item'>\n\t\t\t<dt class='gallery-icon landscape'>\n\t\t\t\t<img loading=\"lazy\" decoding=\"async\" width=\"300\" height=\"225\" src=\"https:\/\/blog.olimar.de\/wp-content\/uploads\/2017\/03\/PDL245-a-Fassade2016B-300x225.jpg\" class=\"attachment-medium size-medium\" alt=\"Pestana Bahia Praia Nature &amp; Beach Resort, Azoren\" aria-describedby=\"gallery-1-8151\" srcset=\"https:\/\/blog.olimar.de\/wp-content\/uploads\/2017\/03\/PDL245-a-Fassade2016B-300x225.jpg 300w, https:\/\/blog.olimar.de\/wp-content\/uploads\/2017\/03\/PDL245-a-Fassade2016B-768x576.jpg 768w, https:\/\/blog.olimar.de\/wp-content\/uploads\/2017\/03\/PDL245-a-Fassade2016B.jpg 1000w\" sizes=\"auto, (max-width: 300px) 100vw, 300px\" \/>\n\t\t\t<\/dt>\n\t\t\t\t<dd class='wp-caption-text gallery-caption' id='gallery-1-8151'>\n\t\t\t\tPestana Bahia Praia Nature &#038; Beach Resort, Azoren\n\t\t\t\t<\/dd><\/dl><dl class='gallery-item'>\n\t\t\t<dt class='gallery-icon landscape'>\n\t\t\t\t<img loading=\"lazy\" decoding=\"async\" width=\"300\" height=\"214\" src=\"https:\/\/blog.olimar.de\/wp-content\/uploads\/2017\/03\/IBZ106-a-PoolviewA-300x214.jpg\" class=\"attachment-medium size-medium\" alt=\"Hard Rock Hotel Ibiza\" aria-describedby=\"gallery-1-8146\" srcset=\"https:\/\/blog.olimar.de\/wp-content\/uploads\/2017\/03\/IBZ106-a-PoolviewA-300x214.jpg 300w, https:\/\/blog.olimar.de\/wp-content\/uploads\/2017\/03\/IBZ106-a-PoolviewA-768x548.jpg 768w, https:\/\/blog.olimar.de\/wp-content\/uploads\/2017\/03\/IBZ106-a-PoolviewA.jpg 1000w\" sizes=\"auto, (max-width: 300px) 100vw, 300px\" \/>\n\t\t\t<\/dt>\n\t\t\t\t<dd class='wp-caption-text gallery-caption' id='gallery-1-8146'>\n\t\t\t\tHard Rock Hotel, Ibiza\n\t\t\t\t<\/dd><\/dl><dl class='gallery-item'>\n\t\t\t<dt class='gallery-icon landscape'>\n\t\t\t\t<img loading=\"lazy\" decoding=\"async\" width=\"300\" height=\"173\" src=\"https:\/\/blog.olimar.de\/wp-content\/uploads\/2017\/03\/PSA320-a-ResortE-300x173.jpg\" class=\"attachment-medium size-medium\" alt=\"Parad\u00f9 Tuscany EcoResort, Toskana\" aria-describedby=\"gallery-1-8153\" srcset=\"https:\/\/blog.olimar.de\/wp-content\/uploads\/2017\/03\/PSA320-a-ResortE-300x173.jpg 300w, https:\/\/blog.olimar.de\/wp-content\/uploads\/2017\/03\/PSA320-a-ResortE-768x442.jpg 768w, https:\/\/blog.olimar.de\/wp-content\/uploads\/2017\/03\/PSA320-a-ResortE.jpg 1000w\" sizes=\"auto, (max-width: 300px) 100vw, 300px\" \/>\n\t\t\t<\/dt>\n\t\t\t\t<dd class='wp-caption-text gallery-caption' id='gallery-1-8153'>\n\t\t\t\tParad\u00f9 Tuscany EcoResort, Toskana\n\t\t\t\t<\/dd><\/dl><br style=\"clear: both\" \/>\n\t\t<\/div>\n\n<p><strong>Kategorie Natur- und Landschaftshotels:<\/strong><\/p>\n<p style=\"padding-left: 30px;\">1. <a href=\"https:\/\/rms.olimar.de\/code\/OPO613\" rel=\"noopener noreferrer\">Six Senses Douro Valley<\/a>, Lamego, Portugal<br \/>2. Hotel Jardim Atl\u00e2ntico, Prazeres, Madeira<br \/>3. <a href=\"https:\/\/rms.olimar.de\/code\/AGP270\" rel=\"noopener noreferrer\">B Bou Hotel Cortijo Bravo<\/a>, Velez-M\u00e1laga, Costa del Sol<\/p>\n<div id='gallery-2' class='gallery galleryid-8155 gallery-columns-3 gallery-size-medium'><dl class='gallery-item'>\n\t\t\t<dt class='gallery-icon landscape'>\n\t\t\t\t<img loading=\"lazy\" decoding=\"async\" width=\"300\" height=\"200\" src=\"https:\/\/blog.olimar.de\/wp-content\/uploads\/2017\/03\/OPO613-a-ValleyFromTheEastA-300x200.jpg\" class=\"attachment-medium size-medium\" alt=\"Six Senses Douro Valley, Mittelportugal\" aria-describedby=\"gallery-2-8150\" srcset=\"https:\/\/blog.olimar.de\/wp-content\/uploads\/2017\/03\/OPO613-a-ValleyFromTheEastA-300x200.jpg 300w, https:\/\/blog.olimar.de\/wp-content\/uploads\/2017\/03\/OPO613-a-ValleyFromTheEastA-768x513.jpg 768w, https:\/\/blog.olimar.de\/wp-content\/uploads\/2017\/03\/OPO613-a-ValleyFromTheEastA-840x560.jpg 840w, https:\/\/blog.olimar.de\/wp-content\/uploads\/2017\/03\/OPO613-a-ValleyFromTheEastA.jpg 1000w\" sizes=\"auto, (max-width: 300px) 100vw, 300px\" \/>\n\t\t\t<\/dt>\n\t\t\t\t<dd class='wp-caption-text gallery-caption' id='gallery-2-8150'>\n\t\t\t\tSix Senses Douro Valley, Mittelportugal\n\t\t\t\t<\/dd><\/dl><dl class='gallery-item'>\n\t\t\t<dt class='gallery-icon landscape'>\n\t\t\t\t<img loading=\"lazy\" decoding=\"async\" width=\"300\" height=\"188\" src=\"https:\/\/blog.olimar.de\/wp-content\/uploads\/2017\/03\/FNC311-a-2-300x188.jpg\" class=\"attachment-medium size-medium\" alt=\"Hotel Jardim Atl\u00e2ntico, Madeira\" aria-describedby=\"gallery-2-8144\" srcset=\"https:\/\/blog.olimar.de\/wp-content\/uploads\/2017\/03\/FNC311-a-2-300x188.jpg 300w, https:\/\/blog.olimar.de\/wp-content\/uploads\/2017\/03\/FNC311-a-2-768x482.jpg 768w, https:\/\/blog.olimar.de\/wp-content\/uploads\/2017\/03\/FNC311-a-2.jpg 1000w\" sizes=\"auto, (max-width: 300px) 100vw, 300px\" \/>\n\t\t\t<\/dt>\n\t\t\t\t<dd class='wp-caption-text gallery-caption' id='gallery-2-8144'>\n\t\t\t\tHotel Jardim Atl\u00e2ntico, Madeira\n\t\t\t\t<\/dd><\/dl><dl class='gallery-item'>\n\t\t\t<dt class='gallery-icon landscape'>\n\t\t\t\t<img loading=\"lazy\" decoding=\"async\" width=\"300\" height=\"169\" src=\"https:\/\/blog.olimar.de\/wp-content\/uploads\/2017\/03\/AGP270-a-Exterior2016A-300x169.jpg\" class=\"attachment-medium size-medium\" alt=\"B Bou Hotel Cortijo Bravo\" aria-describedby=\"gallery-2-8139\" srcset=\"https:\/\/blog.olimar.de\/wp-content\/uploads\/2017\/03\/AGP270-a-Exterior2016A-300x169.jpg 300w, https:\/\/blog.olimar.de\/wp-content\/uploads\/2017\/03\/AGP270-a-Exterior2016A-768x432.jpg 768w, https:\/\/blog.olimar.de\/wp-content\/uploads\/2017\/03\/AGP270-a-Exterior2016A.jpg 1000w\" sizes=\"auto, (max-width: 300px) 100vw, 300px\" \/>\n\t\t\t<\/dt>\n\t\t\t\t<dd class='wp-caption-text gallery-caption' id='gallery-2-8139'>\n\t\t\t\tB Bou Hotel Cortijo Bravo, Costa del Sol\n\t\t\t\t<\/dd><\/dl><br style=\"clear: both\" \/>\n\t\t<\/div>\n\n<p><strong>Kategorie Stadthotels:<\/strong><\/p>\n<p style=\"padding-left: 30px;\">1. <a href=\"https:\/\/rms.olimar.de\/code\/LIS817\" rel=\"noopener noreferrer\">Porto Bay Liberdade<\/a>, Lissabon<br \/>2. <a href=\"https:\/\/rms.olimar.de\/code\/OPO156\" rel=\"noopener noreferrer\">The Yeatman Hotel<\/a>, Vila Nova de Gaia, Porto<br \/>3. <a href=\"https:\/\/rms.olimar.de\/code\/FNC144\" rel=\"noopener noreferrer\">Castanheiro Boutique Hotel<\/a>, Funchal, Madeira<\/p>\n<div id='gallery-3' class='gallery galleryid-8155 gallery-columns-3 gallery-size-medium'><dl class='gallery-item'>\n\t\t\t<dt class='gallery-icon landscape'>\n\t\t\t\t<img loading=\"lazy\" decoding=\"async\" width=\"300\" height=\"216\" src=\"https:\/\/blog.olimar.de\/wp-content\/uploads\/2017\/03\/LIS817-a-FassadeB-300x216.jpg\" class=\"attachment-medium size-medium\" alt=\"PortoBay Liberdade, Lissabon\" aria-describedby=\"gallery-3-8148\" srcset=\"https:\/\/blog.olimar.de\/wp-content\/uploads\/2017\/03\/LIS817-a-FassadeB-300x216.jpg 300w, https:\/\/blog.olimar.de\/wp-content\/uploads\/2017\/03\/LIS817-a-FassadeB-768x552.jpg 768w, https:\/\/blog.olimar.de\/wp-content\/uploads\/2017\/03\/LIS817-a-FassadeB.jpg 1000w\" sizes=\"auto, (max-width: 300px) 100vw, 300px\" \/>\n\t\t\t<\/dt>\n\t\t\t\t<dd class='wp-caption-text gallery-caption' id='gallery-3-8148'>\n\t\t\t\tPortoBay Liberdade, Lissabon\n\t\t\t\t<\/dd><\/dl><dl class='gallery-item'>\n\t\t\t<dt class='gallery-icon landscape'>\n\t\t\t\t<img loading=\"lazy\" decoding=\"async\" width=\"300\" height=\"199\" src=\"https:\/\/blog.olimar.de\/wp-content\/uploads\/2017\/03\/OPO156-p-OutdoorView-300x199.jpg\" class=\"attachment-medium size-medium\" alt=\"The Yeatman Hotel, Porto\" aria-describedby=\"gallery-3-8149\" srcset=\"https:\/\/blog.olimar.de\/wp-content\/uploads\/2017\/03\/OPO156-p-OutdoorView-300x199.jpg 300w, https:\/\/blog.olimar.de\/wp-content\/uploads\/2017\/03\/OPO156-p-OutdoorView-768x508.jpg 768w, https:\/\/blog.olimar.de\/wp-content\/uploads\/2017\/03\/OPO156-p-OutdoorView-840x560.jpg 840w, https:\/\/blog.olimar.de\/wp-content\/uploads\/2017\/03\/OPO156-p-OutdoorView.jpg 1000w\" sizes=\"auto, (max-width: 300px) 100vw, 300px\" \/>\n\t\t\t<\/dt>\n\t\t\t\t<dd class='wp-caption-text gallery-caption' id='gallery-3-8149'>\n\t\t\t\tThe Yeatman Hotel, Porto\n\t\t\t\t<\/dd><\/dl><dl class='gallery-item'>\n\t\t\t<dt class='gallery-icon landscape'>\n\t\t\t\t<img loading=\"lazy\" decoding=\"async\" width=\"300\" height=\"200\" src=\"https:\/\/blog.olimar.de\/wp-content\/uploads\/2017\/03\/FNC144-a-Entrada2016-300x200.jpg\" class=\"attachment-medium size-medium\" alt=\"Castanheiro Boutique Hotel, Funchal (Madeira)\" aria-describedby=\"gallery-3-8142\" srcset=\"https:\/\/blog.olimar.de\/wp-content\/uploads\/2017\/03\/FNC144-a-Entrada2016-300x200.jpg 300w, https:\/\/blog.olimar.de\/wp-content\/uploads\/2017\/03\/FNC144-a-Entrada2016-768x512.jpg 768w, https:\/\/blog.olimar.de\/wp-content\/uploads\/2017\/03\/FNC144-a-Entrada2016-840x560.jpg 840w, https:\/\/blog.olimar.de\/wp-content\/uploads\/2017\/03\/FNC144-a-Entrada2016.jpg 1000w\" sizes=\"auto, (max-width: 300px) 100vw, 300px\" \/>\n\t\t\t<\/dt>\n\t\t\t\t<dd class='wp-caption-text gallery-caption' id='gallery-3-8142'>\n\t\t\t\tCastanheiro Boutique Hotel, Funchal (Madeira)\n\t\t\t\t<\/dd><\/dl><br style=\"clear: both\" \/>\n\t\t<\/div>\n\n<p><strong>Kategorie Golf und Wellness Hotels:<\/strong><\/p>\n<p style=\"padding-left: 30px;\">1. <a href=\"https:\/\/rms.olimar.de\/code\/FAO530\" rel=\"noopener noreferrer\">Vila Vita Parc<\/a>, Porches, Algarve<br \/>2. <a href=\"https:\/\/rms.olimar.de\/code\/LIS695\" rel=\"noopener noreferrer\">Onyria Quinta da Marinha Hotel<\/a>, Cascais<br \/>3. <a href=\"https:\/\/rms.olimar.de\/code\/PDL257\" rel=\"noopener noreferrer\">Octant Hotels Furnas<\/a>, Furnas, Azoren<\/p>\n<div id='gallery-4' class='gallery galleryid-8155 gallery-columns-3 gallery-size-medium'><dl class='gallery-item'>\n\t\t\t<dt class='gallery-icon landscape'>\n\t\t\t\t<img loading=\"lazy\" decoding=\"async\" width=\"300\" height=\"225\" src=\"https:\/\/blog.olimar.de\/wp-content\/uploads\/2017\/03\/FAO530-x-ResortOverviewB-300x225.jpg\" class=\"attachment-medium size-medium\" alt=\"Vila Vita Parc, Algarve\" aria-describedby=\"gallery-4-8141\" srcset=\"https:\/\/blog.olimar.de\/wp-content\/uploads\/2017\/03\/FAO530-x-ResortOverviewB-300x225.jpg 300w, https:\/\/blog.olimar.de\/wp-content\/uploads\/2017\/03\/FAO530-x-ResortOverviewB-768x575.jpg 768w, https:\/\/blog.olimar.de\/wp-content\/uploads\/2017\/03\/FAO530-x-ResortOverviewB.jpg 1000w\" sizes=\"auto, (max-width: 300px) 100vw, 300px\" \/>\n\t\t\t<\/dt>\n\t\t\t\t<dd class='wp-caption-text gallery-caption' id='gallery-4-8141'>\n\t\t\t\tVila Vita Parc, Algarve\n\t\t\t\t<\/dd><\/dl><dl class='gallery-item'>\n\t\t\t<dt class='gallery-icon landscape'>\n\t\t\t\t<img loading=\"lazy\" decoding=\"async\" width=\"300\" height=\"200\" src=\"https:\/\/blog.olimar.de\/wp-content\/uploads\/2017\/03\/LIS695-p-Pool2016B-300x200.jpg\" class=\"attachment-medium size-medium\" alt=\"Quinta da Marinha Resort, Lissabons K\u00fcste\" aria-describedby=\"gallery-4-8147\" srcset=\"https:\/\/blog.olimar.de\/wp-content\/uploads\/2017\/03\/LIS695-p-Pool2016B-300x200.jpg 300w, https:\/\/blog.olimar.de\/wp-content\/uploads\/2017\/03\/LIS695-p-Pool2016B-768x512.jpg 768w, https:\/\/blog.olimar.de\/wp-content\/uploads\/2017\/03\/LIS695-p-Pool2016B-840x560.jpg 840w, https:\/\/blog.olimar.de\/wp-content\/uploads\/2017\/03\/LIS695-p-Pool2016B.jpg 1000w\" sizes=\"auto, (max-width: 300px) 100vw, 300px\" \/>\n\t\t\t<\/dt>\n\t\t\t\t<dd class='wp-caption-text gallery-caption' id='gallery-4-8147'>\n\t\t\t\tQuinta da Marinha Resort, Lissabons K\u00fcste\n\t\t\t\t<\/dd><\/dl><dl class='gallery-item'>\n\t\t\t<dt class='gallery-icon landscape'>\n\t\t\t\t<img loading=\"lazy\" decoding=\"async\" width=\"300\" height=\"200\" src=\"https:\/\/blog.olimar.de\/wp-content\/uploads\/2017\/03\/PDL257-a-GardenFrontA-300x200.jpg\" class=\"attachment-medium size-medium\" alt=\"Furnas Boutique Hotel Thermal &amp; Spa, Azoren\" aria-describedby=\"gallery-4-8152\" srcset=\"https:\/\/blog.olimar.de\/wp-content\/uploads\/2017\/03\/PDL257-a-GardenFrontA-300x200.jpg 300w, https:\/\/blog.olimar.de\/wp-content\/uploads\/2017\/03\/PDL257-a-GardenFrontA-768x512.jpg 768w, https:\/\/blog.olimar.de\/wp-content\/uploads\/2017\/03\/PDL257-a-GardenFrontA-840x560.jpg 840w, https:\/\/blog.olimar.de\/wp-content\/uploads\/2017\/03\/PDL257-a-GardenFrontA.jpg 1000w\" sizes=\"auto, (max-width: 300px) 100vw, 300px\" \/>\n\t\t\t<\/dt>\n\t\t\t\t<dd class='wp-caption-text gallery-caption' id='gallery-4-8152'>\n\t\t\t\tFurnas Boutique Hotel Thermal &#038; Spa, Azoren\n\t\t\t\t<\/dd><\/dl><br style=\"clear: both\" \/>\n\t\t<\/div>\n\n<p><strong>Kategorie Preis-Leistung:<\/strong><\/p>\n<p style=\"padding-left: 30px;\">1. <a href=\"https:\/\/rms.olimar.de\/code\/FNC207\" rel=\"noopener noreferrer\">Four Views O\u00e1sis<\/a>, Cani\u00e7o de Baixo, Madeira<br \/>2. <a href=\"https:\/\/rms.olimar.de\/code\/PXO504\" rel=\"noopener noreferrer\">Vila Baleira Hotel Resort &amp; Thalasso Spa<\/a>, Porto Santo<br \/>3. <a href=\"https:\/\/rms.olimar.de\/code\/BDS152\" rel=\"noopener noreferrer\">Canne Bianche Lifestyle &amp; Hotel<\/a>, Fasano, Apulien<\/p>\n<div id='gallery-5' class='gallery galleryid-8155 gallery-columns-3 gallery-size-medium'><dl class='gallery-item'>\n\t\t\t<dt class='gallery-icon landscape'>\n\t\t\t\t<img loading=\"lazy\" decoding=\"async\" width=\"300\" height=\"197\" src=\"https:\/\/blog.olimar.de\/wp-content\/uploads\/2017\/03\/FNC207-a-Aussenansicht-300x197.jpg\" class=\"attachment-medium size-medium\" alt=\"Four Views O\u00e1sis, Madeira\" aria-describedby=\"gallery-5-8143\" srcset=\"https:\/\/blog.olimar.de\/wp-content\/uploads\/2017\/03\/FNC207-a-Aussenansicht-300x197.jpg 300w, https:\/\/blog.olimar.de\/wp-content\/uploads\/2017\/03\/FNC207-a-Aussenansicht-768x503.jpg 768w, https:\/\/blog.olimar.de\/wp-content\/uploads\/2017\/03\/FNC207-a-Aussenansicht.jpg 1000w\" sizes=\"auto, (max-width: 300px) 100vw, 300px\" \/>\n\t\t\t<\/dt>\n\t\t\t\t<dd class='wp-caption-text gallery-caption' id='gallery-5-8143'>\n\t\t\t\tFour Views O\u00e1sis, Madeira\n\t\t\t\t<\/dd><\/dl><dl class='gallery-item'>\n\t\t\t<dt class='gallery-icon landscape'>\n\t\t\t\t<img loading=\"lazy\" decoding=\"async\" width=\"300\" height=\"169\" src=\"https:\/\/blog.olimar.de\/wp-content\/uploads\/2017\/03\/PXO504-a-AreaViewC-300x169.jpg\" class=\"attachment-medium size-medium\" alt=\"Vila Baleira Hotel Resort &amp; Thalasso Spa, Porto Santo\" aria-describedby=\"gallery-5-8154\" srcset=\"https:\/\/blog.olimar.de\/wp-content\/uploads\/2017\/03\/PXO504-a-AreaViewC-300x169.jpg 300w, https:\/\/blog.olimar.de\/wp-content\/uploads\/2017\/03\/PXO504-a-AreaViewC-768x432.jpg 768w, https:\/\/blog.olimar.de\/wp-content\/uploads\/2017\/03\/PXO504-a-AreaViewC.jpg 1000w\" sizes=\"auto, (max-width: 300px) 100vw, 300px\" \/>\n\t\t\t<\/dt>\n\t\t\t\t<dd class='wp-caption-text gallery-caption' id='gallery-5-8154'>\n\t\t\t\tVila Baleira Hotel Resort &#038; Thalasso Spa, Porto Santo\n\t\t\t\t<\/dd><\/dl><dl class='gallery-item'>\n\t\t\t<dt class='gallery-icon landscape'>\n\t\t\t\t<img loading=\"lazy\" decoding=\"async\" width=\"300\" height=\"200\" src=\"https:\/\/blog.olimar.de\/wp-content\/uploads\/2017\/03\/BDS152-p-PoolC-300x200.jpg\" class=\"attachment-medium size-medium\" alt=\"Canne Bianche Lifestyle &amp; Hotel, Apulien\" aria-describedby=\"gallery-5-8140\" srcset=\"https:\/\/blog.olimar.de\/wp-content\/uploads\/2017\/03\/BDS152-p-PoolC-300x200.jpg 300w, https:\/\/blog.olimar.de\/wp-content\/uploads\/2017\/03\/BDS152-p-PoolC-768x512.jpg 768w, https:\/\/blog.olimar.de\/wp-content\/uploads\/2017\/03\/BDS152-p-PoolC-840x560.jpg 840w, https:\/\/blog.olimar.de\/wp-content\/uploads\/2017\/03\/BDS152-p-PoolC.jpg 1000w\" sizes=\"auto, (max-width: 300px) 100vw, 300px\" \/>\n\t\t\t<\/dt>\n\t\t\t\t<dd class='wp-caption-text gallery-caption' id='gallery-5-8140'>\n\t\t\t\tCanne Bianche Lifestyle &#038; Hotel, Apulien\n\t\t\t\t<\/dd><\/dl><br style=\"clear: both\" \/>\n\t\t<\/div>\n\n<p>Das Team von OLIMAR Reisen gratuliert herzlich! Parab\u00e9ns! Felicitaciones! Congratulazioni!<\/p>\n\n\n<div style=\"height:50px\" aria-hidden=\"true\" class=\"wp-block-spacer\"><\/div>\n\n\n\n<div class=\"wp-block-buttons is-layout-flex wp-block-buttons-is-layout-flex\">\n<div class=\"wp-block-button\"><a class=\"wp-block-button__link wp-element-button\" href=\"https:\/\/www.olimar.de\/hotellistung\/\">Jetzt Urlaubsangebote finden und buchen<\/a><\/div>\n<\/div>\n\n\n\n<div style=\"height:100px\" aria-hidden=\"true\" class=\"wp-block-spacer\"><\/div>\n","protected":false},"excerpt":{"rendered":"<p>Der zweite Abend der Internationalen Tourismusb\u00f6rse in Berlin (ITB), der weltgr\u00f6\u00dften Tourismusmesse, stand f\u00fcr OLIMAR und seine Partner nun schon im f\u00fcnften Jahr in Folge ganz im Zeichen der Welle: Der Golden Wave Award 2017 wurde feierlich verliehen. Bereits seit 2012 pr\u00e4miert OLIMAR mit dem Golden Wave Award diejenigen Hotelpartner, die sich im vorangegangenen Jahr durch besonders hohe Zufriedenheit der Kunden, \u00fcberdurchschnittlich guten Service und eine verl\u00e4ssliche Zusammenarbeit ausgezeichnet haben. In f\u00fcnf Hotelkategorien gibt es jeweils drei Gewinner, die die begehrte Auszeichnung von OLIMAR erhalten. Dies sind die Golden Wave Award 2017 Preistr\u00e4ger: Kategorie Strand- und Familienresorts: 1. Pestana Bahia Praia &hellip;<\/p>\n","protected":false},"author":1,"featured_media":8159,"comment_status":"open","ping_status":"open","sticky":false,"template":"","format":"standard","meta":{"_crdt_document":"","_lmt_disableupdate":"","_lmt_disable":"","footnotes":""},"categories":[33,48],"tags":[],"class_list":["post-8155","post","type-post","status-publish","format-standard","has-post-thumbnail","hentry","category-hinter-den-kulissen","category-neues-bei-olimar"],"yoast_head":"<!-- This site is optimized with the Yoast SEO plugin v26.9 - https:\/\/yoast.com\/product\/yoast-seo-wordpress\/ -->\n<title>OLIMAR Golden Wave Award 2017<\/title>\n<meta name=\"description\" content=\"Zum f\u00fcnften Mal in Folge pr\u00e4mierte OLIMAR im Rahmen der ITB seine besten Hotelpartner mit dem Golden Wave Award. Das sind die Gewinner 2017.\" \/>\n<meta name=\"robots\" content=\"index, follow, max-snippet:-1, max-image-preview:large, max-video-preview:-1\" \/>\n<link rel=\"canonical\" href=\"https:\/\/blog.olimar.de\/golden-wave-award-2017\/\" \/>\n<meta property=\"og:locale\" content=\"de_DE\" \/>\n<meta property=\"og:type\" content=\"article\" \/>\n<meta property=\"og:title\" content=\"OLIMAR Golden Wave Award 2017\" \/>\n<meta property=\"og:description\" content=\"Zum f\u00fcnften Mal in Folge pr\u00e4mierte OLIMAR im Rahmen der ITB seine besten Hotelpartner mit dem Golden Wave Award. Das sind die Gewinner 2017.\" \/>\n<meta property=\"og:url\" content=\"https:\/\/blog.olimar.de\/golden-wave-award-2017\/\" \/>\n<meta property=\"article:publisher\" content=\"https:\/\/www.facebook.com\/OlimarReisen\" \/>\n<meta property=\"article:published_time\" content=\"2017-03-10T14:27:37+00:00\" \/>\n<meta property=\"article:modified_time\" content=\"2022-12-21T15:00:43+00:00\" \/>\n<meta property=\"og:image\" content=\"https:\/\/blog.olimar.de\/wp-content\/uploads\/2017\/03\/Gewinner-Golden-Wave-2017-OLIMAR-1.jpg\" \/>\n\t<meta property=\"og:image:width\" content=\"1010\" \/>\n\t<meta property=\"og:image:height\" content=\"568\" \/>\n\t<meta property=\"og:image:type\" content=\"image\/jpeg\" \/>\n<meta name=\"author\" content=\"Katharina\" \/>\n<meta name=\"twitter:label1\" content=\"Verfasst von\" \/>\n\t<meta name=\"twitter:data1\" content=\"Katharina\" \/>\n\t<meta name=\"twitter:label2\" content=\"Gesch\u00e4tzte Lesezeit\" \/>\n\t<meta name=\"twitter:data2\" content=\"2\u00a0Minuten\" \/>\n<script type=\"application\/ld+json\" class=\"yoast-schema-graph\">{\"@context\":\"https:\/\/schema.org\",\"@graph\":[{\"@type\":\"WebPage\",\"@id\":\"https:\/\/blog.olimar.de\/golden-wave-award-2017\/\",\"url\":\"https:\/\/blog.olimar.de\/golden-wave-award-2017\/\",\"name\":\"OLIMAR Golden Wave Award 2017\",\"isPartOf\":{\"@id\":\"https:\/\/blog.olimar.de\/#website\"},\"primaryImageOfPage\":{\"@id\":\"https:\/\/blog.olimar.de\/golden-wave-award-2017\/#primaryimage\"},\"image\":{\"@id\":\"https:\/\/blog.olimar.de\/golden-wave-award-2017\/#primaryimage\"},\"thumbnailUrl\":\"https:\/\/blog.olimar.de\/wp-content\/uploads\/2017\/03\/Gewinner-Golden-Wave-2017-OLIMAR-1.jpg\",\"datePublished\":\"2017-03-10T14:27:37+00:00\",\"dateModified\":\"2022-12-21T15:00:43+00:00\",\"description\":\"Zum f\u00fcnften Mal in Folge pr\u00e4mierte OLIMAR im Rahmen der ITB seine besten Hotelpartner mit dem Golden Wave Award. Das sind die Gewinner 2017.\",\"breadcrumb\":{\"@id\":\"https:\/\/blog.olimar.de\/golden-wave-award-2017\/#breadcrumb\"},\"inLanguage\":\"de\",\"potentialAction\":[{\"@type\":\"ReadAction\",\"target\":[\"https:\/\/blog.olimar.de\/golden-wave-award-2017\/\"]}]},{\"@type\":\"ImageObject\",\"inLanguage\":\"de\",\"@id\":\"https:\/\/blog.olimar.de\/golden-wave-award-2017\/#primaryimage\",\"url\":\"https:\/\/blog.olimar.de\/wp-content\/uploads\/2017\/03\/Gewinner-Golden-Wave-2017-OLIMAR-1.jpg\",\"contentUrl\":\"https:\/\/blog.olimar.de\/wp-content\/uploads\/2017\/03\/Gewinner-Golden-Wave-2017-OLIMAR-1.jpg\",\"width\":1010,\"height\":568,\"caption\":\"Gewinner Golden Wave Award Hotels 2017\"},{\"@type\":\"BreadcrumbList\",\"@id\":\"https:\/\/blog.olimar.de\/golden-wave-award-2017\/#breadcrumb\",\"itemListElement\":[{\"@type\":\"ListItem\",\"position\":1,\"name\":\"Home\",\"item\":\"https:\/\/blog.olimar.de\/\"},{\"@type\":\"ListItem\",\"position\":2,\"name\":\"OLIMAR Golden Wave Award 2017: Das sind die Gewinner!\"}]},{\"@type\":\"WebSite\",\"@id\":\"https:\/\/blog.olimar.de\/#website\",\"url\":\"https:\/\/blog.olimar.de\/\",\"name\":\"OLIMAR.com\",\"description\":\"\",\"publisher\":{\"@id\":\"https:\/\/blog.olimar.de\/#organization\"},\"potentialAction\":[{\"@type\":\"SearchAction\",\"target\":{\"@type\":\"EntryPoint\",\"urlTemplate\":\"https:\/\/blog.olimar.de\/?s={search_term_string}\"},\"query-input\":{\"@type\":\"PropertyValueSpecification\",\"valueRequired\":true,\"valueName\":\"search_term_string\"}}],\"inLanguage\":\"de\"},{\"@type\":\"Organization\",\"@id\":\"https:\/\/blog.olimar.de\/#organization\",\"name\":\"OLIMAR Reisen\",\"url\":\"https:\/\/blog.olimar.de\/\",\"logo\":{\"@type\":\"ImageObject\",\"inLanguage\":\"de\",\"@id\":\"https:\/\/blog.olimar.de\/#\/schema\/logo\/image\/\",\"url\":\"https:\/\/blog.olimar.de\/wp-content\/uploads\/2021\/01\/OLIMAR_Logo_COLOR.png\",\"contentUrl\":\"https:\/\/blog.olimar.de\/wp-content\/uploads\/2021\/01\/OLIMAR_Logo_COLOR.png\",\"width\":2000,\"height\":986,\"caption\":\"OLIMAR Reisen\"},\"image\":{\"@id\":\"https:\/\/blog.olimar.de\/#\/schema\/logo\/image\/\"},\"sameAs\":[\"https:\/\/www.facebook.com\/OlimarReisen\",\"https:\/\/x.com\/olimarrreisen\",\"https:\/\/www.instagram.com\/olimarreisen\",\"https:\/\/www.youtube.com\/user\/olimarreisen\"]}]}<\/script>\n<!-- \/ Yoast SEO plugin. -->","yoast_head_json":{"title":"OLIMAR Golden Wave Award 2017","description":"Zum f\u00fcnften Mal in Folge pr\u00e4mierte OLIMAR im Rahmen der ITB seine besten Hotelpartner mit dem Golden Wave Award. Das sind die Gewinner 2017.","robots":{"index":"index","follow":"follow","max-snippet":"max-snippet:-1","max-image-preview":"max-image-preview:large","max-video-preview":"max-video-preview:-1"},"canonical":"https:\/\/blog.olimar.de\/golden-wave-award-2017\/","og_locale":"de_DE","og_type":"article","og_title":"OLIMAR Golden Wave Award 2017","og_description":"Zum f\u00fcnften Mal in Folge pr\u00e4mierte OLIMAR im Rahmen der ITB seine besten Hotelpartner mit dem Golden Wave Award. Das sind die Gewinner 2017.","og_url":"https:\/\/blog.olimar.de\/golden-wave-award-2017\/","article_publisher":"https:\/\/www.facebook.com\/OlimarReisen","article_published_time":"2017-03-10T14:27:37+00:00","article_modified_time":"2022-12-21T15:00:43+00:00","og_image":[{"width":1010,"height":568,"url":"https:\/\/blog.olimar.de\/wp-content\/uploads\/2017\/03\/Gewinner-Golden-Wave-2017-OLIMAR-1.jpg","type":"image\/jpeg"}],"author":"Katharina","twitter_misc":{"Verfasst von":"Katharina","Gesch\u00e4tzte Lesezeit":"2\u00a0Minuten"},"schema":{"@context":"https:\/\/schema.org","@graph":[{"@type":"WebPage","@id":"https:\/\/blog.olimar.de\/golden-wave-award-2017\/","url":"https:\/\/blog.olimar.de\/golden-wave-award-2017\/","name":"OLIMAR Golden Wave Award 2017","isPartOf":{"@id":"https:\/\/blog.olimar.de\/#website"},"primaryImageOfPage":{"@id":"https:\/\/blog.olimar.de\/golden-wave-award-2017\/#primaryimage"},"image":{"@id":"https:\/\/blog.olimar.de\/golden-wave-award-2017\/#primaryimage"},"thumbnailUrl":"https:\/\/blog.olimar.de\/wp-content\/uploads\/2017\/03\/Gewinner-Golden-Wave-2017-OLIMAR-1.jpg","datePublished":"2017-03-10T14:27:37+00:00","dateModified":"2022-12-21T15:00:43+00:00","description":"Zum f\u00fcnften Mal in Folge pr\u00e4mierte OLIMAR im Rahmen der ITB seine besten Hotelpartner mit dem Golden Wave Award. Das sind die Gewinner 2017.","breadcrumb":{"@id":"https:\/\/blog.olimar.de\/golden-wave-award-2017\/#breadcrumb"},"inLanguage":"de","potentialAction":[{"@type":"ReadAction","target":["https:\/\/blog.olimar.de\/golden-wave-award-2017\/"]}]},{"@type":"ImageObject","inLanguage":"de","@id":"https:\/\/blog.olimar.de\/golden-wave-award-2017\/#primaryimage","url":"https:\/\/blog.olimar.de\/wp-content\/uploads\/2017\/03\/Gewinner-Golden-Wave-2017-OLIMAR-1.jpg","contentUrl":"https:\/\/blog.olimar.de\/wp-content\/uploads\/2017\/03\/Gewinner-Golden-Wave-2017-OLIMAR-1.jpg","width":1010,"height":568,"caption":"Gewinner Golden Wave Award Hotels 2017"},{"@type":"BreadcrumbList","@id":"https:\/\/blog.olimar.de\/golden-wave-award-2017\/#breadcrumb","itemListElement":[{"@type":"ListItem","position":1,"name":"Home","item":"https:\/\/blog.olimar.de\/"},{"@type":"ListItem","position":2,"name":"OLIMAR Golden Wave Award 2017: Das sind die Gewinner!"}]},{"@type":"WebSite","@id":"https:\/\/blog.olimar.de\/#website","url":"https:\/\/blog.olimar.de\/","name":"OLIMAR.com","description":"","publisher":{"@id":"https:\/\/blog.olimar.de\/#organization"},"potentialAction":[{"@type":"SearchAction","target":{"@type":"EntryPoint","urlTemplate":"https:\/\/blog.olimar.de\/?s={search_term_string}"},"query-input":{"@type":"PropertyValueSpecification","valueRequired":true,"valueName":"search_term_string"}}],"inLanguage":"de"},{"@type":"Organization","@id":"https:\/\/blog.olimar.de\/#organization","name":"OLIMAR Reisen","url":"https:\/\/blog.olimar.de\/","logo":{"@type":"ImageObject","inLanguage":"de","@id":"https:\/\/blog.olimar.de\/#\/schema\/logo\/image\/","url":"https:\/\/blog.olimar.de\/wp-content\/uploads\/2021\/01\/OLIMAR_Logo_COLOR.png","contentUrl":"https:\/\/blog.olimar.de\/wp-content\/uploads\/2021\/01\/OLIMAR_Logo_COLOR.png","width":2000,"height":986,"caption":"OLIMAR Reisen"},"image":{"@id":"https:\/\/blog.olimar.de\/#\/schema\/logo\/image\/"},"sameAs":["https:\/\/www.facebook.com\/OlimarReisen","https:\/\/x.com\/olimarrreisen","https:\/\/www.instagram.com\/olimarreisen","https:\/\/www.youtube.com\/user\/olimarreisen"]}]}},"modified_by":"Lena Radermacher","jetpack_featured_media_url":"https:\/\/blog.olimar.de\/wp-content\/uploads\/2017\/03\/Gewinner-Golden-Wave-2017-OLIMAR-1.jpg","_links":{"self":[{"href":"https:\/\/blog.olimar.de\/wp-json\/wp\/v2\/posts\/8155","targetHints":{"allow":["GET"]}}],"collection":[{"href":"https:\/\/blog.olimar.de\/wp-json\/wp\/v2\/posts"}],"about":[{"href":"https:\/\/blog.olimar.de\/wp-json\/wp\/v2\/types\/post"}],"author":[{"embeddable":true,"href":"https:\/\/blog.olimar.de\/wp-json\/wp\/v2\/users\/1"}],"replies":[{"embeddable":true,"href":"https:\/\/blog.olimar.de\/wp-json\/wp\/v2\/comments?post=8155"}],"version-history":[{"count":33,"href":"https:\/\/blog.olimar.de\/wp-json\/wp\/v2\/posts\/8155\/revisions"}],"predecessor-version":[{"id":22740,"href":"https:\/\/blog.olimar.de\/wp-json\/wp\/v2\/posts\/8155\/revisions\/22740"}],"wp:featuredmedia":[{"embeddable":true,"href":"https:\/\/blog.olimar.de\/wp-json\/wp\/v2\/media\/8159"}],"wp:attachment":[{"href":"https:\/\/blog.olimar.de\/wp-json\/wp\/v2\/media?parent=8155"}],"wp:term":[{"taxonomy":"category","embeddable":true,"href":"https:\/\/blog.olimar.de\/wp-json\/wp\/v2\/categories?post=8155"},{"taxonomy":"post_tag","embeddable":true,"href":"https:\/\/blog.olimar.de\/wp-json\/wp\/v2\/tags?post=8155"}],"curies":[{"name":"wp","href":"https:\/\/api.w.org\/{rel}","templated":true}]}}