{"id":8177,"date":"2017-03-20T19:46:47","date_gmt":"2017-03-20T17:46:47","guid":{"rendered":"https:\/\/blog.olimar.de\/?p=8177"},"modified":"2021-04-06T17:57:27","modified_gmt":"2021-04-06T16:57:27","slug":"lissabon-halbmarathon","status":"publish","type":"post","link":"https:\/\/blog.olimar.de\/lissabon-halbmarathon\/","title":{"rendered":"Der Lissabon Halbmarathon &#8211; dabei sein ist alles!"},"content":{"rendered":"<p class=\"intro\" style=\"text-align: justify;\">In jeder gr\u00f6\u00dferen europ\u00e4ischen Stadt, die etwas auf sich h\u00e4lt, findet j\u00e4hrlich ein gro\u00dfes Lauf-Event statt. Klar, auch in <a href=\"https:\/\/www.olimar.de\/portugal\/metropolen\/lissabon\/\" target=\"_blank\" rel=\"noopener noreferrer\">Lissabon<\/a>. Mit der Besonderheit, dass der Lissabon Halbmarathon, &#8220;Meia Maratona de Lisboa&#8221;, tats\u00e4chlich als einer der weltweit gr\u00f6\u00dften (rund 35.000 L\u00e4ufer) und bedeutendsten Halbmarathons gilt. OLIMAR Kollegin Birgit, seit einiger Zeit passionierte Freizeitl\u00e4uferin, hat sich ihren Traum erf\u00fcllt und gemeinsam mit Kolleginnen aus der OLIMAR Agentur vor Ort am diesj\u00e4hrigen Lissabon Halbmarathon teilgenommen. Ihr Ziel war (noch?) nicht die 21,0975 Kilometer lange Distanz, sondern die verk\u00fcrzte 7 Kilometer Runde entlang des Tejo-Ufers. Hier ihr erster kurzer Bericht &#8220;am Tag danach&#8221; aus Lissabon.<\/p>\n<p style=\"text-align: justify;\">Sonntagmorgen, 19.03. 2017. Lissabon, sonnige 18 Grad. Perfektes Laufwetter!<br \/>\nSpannung und Vorfreude liegen in der Luft. Tausende von L\u00e4ufer tummeln sich in der Stadt. Ein Gro\u00dfteil von ihnen extra angereist f\u00fcr den ber\u00fchmten Lissabon Halbmarathon. Unter ihnen auch meine OLIMAR Kolleginnen aus Lissabon und ich. Und ich bin auf Anhieb beeindruckt von dem regen Treiben, das in der Stadt herrscht. Insbesondere die Stra\u00dfen und Wege Richtung Almada sind \u00fcberf\u00fcllt von sportlichen und aufgeregten Menschen. Denn in Almada, auf der anderen Seite des Lissaboner Tejo-Ufer gelegen und bekannt durch die riesige Christusstatue, startet der Marathon auf der ber\u00fchmten roten Br\u00fccke Ponte 25 de Abril.<\/p>\n<p style=\"text-align: justify;\"><a href=\"https:\/\/blog.olimar.de\/wp-content\/uploads\/2017\/03\/Marathon-Route-Lissabon.jpg\"><img loading=\"lazy\" decoding=\"async\" class=\"alignnone wp-image-8197 size-large\" src=\"https:\/\/blog.olimar.de\/wp-content\/uploads\/2017\/03\/Marathon-Route-Lissabon-1024x722.jpg\" alt=\"Route Halbmarathon Lissabon 2017\" width=\"840\" height=\"592\" srcset=\"https:\/\/blog.olimar.de\/wp-content\/uploads\/2017\/03\/Marathon-Route-Lissabon-1024x722.jpg 1024w, https:\/\/blog.olimar.de\/wp-content\/uploads\/2017\/03\/Marathon-Route-Lissabon-300x212.jpg 300w, https:\/\/blog.olimar.de\/wp-content\/uploads\/2017\/03\/Marathon-Route-Lissabon-768x541.jpg 768w, https:\/\/blog.olimar.de\/wp-content\/uploads\/2017\/03\/Marathon-Route-Lissabon.jpg 1034w\" sizes=\"auto, (max-width: 840px) 100vw, 840px\" \/><\/a><\/p>\n<p style=\"text-align: justify;\">Um 10.30 Uhr geht es endlich los. Zuerst gehen die L\u00e4ufer f\u00fcr den Halbmarathon an den Start. Im Anschluss dann wir,\u00a0 die vielen tausend Teilnehmer f\u00fcr den sogenannten Mini-Marathon, der immerhin noch ca. 7 km lang ist.<br \/>\nEs ist ein unglaublich tolles Gef\u00fchl, inmitten alle dieser Menschen \u00fcber die Br\u00fccke, die sonst nur von Autos genutzt wird, zu laufen. Bzw. eher zu gehen, denn aufgrund der Menschenmassen ist ein Laufen hier gar nicht m\u00f6glich. Doch das macht nichts, die Stimmung ist unvergesslich: Menschen verschiedenster Nationen, im Alter, gef\u00fchlt von 1 &#8211; 99 Jahren; unbeschreiblich und wunderbar, ein Teil dieses Events zu sein!<\/p>\n<p style=\"text-align: justify;\">Am Heronismuskloster im Vorort Bel\u00e9m ist nach 7 wunderbaren, stimmungsvollen Kilometern der Zieleinlauf. Was f\u00fcr eine phantastische Kulisse! Sp\u00e4testens jetzt hat sich mein Wunsch gefestigt: Am 11. M\u00e4rz 2018 bin ich wieder dabei!<\/p>\n<div id='gallery-1' class='gallery galleryid-8177 gallery-columns-3 gallery-size-thumbnail'><dl class='gallery-item'>\n\t\t\t<dt class='gallery-icon portrait'>\n\t\t\t\t<img loading=\"lazy\" decoding=\"async\" width=\"150\" height=\"150\" src=\"https:\/\/blog.olimar.de\/wp-content\/uploads\/2017\/03\/Lissasbon-Halbmarathon-Br\u00fccke-Start-150x150.jpg\" class=\"attachment-thumbnail size-thumbnail\" alt=\"Marathon Halbmarathon Lissabon\" srcset=\"https:\/\/blog.olimar.de\/wp-content\/uploads\/2017\/03\/Lissasbon-Halbmarathon-Br\u00fccke-Start-150x150.jpg 150w, https:\/\/blog.olimar.de\/wp-content\/uploads\/2017\/03\/Lissasbon-Halbmarathon-Br\u00fccke-Start-120x120.jpg 120w\" sizes=\"auto, (max-width: 150px) 100vw, 150px\" \/>\n\t\t\t<\/dt><\/dl><dl class='gallery-item'>\n\t\t\t<dt class='gallery-icon landscape'>\n\t\t\t\t<img loading=\"lazy\" decoding=\"async\" width=\"150\" height=\"150\" src=\"https:\/\/blog.olimar.de\/wp-content\/uploads\/2017\/03\/Lissabon-Halbmarathon-Zieleinlauf-150x150.jpg\" class=\"attachment-thumbnail size-thumbnail\" alt=\"Lissabon Halbmarathon Zieleinlauf\" srcset=\"https:\/\/blog.olimar.de\/wp-content\/uploads\/2017\/03\/Lissabon-Halbmarathon-Zieleinlauf-150x150.jpg 150w, https:\/\/blog.olimar.de\/wp-content\/uploads\/2017\/03\/Lissabon-Halbmarathon-Zieleinlauf-120x120.jpg 120w\" sizes=\"auto, (max-width: 150px) 100vw, 150px\" \/>\n\t\t\t<\/dt><\/dl><dl class='gallery-item'>\n\t\t\t<dt class='gallery-icon portrait'>\n\t\t\t\t<img loading=\"lazy\" decoding=\"async\" width=\"150\" height=\"150\" src=\"https:\/\/blog.olimar.de\/wp-content\/uploads\/2017\/03\/Lissabon-Halbmarathon-Ziel-150x150.jpg\" class=\"attachment-thumbnail size-thumbnail\" alt=\"Lissabon Halbmarathon Zieleinlauf\" srcset=\"https:\/\/blog.olimar.de\/wp-content\/uploads\/2017\/03\/Lissabon-Halbmarathon-Ziel-150x150.jpg 150w, https:\/\/blog.olimar.de\/wp-content\/uploads\/2017\/03\/Lissabon-Halbmarathon-Ziel-120x120.jpg 120w\" sizes=\"auto, (max-width: 150px) 100vw, 150px\" \/>\n\t\t\t<\/dt><\/dl><br style=\"clear: both\" \/><dl class='gallery-item'>\n\t\t\t<dt class='gallery-icon landscape'>\n\t\t\t\t<img loading=\"lazy\" decoding=\"async\" width=\"150\" height=\"150\" src=\"https:\/\/blog.olimar.de\/wp-content\/uploads\/2017\/03\/Lissabon-Halbmarathon-Medaille-150x150.jpg\" class=\"attachment-thumbnail size-thumbnail\" alt=\"Lissabon Halbmarathon Medaille\" srcset=\"https:\/\/blog.olimar.de\/wp-content\/uploads\/2017\/03\/Lissabon-Halbmarathon-Medaille-150x150.jpg 150w, https:\/\/blog.olimar.de\/wp-content\/uploads\/2017\/03\/Lissabon-Halbmarathon-Medaille-120x120.jpg 120w\" sizes=\"auto, (max-width: 150px) 100vw, 150px\" \/>\n\t\t\t<\/dt><\/dl>\n\t\t\t<br style='clear: both' \/>\n\t\t<\/div>\n\n","protected":false},"excerpt":{"rendered":"<p>In jeder gr\u00f6\u00dferen europ\u00e4ischen Stadt, die etwas auf sich h\u00e4lt, findet j\u00e4hrlich ein gro\u00dfes Lauf-Event statt. Klar, auch in Lissabon. Mit der Besonderheit, dass der Lissabon Halbmarathon, &#8220;Meia Maratona de Lisboa&#8221;, tats\u00e4chlich als einer der weltweit gr\u00f6\u00dften (rund 35.000 L\u00e4ufer) und bedeutendsten Halbmarathons gilt. OLIMAR Kollegin Birgit, seit einiger Zeit passionierte Freizeitl\u00e4uferin, hat sich ihren Traum erf\u00fcllt und gemeinsam mit Kolleginnen aus der OLIMAR Agentur vor Ort am diesj\u00e4hrigen Lissabon Halbmarathon teilgenommen. Ihr Ziel war (noch?) nicht die 21,0975 Kilometer lange Distanz, sondern die verk\u00fcrzte 7 Kilometer Runde entlang des Tejo-Ufers. Hier ihr erster kurzer Bericht &#8220;am Tag danach&#8221; aus Lissabon. &hellip;<\/p>\n","protected":false},"author":9,"featured_media":8191,"comment_status":"open","ping_status":"open","sticky":false,"template":"","format":"standard","meta":{"_crdt_document":"","_lmt_disableupdate":"","_lmt_disable":"","footnotes":""},"categories":[29],"tags":[25,34],"class_list":["post-8177","post","type-post","status-publish","format-standard","has-post-thumbnail","hentry","category-aktiv-natur","tag-lissabon","tag-portugal"],"yoast_head":"<!-- This site is optimized with the Yoast SEO plugin v26.9 - https:\/\/yoast.com\/product\/yoast-seo-wordpress\/ -->\n<title>Der Lissabon Halbmarathon - dabei sein ist alles!<\/title>\n<meta name=\"description\" content=\"Der Lissabon Halbmarathon ist einer der gr\u00f6\u00dften und wichtigsten seiner Art. OLIMAR Kollegin Birgit war erstmals dabei und berichtet dar\u00fcber.\" \/>\n<meta name=\"robots\" content=\"index, follow, max-snippet:-1, max-image-preview:large, max-video-preview:-1\" \/>\n<link rel=\"canonical\" href=\"https:\/\/blog.olimar.de\/lissabon-halbmarathon\/\" \/>\n<meta property=\"og:locale\" content=\"de_DE\" \/>\n<meta property=\"og:type\" content=\"article\" \/>\n<meta property=\"og:title\" content=\"Der Lissabon Halbmarathon - dabei sein ist alles!\" \/>\n<meta property=\"og:description\" content=\"Der Lissabon Halbmarathon ist einer der gr\u00f6\u00dften und wichtigsten seiner Art. OLIMAR Kollegin Birgit war erstmals dabei und berichtet dar\u00fcber.\" \/>\n<meta property=\"og:url\" content=\"https:\/\/blog.olimar.de\/lissabon-halbmarathon\/\" \/>\n<meta property=\"article:publisher\" content=\"https:\/\/www.facebook.com\/OlimarReisen\" \/>\n<meta property=\"article:published_time\" content=\"2017-03-20T17:46:47+00:00\" \/>\n<meta property=\"article:modified_time\" content=\"2021-04-06T16:57:27+00:00\" \/>\n<meta property=\"og:image\" content=\"https:\/\/i0.wp.com\/blog.olimar.de\/wp-content\/uploads\/2017\/03\/Lissabon-Halbmarathon-Br\u00fcckenlauf.jpg?fit=1600%2C1200&ssl=1\" \/>\n\t<meta property=\"og:image:width\" content=\"1600\" \/>\n\t<meta property=\"og:image:height\" content=\"1200\" \/>\n\t<meta property=\"og:image:type\" content=\"image\/jpeg\" \/>\n<meta name=\"author\" content=\"OLIMAR Redaktionsteam\" \/>\n<meta name=\"twitter:label1\" content=\"Verfasst von\" \/>\n\t<meta name=\"twitter:data1\" content=\"OLIMAR Redaktionsteam\" \/>\n\t<meta name=\"twitter:label2\" content=\"Gesch\u00e4tzte Lesezeit\" \/>\n\t<meta name=\"twitter:data2\" content=\"2\u00a0Minuten\" \/>\n<script type=\"application\/ld+json\" class=\"yoast-schema-graph\">{\"@context\":\"https:\/\/schema.org\",\"@graph\":[{\"@type\":\"WebPage\",\"@id\":\"https:\/\/blog.olimar.de\/lissabon-halbmarathon\/\",\"url\":\"https:\/\/blog.olimar.de\/lissabon-halbmarathon\/\",\"name\":\"Der Lissabon Halbmarathon - dabei sein ist alles!\",\"isPartOf\":{\"@id\":\"https:\/\/blog.olimar.de\/#website\"},\"primaryImageOfPage\":{\"@id\":\"https:\/\/blog.olimar.de\/lissabon-halbmarathon\/#primaryimage\"},\"image\":{\"@id\":\"https:\/\/blog.olimar.de\/lissabon-halbmarathon\/#primaryimage\"},\"thumbnailUrl\":\"https:\/\/blog.olimar.de\/wp-content\/uploads\/2017\/03\/Lissabon-Halbmarathon-Br\u00fcckenlauf.jpg\",\"datePublished\":\"2017-03-20T17:46:47+00:00\",\"dateModified\":\"2021-04-06T16:57:27+00:00\",\"description\":\"Der Lissabon Halbmarathon ist einer der gr\u00f6\u00dften und wichtigsten seiner Art. OLIMAR Kollegin Birgit war erstmals dabei und berichtet dar\u00fcber.\",\"breadcrumb\":{\"@id\":\"https:\/\/blog.olimar.de\/lissabon-halbmarathon\/#breadcrumb\"},\"inLanguage\":\"de\",\"potentialAction\":[{\"@type\":\"ReadAction\",\"target\":[\"https:\/\/blog.olimar.de\/lissabon-halbmarathon\/\"]}]},{\"@type\":\"ImageObject\",\"inLanguage\":\"de\",\"@id\":\"https:\/\/blog.olimar.de\/lissabon-halbmarathon\/#primaryimage\",\"url\":\"https:\/\/blog.olimar.de\/wp-content\/uploads\/2017\/03\/Lissabon-Halbmarathon-Br\u00fcckenlauf.jpg\",\"contentUrl\":\"https:\/\/blog.olimar.de\/wp-content\/uploads\/2017\/03\/Lissabon-Halbmarathon-Br\u00fcckenlauf.jpg\",\"width\":1600,\"height\":1200,\"caption\":\"Lissabon Halbmarathon Br\u00fcckenlauf\"},{\"@type\":\"BreadcrumbList\",\"@id\":\"https:\/\/blog.olimar.de\/lissabon-halbmarathon\/#breadcrumb\",\"itemListElement\":[{\"@type\":\"ListItem\",\"position\":1,\"name\":\"Home\",\"item\":\"https:\/\/blog.olimar.de\/\"},{\"@type\":\"ListItem\",\"position\":2,\"name\":\"Lissabon\",\"item\":\"https:\/\/blog.olimar.de\/tag\/lissabon\/\"},{\"@type\":\"ListItem\",\"position\":3,\"name\":\"Der Lissabon Halbmarathon &#8211; dabei sein ist alles!\"}]},{\"@type\":\"WebSite\",\"@id\":\"https:\/\/blog.olimar.de\/#website\",\"url\":\"https:\/\/blog.olimar.de\/\",\"name\":\"OLIMAR.com\",\"description\":\"\",\"publisher\":{\"@id\":\"https:\/\/blog.olimar.de\/#organization\"},\"potentialAction\":[{\"@type\":\"SearchAction\",\"target\":{\"@type\":\"EntryPoint\",\"urlTemplate\":\"https:\/\/blog.olimar.de\/?s={search_term_string}\"},\"query-input\":{\"@type\":\"PropertyValueSpecification\",\"valueRequired\":true,\"valueName\":\"search_term_string\"}}],\"inLanguage\":\"de\"},{\"@type\":\"Organization\",\"@id\":\"https:\/\/blog.olimar.de\/#organization\",\"name\":\"OLIMAR Reisen\",\"url\":\"https:\/\/blog.olimar.de\/\",\"logo\":{\"@type\":\"ImageObject\",\"inLanguage\":\"de\",\"@id\":\"https:\/\/blog.olimar.de\/#\/schema\/logo\/image\/\",\"url\":\"https:\/\/blog.olimar.de\/wp-content\/uploads\/2021\/01\/OLIMAR_Logo_COLOR.png\",\"contentUrl\":\"https:\/\/blog.olimar.de\/wp-content\/uploads\/2021\/01\/OLIMAR_Logo_COLOR.png\",\"width\":2000,\"height\":986,\"caption\":\"OLIMAR Reisen\"},\"image\":{\"@id\":\"https:\/\/blog.olimar.de\/#\/schema\/logo\/image\/\"},\"sameAs\":[\"https:\/\/www.facebook.com\/OlimarReisen\",\"https:\/\/x.com\/olimarrreisen\",\"https:\/\/www.instagram.com\/olimarreisen\",\"https:\/\/www.youtube.com\/user\/olimarreisen\"]}]}<\/script>\n<!-- \/ Yoast SEO plugin. -->","yoast_head_json":{"title":"Der Lissabon Halbmarathon - dabei sein ist alles!","description":"Der Lissabon Halbmarathon ist einer der gr\u00f6\u00dften und wichtigsten seiner Art. OLIMAR Kollegin Birgit war erstmals dabei und berichtet dar\u00fcber.","robots":{"index":"index","follow":"follow","max-snippet":"max-snippet:-1","max-image-preview":"max-image-preview:large","max-video-preview":"max-video-preview:-1"},"canonical":"https:\/\/blog.olimar.de\/lissabon-halbmarathon\/","og_locale":"de_DE","og_type":"article","og_title":"Der Lissabon Halbmarathon - dabei sein ist alles!","og_description":"Der Lissabon Halbmarathon ist einer der gr\u00f6\u00dften und wichtigsten seiner Art. OLIMAR Kollegin Birgit war erstmals dabei und berichtet dar\u00fcber.","og_url":"https:\/\/blog.olimar.de\/lissabon-halbmarathon\/","article_publisher":"https:\/\/www.facebook.com\/OlimarReisen","article_published_time":"2017-03-20T17:46:47+00:00","article_modified_time":"2021-04-06T16:57:27+00:00","og_image":[{"width":1600,"height":1200,"url":"https:\/\/i0.wp.com\/blog.olimar.de\/wp-content\/uploads\/2017\/03\/Lissabon-Halbmarathon-Br\u00fcckenlauf.jpg?fit=1600%2C1200&ssl=1","type":"image\/jpeg"}],"author":"OLIMAR Redaktionsteam","twitter_misc":{"Verfasst von":"OLIMAR Redaktionsteam","Gesch\u00e4tzte Lesezeit":"2\u00a0Minuten"},"schema":{"@context":"https:\/\/schema.org","@graph":[{"@type":"WebPage","@id":"https:\/\/blog.olimar.de\/lissabon-halbmarathon\/","url":"https:\/\/blog.olimar.de\/lissabon-halbmarathon\/","name":"Der Lissabon Halbmarathon - dabei sein ist alles!","isPartOf":{"@id":"https:\/\/blog.olimar.de\/#website"},"primaryImageOfPage":{"@id":"https:\/\/blog.olimar.de\/lissabon-halbmarathon\/#primaryimage"},"image":{"@id":"https:\/\/blog.olimar.de\/lissabon-halbmarathon\/#primaryimage"},"thumbnailUrl":"https:\/\/blog.olimar.de\/wp-content\/uploads\/2017\/03\/Lissabon-Halbmarathon-Br\u00fcckenlauf.jpg","datePublished":"2017-03-20T17:46:47+00:00","dateModified":"2021-04-06T16:57:27+00:00","description":"Der Lissabon Halbmarathon ist einer der gr\u00f6\u00dften und wichtigsten seiner Art. OLIMAR Kollegin Birgit war erstmals dabei und berichtet dar\u00fcber.","breadcrumb":{"@id":"https:\/\/blog.olimar.de\/lissabon-halbmarathon\/#breadcrumb"},"inLanguage":"de","potentialAction":[{"@type":"ReadAction","target":["https:\/\/blog.olimar.de\/lissabon-halbmarathon\/"]}]},{"@type":"ImageObject","inLanguage":"de","@id":"https:\/\/blog.olimar.de\/lissabon-halbmarathon\/#primaryimage","url":"https:\/\/blog.olimar.de\/wp-content\/uploads\/2017\/03\/Lissabon-Halbmarathon-Br\u00fcckenlauf.jpg","contentUrl":"https:\/\/blog.olimar.de\/wp-content\/uploads\/2017\/03\/Lissabon-Halbmarathon-Br\u00fcckenlauf.jpg","width":1600,"height":1200,"caption":"Lissabon Halbmarathon Br\u00fcckenlauf"},{"@type":"BreadcrumbList","@id":"https:\/\/blog.olimar.de\/lissabon-halbmarathon\/#breadcrumb","itemListElement":[{"@type":"ListItem","position":1,"name":"Home","item":"https:\/\/blog.olimar.de\/"},{"@type":"ListItem","position":2,"name":"Lissabon","item":"https:\/\/blog.olimar.de\/tag\/lissabon\/"},{"@type":"ListItem","position":3,"name":"Der Lissabon Halbmarathon &#8211; dabei sein ist alles!"}]},{"@type":"WebSite","@id":"https:\/\/blog.olimar.de\/#website","url":"https:\/\/blog.olimar.de\/","name":"OLIMAR.com","description":"","publisher":{"@id":"https:\/\/blog.olimar.de\/#organization"},"potentialAction":[{"@type":"SearchAction","target":{"@type":"EntryPoint","urlTemplate":"https:\/\/blog.olimar.de\/?s={search_term_string}"},"query-input":{"@type":"PropertyValueSpecification","valueRequired":true,"valueName":"search_term_string"}}],"inLanguage":"de"},{"@type":"Organization","@id":"https:\/\/blog.olimar.de\/#organization","name":"OLIMAR Reisen","url":"https:\/\/blog.olimar.de\/","logo":{"@type":"ImageObject","inLanguage":"de","@id":"https:\/\/blog.olimar.de\/#\/schema\/logo\/image\/","url":"https:\/\/blog.olimar.de\/wp-content\/uploads\/2021\/01\/OLIMAR_Logo_COLOR.png","contentUrl":"https:\/\/blog.olimar.de\/wp-content\/uploads\/2021\/01\/OLIMAR_Logo_COLOR.png","width":2000,"height":986,"caption":"OLIMAR Reisen"},"image":{"@id":"https:\/\/blog.olimar.de\/#\/schema\/logo\/image\/"},"sameAs":["https:\/\/www.facebook.com\/OlimarReisen","https:\/\/x.com\/olimarrreisen","https:\/\/www.instagram.com\/olimarreisen","https:\/\/www.youtube.com\/user\/olimarreisen"]}]}},"modified_by":"Sabine Wonner","jetpack_featured_media_url":"https:\/\/blog.olimar.de\/wp-content\/uploads\/2017\/03\/Lissabon-Halbmarathon-Br\u00fcckenlauf.jpg","_links":{"self":[{"href":"https:\/\/blog.olimar.de\/wp-json\/wp\/v2\/posts\/8177","targetHints":{"allow":["GET"]}}],"collection":[{"href":"https:\/\/blog.olimar.de\/wp-json\/wp\/v2\/posts"}],"about":[{"href":"https:\/\/blog.olimar.de\/wp-json\/wp\/v2\/types\/post"}],"author":[{"embeddable":true,"href":"https:\/\/blog.olimar.de\/wp-json\/wp\/v2\/users\/9"}],"replies":[{"embeddable":true,"href":"https:\/\/blog.olimar.de\/wp-json\/wp\/v2\/comments?post=8177"}],"version-history":[{"count":20,"href":"https:\/\/blog.olimar.de\/wp-json\/wp\/v2\/posts\/8177\/revisions"}],"predecessor-version":[{"id":16350,"href":"https:\/\/blog.olimar.de\/wp-json\/wp\/v2\/posts\/8177\/revisions\/16350"}],"wp:featuredmedia":[{"embeddable":true,"href":"https:\/\/blog.olimar.de\/wp-json\/wp\/v2\/media\/8191"}],"wp:attachment":[{"href":"https:\/\/blog.olimar.de\/wp-json\/wp\/v2\/media?parent=8177"}],"wp:term":[{"taxonomy":"category","embeddable":true,"href":"https:\/\/blog.olimar.de\/wp-json\/wp\/v2\/categories?post=8177"},{"taxonomy":"post_tag","embeddable":true,"href":"https:\/\/blog.olimar.de\/wp-json\/wp\/v2\/tags?post=8177"}],"curies":[{"name":"wp","href":"https:\/\/api.w.org\/{rel}","templated":true}]}}