{"id":8237,"date":"2017-04-03T11:52:27","date_gmt":"2017-04-03T09:52:27","guid":{"rendered":"https:\/\/blog.olimar.de\/?p=8237"},"modified":"2021-04-06T17:50:52","modified_gmt":"2021-04-06T16:50:52","slug":"aktivurlaub-bei-olimar","status":"publish","type":"post","link":"https:\/\/blog.olimar.de\/aktivurlaub-bei-olimar\/","title":{"rendered":"Aktivurlaub bei OLIMAR &#8211; pers\u00f6nliche Tipps der Kollegen"},"content":{"rendered":"<p class=\"intro\" style=\"text-align: justify;\">Lassen Sie sich von diesen sportlichen Erlebnissen in der Natur inspirieren! Hier berichten OLIMAR Kollegen von ihren sch\u00f6nsten Touren in Portugal, auf Teneriffa sowie an den Oberitalienischen Seen und in Kroatien.<\/p>\n<h3><strong>Surfen an der Praia da Areia Branca<\/strong><\/h3>\n<p style=\"text-align: justify;\"><strong><img loading=\"lazy\" decoding=\"async\" class=\"size-thumbnail wp-image-3115 alignleft\" src=\"https:\/\/blog.olimar.de\/wp-content\/uploads\/2015\/10\/Tobi_H-150x150.jpg\" alt=\"Tobi H. Surfer mit Board\" width=\"150\" height=\"150\" srcset=\"https:\/\/blog.olimar.de\/wp-content\/uploads\/2015\/10\/Tobi_H-150x150.jpg 150w, https:\/\/blog.olimar.de\/wp-content\/uploads\/2015\/10\/Tobi_H-120x120.jpg 120w\" sizes=\"auto, (max-width: 150px) 100vw, 150px\" \/> Tobias Hild (Grafik bei OLIMAR):<\/strong> <em>&#8220;Nur 15 Kilometer s\u00fcdlich von der Surferhochburg Peniche entfernt, konnten wir dank der hiesigen Surfschule \u201eRIPAR\u201c schnell die ersten Erfolge auf dem Brett erzielen. Die Kurse sind f\u00fcr Surfanf\u00e4nger als auch f\u00fcr Surfprofi s bestens geeignet, da jeder nach seinem K\u00f6nnen in Gruppen mit maximal acht Surfsch\u00fclern eingeteilt wird. Die besten Monate, um einen Surfkurs an der K\u00fcste des etwa 20 Grad warmen Atlantiks zu belegen, sind zwischen April und Oktober. Das Surfen und Bodyboarden ist bei Ebbe am einfachsten, weshalb wir uns auch schon mal ganz fr\u00fch morgens am menschenleeren Strand in die Wellen wagten. <\/em><\/p>\n<p style=\"text-align: justify;\"><em><a href=\"https:\/\/blog.olimar.de\/surfen-an-portugals-westkueste\/\">Hier<\/a> geht&#8217;s zu meinem ausf\u00fchrlichen Sonnenseiten Artikel \u00fcber meinen Surfurlaub an der Praia da Areia Branca.&#8221;<\/em><\/p>\n<div id='gallery-1' class='gallery galleryid-8237 gallery-columns-3 gallery-size-thumbnail'><dl class='gallery-item'>\n\t\t\t<dt class='gallery-icon landscape'>\n\t\t\t\t<img loading=\"lazy\" decoding=\"async\" width=\"150\" height=\"150\" src=\"https:\/\/blog.olimar.de\/wp-content\/uploads\/2015\/10\/Surfen_Portugal_8-150x150.jpg\" class=\"attachment-thumbnail size-thumbnail\" alt=\"Surfkurs Trocken\u00fcbungen am Strand Portugal\" srcset=\"https:\/\/blog.olimar.de\/wp-content\/uploads\/2015\/10\/Surfen_Portugal_8-150x150.jpg 150w, https:\/\/blog.olimar.de\/wp-content\/uploads\/2015\/10\/Surfen_Portugal_8-120x120.jpg 120w\" sizes=\"auto, (max-width: 150px) 100vw, 150px\" \/>\n\t\t\t<\/dt><\/dl><dl class='gallery-item'>\n\t\t\t<dt class='gallery-icon landscape'>\n\t\t\t\t<img loading=\"lazy\" decoding=\"async\" width=\"150\" height=\"150\" src=\"https:\/\/blog.olimar.de\/wp-content\/uploads\/2015\/10\/Surfschule_Ripar-150x150.jpg\" class=\"attachment-thumbnail size-thumbnail\" alt=\"Surfschule Ripar Portugal\" srcset=\"https:\/\/blog.olimar.de\/wp-content\/uploads\/2015\/10\/Surfschule_Ripar-150x150.jpg 150w, https:\/\/blog.olimar.de\/wp-content\/uploads\/2015\/10\/Surfschule_Ripar-120x120.jpg 120w\" sizes=\"auto, (max-width: 150px) 100vw, 150px\" \/>\n\t\t\t<\/dt><\/dl><dl class='gallery-item'>\n\t\t\t<dt class='gallery-icon landscape'>\n\t\t\t\t<img loading=\"lazy\" decoding=\"async\" width=\"150\" height=\"150\" src=\"https:\/\/blog.olimar.de\/wp-content\/uploads\/2015\/10\/Surfen_Portugal_1-150x150.jpg\" class=\"attachment-thumbnail size-thumbnail\" alt=\"Surfer Strand und Wellen an Portugals Westk\u00fcste\" srcset=\"https:\/\/blog.olimar.de\/wp-content\/uploads\/2015\/10\/Surfen_Portugal_1-150x150.jpg 150w, https:\/\/blog.olimar.de\/wp-content\/uploads\/2015\/10\/Surfen_Portugal_1-120x120.jpg 120w\" sizes=\"auto, (max-width: 150px) 100vw, 150px\" \/>\n\t\t\t<\/dt><\/dl><br style=\"clear: both\" \/>\n\t\t<\/div>\n\n<h3><\/h3>\n<hr>\n<h3><strong>Ruhe, Wandern und Baden auf der Insel Lopud<\/strong><\/h3>\n<p style=\"text-align: justify;\"><strong><img loading=\"lazy\" decoding=\"async\" class=\"alignright wp-image-8250 size-thumbnail\" src=\"https:\/\/blog.olimar.de\/wp-content\/uploads\/2017\/04\/Sylvia-Fr\u00f6hling-150x150.jpg\" alt=\"Sylvia F. auf Wandertour\" width=\"150\" height=\"150\" srcset=\"https:\/\/blog.olimar.de\/wp-content\/uploads\/2017\/04\/Sylvia-Fr\u00f6hling-150x150.jpg 150w, https:\/\/blog.olimar.de\/wp-content\/uploads\/2017\/04\/Sylvia-Fr\u00f6hling-120x120.jpg 120w\" sizes=\"auto, (max-width: 150px) 100vw, 150px\" \/>Sylvia Fr\u00f6hling (Gruppen-\/Sonderreisen bei OLIMAR):<\/strong> <em>&#8220;Nach dem Besuch der lebendigen Stadt Dubrovnik fahren wir morgens mit der regul\u00e4ren Inself\u00e4hre nach Lopud \u2013 ein nur f\u00fcnf Quadratmeter gro\u00dfes Eiland der Elafiti. Schon die F\u00e4hr\u00fcberfahrt war ein Genuss: Um uns herum einheimische, entspannte G\u00e4ste mit Blick auf die gro\u00dfen Kreuzfahrtschiffe und die gigantische H\u00e4ngebr\u00fccke n\u00f6rdlich von Dubrovnik. Angekommen auf der Insel begegnen wir einem vertr\u00e4umten, ruhigen Nest, in dem die gute alte Zeit stehen geblieben zu sein scheint. Fast autofrei, daf\u00fcr ein idyllischer Fischerort, von dem man durch bl\u00fchende Wandelr\u00f6schen und Bougainvillea zum ersten Highlight empor steigt \u2013 <\/em><em>einer Kapellenruine mit toller Aussicht auf die Bucht und das Festland. Wer mag, kann auch bis zur Festungsruine weiterwandern. Zur Mittagspause empfiehlt es sich, hinunter zur wundersch\u00f6n gelegenen Sunj-Bucht mit richtigem Sandstrand und Snackbar zu laufen. Ich nutze die Gelegenheit und nehme ein erfrischendes Bad. Das letzte St\u00fcck unserer Wanderung f\u00fchrt uns entlang der beeindruckenden Steilk\u00fcste der Grohoti Halbinsel, bis man wieder den Blick auf den Hauptort erheischt. Noch ein letzter Aussichtspunkt von einem Pavillon und dann geht es \u00fcber die Hafenpromenade zur\u00fcck zum F\u00e4hranleger. Ein wunderbar entspannter Ausflug <\/em><em>abseits des Touristenrummels!&#8221;<\/em><\/p>\n<div id='gallery-2' class='gallery galleryid-8237 gallery-columns-3 gallery-size-thumbnail'><dl class='gallery-item'>\n\t\t\t<dt class='gallery-icon landscape'>\n\t\t\t\t<img loading=\"lazy\" decoding=\"async\" width=\"150\" height=\"150\" src=\"https:\/\/blog.olimar.de\/wp-content\/uploads\/2017\/04\/SFR-Wanderung-Kroatien-150x150.jpg\" class=\"attachment-thumbnail size-thumbnail\" alt=\"Mann auf Bank blickt auf kroatische K\u00fcste und vorgelagerte Inseln\" srcset=\"https:\/\/blog.olimar.de\/wp-content\/uploads\/2017\/04\/SFR-Wanderung-Kroatien-150x150.jpg 150w, https:\/\/blog.olimar.de\/wp-content\/uploads\/2017\/04\/SFR-Wanderung-Kroatien-120x120.jpg 120w\" sizes=\"auto, (max-width: 150px) 100vw, 150px\" \/>\n\t\t\t<\/dt><\/dl><dl class='gallery-item'>\n\t\t\t<dt class='gallery-icon landscape'>\n\t\t\t\t<img loading=\"lazy\" decoding=\"async\" width=\"150\" height=\"150\" src=\"https:\/\/blog.olimar.de\/wp-content\/uploads\/2017\/04\/Wanderung-Kroatien-150x150.jpg\" class=\"attachment-thumbnail size-thumbnail\" alt=\"Aussichtspunkt K\u00fcste Kroatien Wanderung\" srcset=\"https:\/\/blog.olimar.de\/wp-content\/uploads\/2017\/04\/Wanderung-Kroatien-150x150.jpg 150w, https:\/\/blog.olimar.de\/wp-content\/uploads\/2017\/04\/Wanderung-Kroatien-120x120.jpg 120w\" sizes=\"auto, (max-width: 150px) 100vw, 150px\" \/>\n\t\t\t<\/dt><\/dl><dl class='gallery-item'>\n\t\t\t<dt class='gallery-icon landscape'>\n\t\t\t\t<img loading=\"lazy\" decoding=\"async\" width=\"150\" height=\"150\" src=\"https:\/\/blog.olimar.de\/wp-content\/uploads\/2017\/04\/Wanderung-Kroatien-SFR-150x150.jpg\" class=\"attachment-thumbnail size-thumbnail\" alt=\"Ausblick auf K\u00fcste Wanderung Kroatien\" srcset=\"https:\/\/blog.olimar.de\/wp-content\/uploads\/2017\/04\/Wanderung-Kroatien-SFR-150x150.jpg 150w, https:\/\/blog.olimar.de\/wp-content\/uploads\/2017\/04\/Wanderung-Kroatien-SFR-120x120.jpg 120w\" sizes=\"auto, (max-width: 150px) 100vw, 150px\" \/>\n\t\t\t<\/dt><\/dl><br style=\"clear: both\" \/>\n\t\t<\/div>\n\n<hr>\n<h3><strong>Canyoning auf Madeira<\/strong><\/h3>\n<p style=\"text-align: justify;\"><strong><img loading=\"lazy\" decoding=\"async\" class=\"alignleft wp-image-8258 size-thumbnail\" src=\"https:\/\/blog.olimar.de\/wp-content\/uploads\/2017\/04\/Dana-Canyoning-150x150.jpg\" alt=\"Dana H. Canyoning\" width=\"150\" height=\"150\" srcset=\"https:\/\/blog.olimar.de\/wp-content\/uploads\/2017\/04\/Dana-Canyoning-150x150.jpg 150w, https:\/\/blog.olimar.de\/wp-content\/uploads\/2017\/04\/Dana-Canyoning-120x120.jpg 120w\" sizes=\"auto, (max-width: 150px) 100vw, 150px\" \/>Dana Heuring (Yield-Management bei OLIMAR):<\/strong> <em>&#8220;Canyoning \u2013 diese aufregende Mischung aus Klettern, Springen und Schwimmen in einer Schlucht, eingerahmt von steilen Felsen und gr\u00fcnen B\u00fcschen. Eine Aktivsportart, die ich schon seit Jahren ausprobieren wollte. Auf unserer gerade mal 500 Meter langen Tour sprangen wir viermal in die Tiefe, die h\u00f6chste Absprungstelle lag bei zehn Metern und bei den sieben Abseilstellen in die Schlucht ging es bis zu 14 Meter am St\u00fcck hinab. Mein absolutes Highlight war unsere letzte Abseilstelle, bei der der Ribeiro Frio auf einen Wasserfall trifft und man sich erst neun Meter abseilt um dann die letzten drei Meter in die Tiefe springt. Eine grandiose Aussicht und ein wundervolles Erlebnis, \u00fcber das ich <a href=\"https:\/\/blog.olimar.de\/canyoning-auf-madeira\/\">hier<\/a> in den Sonnenseiten ausf\u00fchrlich berichtet habe.&#8221;<\/em><\/p>\n<div id='gallery-3' class='gallery galleryid-8237 gallery-columns-3 gallery-size-thumbnail'><dl class='gallery-item'>\n\t\t\t<dt class='gallery-icon landscape'>\n\t\t\t\t<img loading=\"lazy\" decoding=\"async\" width=\"150\" height=\"150\" src=\"https:\/\/blog.olimar.de\/wp-content\/uploads\/2017\/02\/Canyoning-auf-Madeira-Eintauchen-ins-Wasser-150x150.jpg\" class=\"attachment-thumbnail size-thumbnail\" alt=\"Canyoning auf Madeira Eintauchen ins Wasser\" srcset=\"https:\/\/blog.olimar.de\/wp-content\/uploads\/2017\/02\/Canyoning-auf-Madeira-Eintauchen-ins-Wasser-150x150.jpg 150w, https:\/\/blog.olimar.de\/wp-content\/uploads\/2017\/02\/Canyoning-auf-Madeira-Eintauchen-ins-Wasser-120x120.jpg 120w\" sizes=\"auto, (max-width: 150px) 100vw, 150px\" \/>\n\t\t\t<\/dt><\/dl><dl class='gallery-item'>\n\t\t\t<dt class='gallery-icon landscape'>\n\t\t\t\t<img loading=\"lazy\" decoding=\"async\" width=\"150\" height=\"150\" src=\"https:\/\/blog.olimar.de\/wp-content\/uploads\/2017\/02\/Canyoning-auf-Madeira-Einstieg-in-die-Schlucht-150x150.jpg\" class=\"attachment-thumbnail size-thumbnail\" alt=\"Canyoning auf Madeira Einstieg in die Schlucht\" srcset=\"https:\/\/blog.olimar.de\/wp-content\/uploads\/2017\/02\/Canyoning-auf-Madeira-Einstieg-in-die-Schlucht-150x150.jpg 150w, https:\/\/blog.olimar.de\/wp-content\/uploads\/2017\/02\/Canyoning-auf-Madeira-Einstieg-in-die-Schlucht-120x120.jpg 120w\" sizes=\"auto, (max-width: 150px) 100vw, 150px\" \/>\n\t\t\t<\/dt><\/dl><dl class='gallery-item'>\n\t\t\t<dt class='gallery-icon landscape'>\n\t\t\t\t<img loading=\"lazy\" decoding=\"async\" width=\"150\" height=\"150\" src=\"https:\/\/blog.olimar.de\/wp-content\/uploads\/2017\/02\/Canyoning-auf-Madeira-Riberio-Frio_Abseilen-I-150x150.jpg\" class=\"attachment-thumbnail size-thumbnail\" alt=\"Abseilen Wasserfall Frau auf Madeira\" srcset=\"https:\/\/blog.olimar.de\/wp-content\/uploads\/2017\/02\/Canyoning-auf-Madeira-Riberio-Frio_Abseilen-I-150x150.jpg 150w, https:\/\/blog.olimar.de\/wp-content\/uploads\/2017\/02\/Canyoning-auf-Madeira-Riberio-Frio_Abseilen-I-120x120.jpg 120w\" sizes=\"auto, (max-width: 150px) 100vw, 150px\" \/>\n\t\t\t<\/dt><\/dl><br style=\"clear: both\" \/>\n\t\t<\/div>\n\n<hr>\n<h3><strong>Wandern auf der Rota Vicentina<\/strong><\/h3>\n<p><img loading=\"lazy\" decoding=\"async\" class=\"alignright wp-image-404 size-thumbnail\" src=\"https:\/\/blog.olimar.de\/wp-content\/uploads\/2014\/10\/Katharina_P-150x150.jpg\" alt=\"OLIMAR Reisen Sonnenseiten Autorin Katharina P.\" width=\"150\" height=\"150\" srcset=\"https:\/\/blog.olimar.de\/wp-content\/uploads\/2014\/10\/Katharina_P-150x150.jpg 150w, https:\/\/blog.olimar.de\/wp-content\/uploads\/2014\/10\/Katharina_P-120x120.jpg 120w\" sizes=\"auto, (max-width: 150px) 100vw, 150px\" \/><\/p>\n<p style=\"text-align: justify;\"><strong>Katharina Piechowski (Online-Marketing\/E-Commerce bei OLIMAR):<\/strong> <em>&#8220;Die erste \u201erichtige\u201c Wanderreise meines Lebens f\u00fchrte mich letzten Herbst an die S\u00fcdwestk\u00fcste Portugals. Dort verl\u00e4uft der Fernwanderweg \u201cRota Vicentina\u201c auf wundersch\u00f6nen K\u00fcstenpfaden mit spektakul\u00e4ren Ausblicken immer am Atlantik entlang. Auf den 12 bis 25 Kilometer langen Tagesetappen hatte ich nur leichtes Tagesgep\u00e4ck dabei \u2013 denn mein Koffer wurde bequemerweise jeweils in die n\u00e4chste Unterkunft gebracht. Bei der einw\u00f6chigen individuellen <\/em><em>Aktivreise \u201ePanoramawandern entlang der Rota Vicentina\u201c ist dieser Service im Paketpreis inkludiert. <\/em><\/p>\n<p style=\"text-align: justify;\"><em><a href=\"https:\/\/blog.olimar.de\/rota-vicentina\/\">Hier<\/a> geht&#8217;s zu meinem ausf\u00fchrlichen Bericht \u00fcber die einzelnen Etappen der Tour \u00fcber die Rota Vicentina.&#8221;<\/em><\/p>\n<div id='gallery-4' class='gallery galleryid-8237 gallery-columns-3 gallery-size-thumbnail'><dl class='gallery-item'>\n\t\t\t<dt class='gallery-icon landscape'>\n\t\t\t\t<img loading=\"lazy\" decoding=\"async\" width=\"150\" height=\"150\" src=\"https:\/\/blog.olimar.de\/wp-content\/uploads\/2016\/10\/Beim-Praia-dos-Machados-1-150x150.jpg\" class=\"attachment-thumbnail size-thumbnail\" alt=\"Rota Vicentina K\u00fcste Praia dos Machados\" srcset=\"https:\/\/blog.olimar.de\/wp-content\/uploads\/2016\/10\/Beim-Praia-dos-Machados-1-150x150.jpg 150w, https:\/\/blog.olimar.de\/wp-content\/uploads\/2016\/10\/Beim-Praia-dos-Machados-1-120x120.jpg 120w\" sizes=\"auto, (max-width: 150px) 100vw, 150px\" \/>\n\t\t\t<\/dt><\/dl><dl class='gallery-item'>\n\t\t\t<dt class='gallery-icon landscape'>\n\t\t\t\t<img loading=\"lazy\" decoding=\"async\" width=\"150\" height=\"150\" src=\"https:\/\/blog.olimar.de\/wp-content\/uploads\/2016\/10\/IMG_1096-150x150.jpg\" class=\"attachment-thumbnail size-thumbnail\" alt=\"Ausblick Wanderweg Meer Rota Vincentina\" aria-describedby=\"gallery-4-7479\" srcset=\"https:\/\/blog.olimar.de\/wp-content\/uploads\/2016\/10\/IMG_1096-150x150.jpg 150w, https:\/\/blog.olimar.de\/wp-content\/uploads\/2016\/10\/IMG_1096-120x120.jpg 120w\" sizes=\"auto, (max-width: 150px) 100vw, 150px\" \/>\n\t\t\t<\/dt>\n\t\t\t\t<dd class='wp-caption-text gallery-caption' id='gallery-4-7479'>\n\t\t\t\tK\u00fcste\n\t\t\t\t<\/dd><\/dl><dl class='gallery-item'>\n\t\t\t<dt class='gallery-icon landscape'>\n\t\t\t\t<img loading=\"lazy\" decoding=\"async\" width=\"150\" height=\"150\" src=\"https:\/\/blog.olimar.de\/wp-content\/uploads\/2016\/10\/Wegweiser-Rota-Vicentina-Fischerpfad-150x150.jpg\" class=\"attachment-thumbnail size-thumbnail\" alt=\"Wegweiser Rota Vicentina Fischerpfad\" aria-describedby=\"gallery-4-7497\" srcset=\"https:\/\/blog.olimar.de\/wp-content\/uploads\/2016\/10\/Wegweiser-Rota-Vicentina-Fischerpfad-150x150.jpg 150w, https:\/\/blog.olimar.de\/wp-content\/uploads\/2016\/10\/Wegweiser-Rota-Vicentina-Fischerpfad-120x120.jpg 120w\" sizes=\"auto, (max-width: 150px) 100vw, 150px\" \/>\n\t\t\t<\/dt>\n\t\t\t\t<dd class='wp-caption-text gallery-caption' id='gallery-4-7497'>\n\t\t\t\tWegweiser auf Gestein \n\t\t\t\t<\/dd><\/dl><br style=\"clear: both\" \/>\n\t\t<\/div>\n\n<hr>\n<h3><strong>Wandern rund um Teneriffas Teide<\/strong><\/h3>\n<p style=\"text-align: justify;\"><strong><img loading=\"lazy\" decoding=\"async\" class=\"alignleft wp-image-8261 size-thumbnail\" src=\"https:\/\/blog.olimar.de\/wp-content\/uploads\/2017\/04\/Teide-Hildebrand-150x150.jpg\" alt=\"Roswitha H. vor dem Teide\" width=\"150\" height=\"150\" srcset=\"https:\/\/blog.olimar.de\/wp-content\/uploads\/2017\/04\/Teide-Hildebrand-150x150.jpg 150w, https:\/\/blog.olimar.de\/wp-content\/uploads\/2017\/04\/Teide-Hildebrand-120x120.jpg 120w\" sizes=\"auto, (max-width: 150px) 100vw, 150px\" \/>Roswitha Hildebrand (Verkaufsteam bei OLIMAR):<\/strong> <em>&#8220;Auf 1.580 bis 1.700 Meter H\u00f6he l\u00e4sst sich ab dem Parador Las Ca\u00f1adas del Teide der Nationalpark rund um den Teide, den h\u00f6chsten Gipfel Spaniens (3.718 m) erkunden. Ein weitl\u00e4ufiges Netz aus Wander wegen, die miteinander kombiniert werden k\u00f6nnen, eignet sich f\u00fcr gelegentliche Wanderer sowie ge\u00fcbte Toureng\u00e4nger. Mein Tipp ist die Tour Nr. 19: In leichten Steigungen f\u00fchrt der Weg durch die Lavastr\u00f6me mit ihren Ginsterhainen und bl\u00fchenden Disteln, durch st\u00e4ndig wechselnde Felsformationen und \u00fcber sandigen Grund wie auch mal \u00fcber felsiges Gel\u00e4nde. Jederzeit aber gut mit kn\u00f6chelhohen Wanderschuhen zu bew\u00e4ltigen. Bei gutem Wetter lohnt der Weg hinauf zur Talstation der Seilbahn, wo sich weitere Rundwege kreuzen.&#8221;<\/em><\/p>\n<div id='gallery-5' class='gallery galleryid-8237 gallery-columns-3 gallery-size-thumbnail'><dl class='gallery-item'>\n\t\t\t<dt class='gallery-icon landscape'>\n\t\t\t\t<img loading=\"lazy\" decoding=\"async\" width=\"150\" height=\"150\" src=\"https:\/\/blog.olimar.de\/wp-content\/uploads\/2017\/04\/Teide-Wanderung-150x150.jpg\" class=\"attachment-thumbnail size-thumbnail\" alt=\"Ger\u00f6lllandschaft am Teide Teneriffa\" srcset=\"https:\/\/blog.olimar.de\/wp-content\/uploads\/2017\/04\/Teide-Wanderung-150x150.jpg 150w, https:\/\/blog.olimar.de\/wp-content\/uploads\/2017\/04\/Teide-Wanderung-120x120.jpg 120w\" sizes=\"auto, (max-width: 150px) 100vw, 150px\" \/>\n\t\t\t<\/dt><\/dl><dl class='gallery-item'>\n\t\t\t<dt class='gallery-icon landscape'>\n\t\t\t\t<img loading=\"lazy\" decoding=\"async\" width=\"150\" height=\"150\" src=\"https:\/\/blog.olimar.de\/wp-content\/uploads\/2017\/04\/Wanderung-Teide-150x150.jpg\" class=\"attachment-thumbnail size-thumbnail\" alt=\"Landschaft Wanderung am Teide Teneriffa\" srcset=\"https:\/\/blog.olimar.de\/wp-content\/uploads\/2017\/04\/Wanderung-Teide-150x150.jpg 150w, https:\/\/blog.olimar.de\/wp-content\/uploads\/2017\/04\/Wanderung-Teide-120x120.jpg 120w\" sizes=\"auto, (max-width: 150px) 100vw, 150px\" \/>\n\t\t\t<\/dt><\/dl>\n\t\t\t<br style='clear: both' \/>\n\t\t<\/div>\n\n<hr>\n<h3><strong>Naturausfl\u00fcge am Lago Maggiore<\/strong><\/h3>\n<p style=\"text-align: justify;\"><strong><img loading=\"lazy\" decoding=\"async\" class=\"alignright wp-image-8264 size-thumbnail\" src=\"https:\/\/blog.olimar.de\/wp-content\/uploads\/2017\/04\/Horst-150x150.png\" alt=\"Horst B. von OLIMAR Reisen\" width=\"150\" height=\"150\" srcset=\"https:\/\/blog.olimar.de\/wp-content\/uploads\/2017\/04\/Horst-150x150.png 150w, https:\/\/blog.olimar.de\/wp-content\/uploads\/2017\/04\/Horst-120x120.png 120w\" sizes=\"auto, (max-width: 150px) 100vw, 150px\" \/>Horst Brettschneider (IT-Systemadministration bei OLIMAR):<\/strong> <em>&#8220;Ausgangspunkt f\u00fcr einen wundersch\u00f6nen Urlaub am Lago Maggiore war das Hotel Ghiffa, ein Jugendstil-Hotel mit einer traumhaften Lage direkt am See. Direkt gegen\u00fcber auf der anderen Stra\u00dfenseite f\u00fchrt ein steiler, dennoch leicht zu gehender Wanderweg hinauf zur Wallfahrtsst\u00e4tte Sacro Monte di Ghiffa, wo man auch einkehren kann und den Panorama-Blick auf den See genie\u00dft. Ein weiterer Tipp ist ein Tagesausfl ug in das Tessiner Verzascatal (Valle Verzasca). Auf einem Spaziergang kann man das wilde Tal mit steilen H\u00e4ngen, unz\u00e4hligen Wasserf\u00e4llen und gro\u00dfen Steinformationen bewundern. Die Verzascah\u00e4user (Rustici) aus grauem Stein mit wei\u00dfen Rahmen an den Fenstern und schweren Steind\u00e4chern sind typisch f\u00fcr das Tal.&#8221;<\/em><\/p>\n<p>&nbsp;<\/p>\n<p>&nbsp;<\/p>\n","protected":false},"excerpt":{"rendered":"<p>Lassen Sie sich von diesen sportlichen Erlebnissen in der Natur inspirieren! Hier berichten OLIMAR Kollegen von ihren sch\u00f6nsten Touren in Portugal, auf Teneriffa sowie an den Oberitalienischen Seen und in Kroatien. Surfen an der Praia da Areia Branca Tobias Hild (Grafik bei OLIMAR): &#8220;Nur 15 Kilometer s\u00fcdlich von der Surferhochburg Peniche entfernt, konnten wir dank der hiesigen Surfschule \u201eRIPAR\u201c schnell die ersten Erfolge auf dem Brett erzielen. Die Kurse sind f\u00fcr Surfanf\u00e4nger als auch f\u00fcr Surfprofi s bestens geeignet, da jeder nach seinem K\u00f6nnen in Gruppen mit maximal acht Surfsch\u00fclern eingeteilt wird. Die besten Monate, um einen Surfkurs an der K\u00fcste &hellip;<\/p>\n","protected":false},"author":9,"featured_media":8255,"comment_status":"open","ping_status":"open","sticky":false,"template":"","format":"standard","meta":{"_crdt_document":"","_lmt_disableupdate":"","_lmt_disable":"","footnotes":""},"categories":[29,19,46],"tags":[],"class_list":["post-8237","post","type-post","status-publish","format-standard","has-post-thumbnail","hentry","category-aktiv-natur","category-on-tour","category-sonnenseiten-printausgabe"],"yoast_head":"<!-- This site is optimized with the Yoast SEO plugin v26.9 - https:\/\/yoast.com\/product\/yoast-seo-wordpress\/ -->\n<title>Aktivurlaub bei OLIMAR - pers\u00f6nliche Tipps der Kollegen<\/title>\n<meta name=\"description\" content=\"Einige OLIMAR Kollegen verraten hier ihre pers\u00f6nlichen Tipps f\u00fcr den n\u00e4chsten Aktivurlaub mit OLIMAR! Von Surfen \u00fcber Wandern bis Canyoning.\" \/>\n<meta name=\"robots\" content=\"index, follow, max-snippet:-1, max-image-preview:large, max-video-preview:-1\" \/>\n<link rel=\"canonical\" href=\"https:\/\/blog.olimar.de\/aktivurlaub-bei-olimar\/\" \/>\n<meta property=\"og:locale\" content=\"de_DE\" \/>\n<meta property=\"og:type\" content=\"article\" \/>\n<meta property=\"og:title\" content=\"Aktivurlaub bei OLIMAR - pers\u00f6nliche Tipps der Kollegen\" \/>\n<meta property=\"og:description\" content=\"Einige OLIMAR Kollegen verraten hier ihre pers\u00f6nlichen Tipps f\u00fcr den n\u00e4chsten Aktivurlaub mit OLIMAR! Von Surfen \u00fcber Wandern bis Canyoning.\" \/>\n<meta property=\"og:url\" content=\"https:\/\/blog.olimar.de\/aktivurlaub-bei-olimar\/\" \/>\n<meta property=\"article:publisher\" content=\"https:\/\/www.facebook.com\/OlimarReisen\" \/>\n<meta property=\"article:published_time\" content=\"2017-04-03T09:52:27+00:00\" \/>\n<meta property=\"article:modified_time\" content=\"2021-04-06T16:50:52+00:00\" \/>\n<meta property=\"og:image\" content=\"https:\/\/i2.wp.com\/blog.olimar.de\/wp-content\/uploads\/2017\/04\/Wanderung-Kroatien-Pfad-e1518802499181.jpg?fit=1001%2C667&ssl=1\" \/>\n\t<meta property=\"og:image:width\" content=\"1001\" \/>\n\t<meta property=\"og:image:height\" content=\"667\" \/>\n\t<meta property=\"og:image:type\" content=\"image\/jpeg\" \/>\n<meta name=\"author\" content=\"OLIMAR Redaktionsteam\" \/>\n<meta name=\"twitter:label1\" content=\"Verfasst von\" \/>\n\t<meta name=\"twitter:data1\" content=\"OLIMAR Redaktionsteam\" \/>\n\t<meta name=\"twitter:label2\" content=\"Gesch\u00e4tzte Lesezeit\" \/>\n\t<meta name=\"twitter:data2\" content=\"5\u00a0Minuten\" \/>\n<script type=\"application\/ld+json\" class=\"yoast-schema-graph\">{\"@context\":\"https:\/\/schema.org\",\"@graph\":[{\"@type\":\"WebPage\",\"@id\":\"https:\/\/blog.olimar.de\/aktivurlaub-bei-olimar\/\",\"url\":\"https:\/\/blog.olimar.de\/aktivurlaub-bei-olimar\/\",\"name\":\"Aktivurlaub bei OLIMAR - pers\u00f6nliche Tipps der Kollegen\",\"isPartOf\":{\"@id\":\"https:\/\/blog.olimar.de\/#website\"},\"primaryImageOfPage\":{\"@id\":\"https:\/\/blog.olimar.de\/aktivurlaub-bei-olimar\/#primaryimage\"},\"image\":{\"@id\":\"https:\/\/blog.olimar.de\/aktivurlaub-bei-olimar\/#primaryimage\"},\"thumbnailUrl\":\"https:\/\/blog.olimar.de\/wp-content\/uploads\/2017\/04\/Wanderung-Kroatien-Pfad-e1518802499181.jpg\",\"datePublished\":\"2017-04-03T09:52:27+00:00\",\"dateModified\":\"2021-04-06T16:50:52+00:00\",\"description\":\"Einige OLIMAR Kollegen verraten hier ihre pers\u00f6nlichen Tipps f\u00fcr den n\u00e4chsten Aktivurlaub mit OLIMAR! Von Surfen \u00fcber Wandern bis Canyoning.\",\"breadcrumb\":{\"@id\":\"https:\/\/blog.olimar.de\/aktivurlaub-bei-olimar\/#breadcrumb\"},\"inLanguage\":\"de\",\"potentialAction\":[{\"@type\":\"ReadAction\",\"target\":[\"https:\/\/blog.olimar.de\/aktivurlaub-bei-olimar\/\"]}]},{\"@type\":\"ImageObject\",\"inLanguage\":\"de\",\"@id\":\"https:\/\/blog.olimar.de\/aktivurlaub-bei-olimar\/#primaryimage\",\"url\":\"https:\/\/blog.olimar.de\/wp-content\/uploads\/2017\/04\/Wanderung-Kroatien-Pfad-e1518802499181.jpg\",\"contentUrl\":\"https:\/\/blog.olimar.de\/wp-content\/uploads\/2017\/04\/Wanderung-Kroatien-Pfad-e1518802499181.jpg\",\"width\":1001,\"height\":667,\"caption\":\"Frau auf Wanderweg in Kroatien\"},{\"@type\":\"BreadcrumbList\",\"@id\":\"https:\/\/blog.olimar.de\/aktivurlaub-bei-olimar\/#breadcrumb\",\"itemListElement\":[{\"@type\":\"ListItem\",\"position\":1,\"name\":\"Home\",\"item\":\"https:\/\/blog.olimar.de\/\"},{\"@type\":\"ListItem\",\"position\":2,\"name\":\"Aktivurlaub bei OLIMAR &#8211; pers\u00f6nliche Tipps der Kollegen\"}]},{\"@type\":\"WebSite\",\"@id\":\"https:\/\/blog.olimar.de\/#website\",\"url\":\"https:\/\/blog.olimar.de\/\",\"name\":\"OLIMAR.com\",\"description\":\"\",\"publisher\":{\"@id\":\"https:\/\/blog.olimar.de\/#organization\"},\"potentialAction\":[{\"@type\":\"SearchAction\",\"target\":{\"@type\":\"EntryPoint\",\"urlTemplate\":\"https:\/\/blog.olimar.de\/?s={search_term_string}\"},\"query-input\":{\"@type\":\"PropertyValueSpecification\",\"valueRequired\":true,\"valueName\":\"search_term_string\"}}],\"inLanguage\":\"de\"},{\"@type\":\"Organization\",\"@id\":\"https:\/\/blog.olimar.de\/#organization\",\"name\":\"OLIMAR Reisen\",\"url\":\"https:\/\/blog.olimar.de\/\",\"logo\":{\"@type\":\"ImageObject\",\"inLanguage\":\"de\",\"@id\":\"https:\/\/blog.olimar.de\/#\/schema\/logo\/image\/\",\"url\":\"https:\/\/blog.olimar.de\/wp-content\/uploads\/2021\/01\/OLIMAR_Logo_COLOR.png\",\"contentUrl\":\"https:\/\/blog.olimar.de\/wp-content\/uploads\/2021\/01\/OLIMAR_Logo_COLOR.png\",\"width\":2000,\"height\":986,\"caption\":\"OLIMAR Reisen\"},\"image\":{\"@id\":\"https:\/\/blog.olimar.de\/#\/schema\/logo\/image\/\"},\"sameAs\":[\"https:\/\/www.facebook.com\/OlimarReisen\",\"https:\/\/x.com\/olimarrreisen\",\"https:\/\/www.instagram.com\/olimarreisen\",\"https:\/\/www.youtube.com\/user\/olimarreisen\"]}]}<\/script>\n<!-- \/ Yoast SEO plugin. -->","yoast_head_json":{"title":"Aktivurlaub bei OLIMAR - pers\u00f6nliche Tipps der Kollegen","description":"Einige OLIMAR Kollegen verraten hier ihre pers\u00f6nlichen Tipps f\u00fcr den n\u00e4chsten Aktivurlaub mit OLIMAR! Von Surfen \u00fcber Wandern bis Canyoning.","robots":{"index":"index","follow":"follow","max-snippet":"max-snippet:-1","max-image-preview":"max-image-preview:large","max-video-preview":"max-video-preview:-1"},"canonical":"https:\/\/blog.olimar.de\/aktivurlaub-bei-olimar\/","og_locale":"de_DE","og_type":"article","og_title":"Aktivurlaub bei OLIMAR - pers\u00f6nliche Tipps der Kollegen","og_description":"Einige OLIMAR Kollegen verraten hier ihre pers\u00f6nlichen Tipps f\u00fcr den n\u00e4chsten Aktivurlaub mit OLIMAR! Von Surfen \u00fcber Wandern bis Canyoning.","og_url":"https:\/\/blog.olimar.de\/aktivurlaub-bei-olimar\/","article_publisher":"https:\/\/www.facebook.com\/OlimarReisen","article_published_time":"2017-04-03T09:52:27+00:00","article_modified_time":"2021-04-06T16:50:52+00:00","og_image":[{"width":1001,"height":667,"url":"https:\/\/i2.wp.com\/blog.olimar.de\/wp-content\/uploads\/2017\/04\/Wanderung-Kroatien-Pfad-e1518802499181.jpg?fit=1001%2C667&ssl=1","type":"image\/jpeg"}],"author":"OLIMAR Redaktionsteam","twitter_misc":{"Verfasst von":"OLIMAR Redaktionsteam","Gesch\u00e4tzte Lesezeit":"5\u00a0Minuten"},"schema":{"@context":"https:\/\/schema.org","@graph":[{"@type":"WebPage","@id":"https:\/\/blog.olimar.de\/aktivurlaub-bei-olimar\/","url":"https:\/\/blog.olimar.de\/aktivurlaub-bei-olimar\/","name":"Aktivurlaub bei OLIMAR - pers\u00f6nliche Tipps der Kollegen","isPartOf":{"@id":"https:\/\/blog.olimar.de\/#website"},"primaryImageOfPage":{"@id":"https:\/\/blog.olimar.de\/aktivurlaub-bei-olimar\/#primaryimage"},"image":{"@id":"https:\/\/blog.olimar.de\/aktivurlaub-bei-olimar\/#primaryimage"},"thumbnailUrl":"https:\/\/blog.olimar.de\/wp-content\/uploads\/2017\/04\/Wanderung-Kroatien-Pfad-e1518802499181.jpg","datePublished":"2017-04-03T09:52:27+00:00","dateModified":"2021-04-06T16:50:52+00:00","description":"Einige OLIMAR Kollegen verraten hier ihre pers\u00f6nlichen Tipps f\u00fcr den n\u00e4chsten Aktivurlaub mit OLIMAR! Von Surfen \u00fcber Wandern bis Canyoning.","breadcrumb":{"@id":"https:\/\/blog.olimar.de\/aktivurlaub-bei-olimar\/#breadcrumb"},"inLanguage":"de","potentialAction":[{"@type":"ReadAction","target":["https:\/\/blog.olimar.de\/aktivurlaub-bei-olimar\/"]}]},{"@type":"ImageObject","inLanguage":"de","@id":"https:\/\/blog.olimar.de\/aktivurlaub-bei-olimar\/#primaryimage","url":"https:\/\/blog.olimar.de\/wp-content\/uploads\/2017\/04\/Wanderung-Kroatien-Pfad-e1518802499181.jpg","contentUrl":"https:\/\/blog.olimar.de\/wp-content\/uploads\/2017\/04\/Wanderung-Kroatien-Pfad-e1518802499181.jpg","width":1001,"height":667,"caption":"Frau auf Wanderweg in Kroatien"},{"@type":"BreadcrumbList","@id":"https:\/\/blog.olimar.de\/aktivurlaub-bei-olimar\/#breadcrumb","itemListElement":[{"@type":"ListItem","position":1,"name":"Home","item":"https:\/\/blog.olimar.de\/"},{"@type":"ListItem","position":2,"name":"Aktivurlaub bei OLIMAR &#8211; pers\u00f6nliche Tipps der Kollegen"}]},{"@type":"WebSite","@id":"https:\/\/blog.olimar.de\/#website","url":"https:\/\/blog.olimar.de\/","name":"OLIMAR.com","description":"","publisher":{"@id":"https:\/\/blog.olimar.de\/#organization"},"potentialAction":[{"@type":"SearchAction","target":{"@type":"EntryPoint","urlTemplate":"https:\/\/blog.olimar.de\/?s={search_term_string}"},"query-input":{"@type":"PropertyValueSpecification","valueRequired":true,"valueName":"search_term_string"}}],"inLanguage":"de"},{"@type":"Organization","@id":"https:\/\/blog.olimar.de\/#organization","name":"OLIMAR Reisen","url":"https:\/\/blog.olimar.de\/","logo":{"@type":"ImageObject","inLanguage":"de","@id":"https:\/\/blog.olimar.de\/#\/schema\/logo\/image\/","url":"https:\/\/blog.olimar.de\/wp-content\/uploads\/2021\/01\/OLIMAR_Logo_COLOR.png","contentUrl":"https:\/\/blog.olimar.de\/wp-content\/uploads\/2021\/01\/OLIMAR_Logo_COLOR.png","width":2000,"height":986,"caption":"OLIMAR Reisen"},"image":{"@id":"https:\/\/blog.olimar.de\/#\/schema\/logo\/image\/"},"sameAs":["https:\/\/www.facebook.com\/OlimarReisen","https:\/\/x.com\/olimarrreisen","https:\/\/www.instagram.com\/olimarreisen","https:\/\/www.youtube.com\/user\/olimarreisen"]}]}},"modified_by":"Sabine Wonner","jetpack_featured_media_url":"https:\/\/blog.olimar.de\/wp-content\/uploads\/2017\/04\/Wanderung-Kroatien-Pfad-e1518802499181.jpg","_links":{"self":[{"href":"https:\/\/blog.olimar.de\/wp-json\/wp\/v2\/posts\/8237","targetHints":{"allow":["GET"]}}],"collection":[{"href":"https:\/\/blog.olimar.de\/wp-json\/wp\/v2\/posts"}],"about":[{"href":"https:\/\/blog.olimar.de\/wp-json\/wp\/v2\/types\/post"}],"author":[{"embeddable":true,"href":"https:\/\/blog.olimar.de\/wp-json\/wp\/v2\/users\/9"}],"replies":[{"embeddable":true,"href":"https:\/\/blog.olimar.de\/wp-json\/wp\/v2\/comments?post=8237"}],"version-history":[{"count":24,"href":"https:\/\/blog.olimar.de\/wp-json\/wp\/v2\/posts\/8237\/revisions"}],"predecessor-version":[{"id":16344,"href":"https:\/\/blog.olimar.de\/wp-json\/wp\/v2\/posts\/8237\/revisions\/16344"}],"wp:featuredmedia":[{"embeddable":true,"href":"https:\/\/blog.olimar.de\/wp-json\/wp\/v2\/media\/8255"}],"wp:attachment":[{"href":"https:\/\/blog.olimar.de\/wp-json\/wp\/v2\/media?parent=8237"}],"wp:term":[{"taxonomy":"category","embeddable":true,"href":"https:\/\/blog.olimar.de\/wp-json\/wp\/v2\/categories?post=8237"},{"taxonomy":"post_tag","embeddable":true,"href":"https:\/\/blog.olimar.de\/wp-json\/wp\/v2\/tags?post=8237"}],"curies":[{"name":"wp","href":"https:\/\/api.w.org\/{rel}","templated":true}]}}