{"id":8313,"date":"2017-04-05T10:39:57","date_gmt":"2017-04-05T08:39:57","guid":{"rendered":"https:\/\/blog.olimar.de\/?p=8313"},"modified":"2022-12-21T13:00:51","modified_gmt":"2022-12-21T12:00:51","slug":"romagna","status":"publish","type":"post","link":"https:\/\/blog.olimar.de\/romagna\/","title":{"rendered":"Unverg\u00e4ngliche Romagna &#8211; Urlaub an der italienischen Adria"},"content":{"rendered":"\n<p><strong>Wer Kindheitserinnerungen an seine Adria-Urlaube hat, denkt an kilometerlange goldene Sandstr\u00e4nde und legend\u00e4re Badeorte wie Cesenatico, Rimini oder Riccione. Die mittlere Region der Emilia-Romagna, l\u00e4dt noch heute zum entspannten Sommerurlaub mit der Familie ein.<\/strong><\/p>\n\n\n\n<div class=\"wp-block-buttons is-layout-flex wp-block-buttons-is-layout-flex\">\n<div class=\"wp-block-button\"><a class=\"wp-block-button__link wp-element-button\" href=\"https:\/\/www.olimar.de\/italien\/adria\/\">Adria Reiseangebote und Hoteltipps entdecken<\/a><\/div>\n<\/div>\n\n\n\n<div style=\"height:25px\" aria-hidden=\"true\" class=\"wp-block-spacer\"><\/div>\n\n\n<p style=\"text-align: justify;\">Weit und weich, sandig und sauber: So pr\u00e4sentieren sich die Str\u00e4nde in der Romagna auf insgesamt 110 Kilometern K\u00fcstenl\u00e4nge. Gerade Familien sch\u00e4tzen den sanft abfallenden Meeresgrund, der auch kleinen Kindern sorgloses Spielen im seichten Wasser erlaubt. Und gerade weil die K\u00fcste ein Paradies f\u00fcr Kinder sowie auch Freizeitsportler ist, wird an den renommierten Badeorten, wie am Lidi di Comacchio, in Cesenatico, Rimini, Riccione oder Cattolica besonderes viel Wert auf Sicherheit und Service gelegt.<\/p>\n<div class=\"green-box\">\n<p style=\"text-align: center;\"><strong>Die sch\u00f6nsten Badeorte der italienischen Adria:<\/strong><\/p>\n<ul>\n<li style=\"text-align: left;\">Rimini<\/li>\n<li style=\"text-align: left;\">Lidi di Comacchio<\/li>\n<li style=\"text-align: left;\">Cesenatico<\/li>\n<li style=\"text-align: left;\">Riccione<\/li>\n<li style=\"text-align: left;\">Cattolica<\/li>\n<li style=\"text-align: left;\">Lidi di Ravenna<\/li>\n<\/ul>\n<\/div>\n<h3 style=\"text-align: justify;\"><strong>Sportlich am Strand<\/strong><\/h3>\n<p style=\"text-align: justify;\">Insgesamt 1.426 Strandb\u00e4der z\u00e4hlt die Region, die ersten entstanden bereits im Jahr 1843. Die meisten verf\u00fcgen heute \u00fcber eigene Beach-Volleyball-, Fu\u00dfball-, Basketball- und Tennispl\u00e4tze sowie Open Air-Fitnessanlagen. An den Promenaden kann man hervorragend Rad fahren, die kilometerlangen Str\u00e4nde laden zum Flanieren ein. Entspannung finden Urlauber an den \u00fcber 30 Wellnessstr\u00e4nden \u201eLe Spiagge del Benessere\u201d zwischen Bellaria, Rimini und Riccione.<\/p>\n<p style=\"text-align: center;\"><div class=\"green-box\">\n<p style=\"text-align: center;\"><strong>Tipp:<\/strong><\/p>\n<p style=\"text-align: center;\">H\u00f6hepunkt der Badesaison ist die Notte Rosa, die am ersten Juliwochenende stattfindet. Dann schlie\u00dfen sich wieder alle Strandb\u00e4der zum gr\u00f6\u00dften Sommerfest der Riviera zusammen und lassen die K\u00fcste in rosarotem Glanz erstrahlen. Infos: lanotterosa.it\/en<\/p>\n<p style=\"text-align: center;\"><img loading=\"lazy\" decoding=\"async\" class=\"aligncenter wp-image-8324 size-medium\" src=\"https:\/\/blog.olimar.de\/wp-content\/uploads\/2017\/04\/Notte-Rosa-Riccione-copia-300x183.jpg\" alt=\"Notte Rosa\" width=\"300\" height=\"183\" srcset=\"https:\/\/blog.olimar.de\/wp-content\/uploads\/2017\/04\/Notte-Rosa-Riccione-copia-300x183.jpg 300w, https:\/\/blog.olimar.de\/wp-content\/uploads\/2017\/04\/Notte-Rosa-Riccione-copia-768x468.jpg 768w, https:\/\/blog.olimar.de\/wp-content\/uploads\/2017\/04\/Notte-Rosa-Riccione-copia-1024x624.jpg 1024w\" sizes=\"auto, (max-width: 300px) 100vw, 300px\" \/><\/div><\/p>\n<h3 style=\"text-align: justify;\"><strong>Gr\u00fcne Seele: Apennin und Po-Delta<\/strong><\/h3>\n<p style=\"text-align: justify;\">Innerhalb einer Stunde erreicht man von der K\u00fcste aus das h\u00fcgelige Hinterland. Abseits der Touristenstr\u00f6me erstreckt sich eine urspr\u00fcngliche, von mittelalterlichen D\u00f6rfern und Burgen gepr\u00e4gte Landschaft. In zwei Nationalparks, 14 Regionalparks und elf Naturreservaten finden Naturliebhaber ihre Lieblingspl\u00e4tze \u2013 beispielsweise im Regionalpark des Po-Deltas bei Ferrara oder auf dem Monte Cimone bei Modena, dem mit seinen 2.165 Metern h\u00f6chsten Gipfel des Apennin. Neu ist seit diesem Jahr die Wanderroute \u00fcber die Alta Via dei Parchi, die K\u00e4mme des Apennin. Sie wurde einst schon von Rittern, Kaisern und P\u00e4psten begangen. Von Berceto in der Provinz Parma beginnt die Tour \u00fcber Rupe della Verna bis nach Simoncello.<\/p>\n<p style=\"text-align: justify;\">Wer sich nach dem Sport etwas Gutes tun m\u00f6chte: Von den H\u00e4ngen des Apennin bis zu den Str\u00e4nden der Adria flie\u00dfen sprudelnde Heilquellen und bromjodhaltige Gew\u00e4sser durch die Region \u2013 der Weg der Thermen. Die Kurorte mit ihren 23 Thermen haben eine jahrhundertealte Tradition. M\u00f6glichkeiten, sich nach allen Regeln der Wellness zu verw\u00f6hnen, bieten die stilvollen Badeanstalten genauso wie moderne Wellnesszentren in den Hotels.<\/p>\n<h3 style=\"text-align: justify;\"><strong>Weltkulturerbe entdecken<\/strong><\/h3>\n<p style=\"text-align: justify;\">Den Flair vergangener Zeiten erlebt man in der Emilia Romagna u.a. in Bologna, Modena oder Parma. Seit September 2012 wurden einige St\u00e4dte zum sogenannten \u201eQuadrilatero del UNESCO\u201c, dem UNESCO-Viereck zusammengefasst, das die bedeutendsten Kulturst\u00e4dte rund um das Po-Delta auszeichnet. Neben Bologna z\u00e4hlen die St\u00e4dte Modena, Ferrara und Ravenna zum Weltkulturerbe. Parma geh\u00f6rt zu den Creative Cities f\u00fcr Gastronomie, ein St\u00e4dtenetzwerk der UNESCO.<\/p>\n<div id=\"attachment_8317\" style=\"width: 762px\" class=\"wp-caption alignnone\"><img loading=\"lazy\" decoding=\"async\" aria-describedby=\"caption-attachment-8317\" class=\"wp-image-8317 size-large\" src=\"https:\/\/blog.olimar.de\/wp-content\/uploads\/2017\/04\/BO-Piazza-maggiore-copia-752x1024.jpg\" alt=\"Platz in Bologna\" width=\"752\" height=\"1024\" srcset=\"https:\/\/blog.olimar.de\/wp-content\/uploads\/2017\/04\/BO-Piazza-maggiore-copia-752x1024.jpg 752w, https:\/\/blog.olimar.de\/wp-content\/uploads\/2017\/04\/BO-Piazza-maggiore-copia-220x300.jpg 220w, https:\/\/blog.olimar.de\/wp-content\/uploads\/2017\/04\/BO-Piazza-maggiore-copia-768x1046.jpg 768w\" sizes=\"auto, (max-width: 752px) 100vw, 752px\" \/><p id=\"caption-attachment-8317\" class=\"wp-caption-text\">Piazuza Maggiore in Bologna<\/p><\/div>\n<h3 style=\"text-align: justify;\"><strong>Gaumenfreuden<\/strong><\/h3>\n<p style=\"text-align: justify;\">Parmesan, Parmaschinken, und handgemachte Pasta \u2013 wo schmecken Spezialit\u00e4ten besser als dort, wo sie herkommen? Sowohl bei einem Urlaub an der Adria k\u00fcste als auch auf einer Tour<br \/>durch die St\u00e4dte und das Hinterland sind diese weltber\u00fchmten kulinarischen Sch\u00e4tze ein \u201eMuss\u201c. Aber auch weniger bekannte Spezialit\u00e4ten wie das ferraresische und romagnolische Brot, die Piadina, Delikatessen wie Fischspie\u00dfchen, marinierter Fisch, unz\u00e4hlige Sardellen- und Sardinenarten oder die regionalen Weine sind eine Entdeckung wert. Orientierungshilfe bieten die Wein- und Genie\u00dferstra\u00dfen, die Strade dei vini e dei sapori: 15 verschiedene Routen durch die Region mit kulturellen und kulinarischen H\u00f6hepunkten.<\/p>\n<p style=\"text-align: justify;\"><img loading=\"lazy\" decoding=\"async\" class=\"alignnone wp-image-8318 size-large\" src=\"https:\/\/blog.olimar.de\/wp-content\/uploads\/2017\/04\/ENOGASTRONOMIA-foto-Paolo-Barone-copia-2-1024x649.jpg\" alt=\"Kulinarische Spezialit\u00e4ten an der Adria\" width=\"840\" height=\"532\" srcset=\"https:\/\/blog.olimar.de\/wp-content\/uploads\/2017\/04\/ENOGASTRONOMIA-foto-Paolo-Barone-copia-2-1024x649.jpg 1024w, https:\/\/blog.olimar.de\/wp-content\/uploads\/2017\/04\/ENOGASTRONOMIA-foto-Paolo-Barone-copia-2-300x190.jpg 300w, https:\/\/blog.olimar.de\/wp-content\/uploads\/2017\/04\/ENOGASTRONOMIA-foto-Paolo-Barone-copia-2-768x487.jpg 768w, https:\/\/blog.olimar.de\/wp-content\/uploads\/2017\/04\/ENOGASTRONOMIA-foto-Paolo-Barone-copia-2.jpg 2000w\" sizes=\"auto, (max-width: 840px) 100vw, 840px\" \/><\/p>\n<h3 style=\"text-align: justify;\"><strong>Land der Motoren<\/strong><\/h3>\n<p style=\"text-align: justify;\">Die Region lebt auch von einer dynamischen Wirtschaft. Wie w\u00e4re es also mit einer Spritztour zu den vier gro\u00dfen italienischen Sportwagenmanufakturen Ferrari, Maserati. Lamborghini und Ducati? Oder einem Abstecher zur ber\u00fchmten Rennstrecke nach Imola, auf der schon Michael Schumacher Gas gegeben hat? Neu ist das 2012 er\u00f6ffnete Museo Casa Enzo Ferrari in Modena, das sich dem Lebenswerk des weltber\u00fchmten Rennfahrers und Konstrukteurs widmet.<\/p>\n<div class=\"grey-box\">\n<h3 style=\"text-align: justify;\"><strong>OLIMAR Tipps f\u00fcr Urlaub an der mittleren Adria<\/strong><\/h3>\n<table>\n<tbody>\n<tr>\n<td><strong>Anreise:<\/strong><\/td>\n<td>Eurowings fliegt z. B. ab K\u00f6ln, Berlin-Tegel, Hamburg und Dresden, Lufthansa von Frankfurt und M\u00fcnchen nach Bologna. Nach Rimini bringt Sie die Condor ab Frankfurt. Alle Fl\u00fcge sind \u00fcber OLIMAR Reisen buchbar.<\/td>\n<\/tr>\n<tr>\n<td><strong>\u00dcbernachten:<\/strong><\/td>\n<td><a href=\"https:\/\/rms.olimar.de\/code\/RMI280\" rel=\"noopener noreferrer\">Hotel Ambasciatori<\/a> in Riccione: F\u00fcr Paare, die Wellness und Lifestyle m\u00f6gen, die beste Adresse. Mit maritim eingerichteten Zimmern, Relax-Pool und Wellnessoase sowie ausgezeichnetem Restaurant. Das Hotel liegt nahe der sch\u00f6nen Uferpromenade am Strand und nur wenige Gehminuten vom Ortskern<br \/>entfernt. Ab 57 \u20ac p. P.\/Nacht inkl. Fr\u00fchst\u00fcck.<\/td>\n<\/tr>\n<\/tbody>\n<\/table>\n<p>Hotel Oste del Castello in Verucchio: Romantisch f\u00fcgt sich das im 17. Jahrhundert erbaute Hotelgeb\u00e4ude in die antike Altstadt der Kulturperle Verucchio ein. Das teils in einen Fels gebaute Domizil bietet 39 gem\u00fctliche Zimmer mit Traumblick auf das umliegende H\u00fcgelland. Gut geeignet als Ausgangspunkt f\u00fcr Wander- oder Mountainbike-Touren in der Umgebung. Ab 58 \u20ac p. P.\/Nacht.<\/p>\n<p><a href=\"https:\/\/rms.olimar.de\/code\/RMI100\/\" rel=\"noopener noreferrer\">Club Village &amp; Hotel Spiaggia Romea<\/a> bei Lido delle Nazioni: Dank der vielen Wohn-, Sport- und Freizeitm\u00f6glichkeiten verspricht dieses als Reihenhaussiedlung angelegte Resort Erholung und Spa\u00df f\u00fcr die ganze Familie. Eine Poollandschaft mit Wasserrutschen sowie der eigene Badesee mit M\u00f6glichkeiten zum Tretboot- oder Kanu-Fahren sind zwei von vielen Highlights der Ferienanlage. Hinzu kommen t\u00e4gliche Unterhaltungsprogramme, diverse<br \/>Sportpl\u00e4tze, ein Fahrradverleih, ein Health-Club und eine Diskothek im Freien. Ab 45 \u20ac p. P.\/ Nacht inkl. Halbpension. Kinder bis zu 100 Prozent Erm\u00e4\u00dfigung.<strong>Weitere Infos:<\/strong><\/p>\n<p><a href=\"https:\/\/www.olimar.de\/italien\/adria\/\" rel=\"noopener noreferrer\">www.olimar.de\/italien\/adria\/<\/a><\/p>\n<p><a href=\"http:\/\/www.emiliaromagnaturismo.it\/de\" rel=\"noopener noreferrer\">www.emiliaromagnaturismo.it\/de<\/a><\/p>\n<\/div>\n\n\n<div style=\"height:50px\" aria-hidden=\"true\" class=\"wp-block-spacer\"><\/div>\n\n\n\n<div class=\"wp-block-buttons is-layout-flex wp-block-buttons-is-layout-flex\">\n<div class=\"wp-block-button\"><a class=\"wp-block-button__link wp-element-button\" href=\"https:\/\/www.olimar.de\/hotellistung\/\">Jetzt Urlaubsangebote finden und buchen<\/a><\/div>\n<\/div>\n\n\n\n<div style=\"height:100px\" aria-hidden=\"true\" class=\"wp-block-spacer\"><\/div>\n","protected":false},"excerpt":{"rendered":"<p>Wer Kindheitserinnerungen an seine Adria-Urlaube hat, denkt an kilometerlange goldene Sandstr\u00e4nde und legend\u00e4re Badeorte wie Cesenatico, Rimini oder Riccione. Die mittlere Region der Emilia-Romagna, l\u00e4dt noch heute zum entspannten Sommerurlaub mit der Familie ein. Weit und weich, sandig und sauber: So pr\u00e4sentieren sich die Str\u00e4nde in der Romagna auf insgesamt 110 Kilometern K\u00fcstenl\u00e4nge. Gerade Familien sch\u00e4tzen den sanft abfallenden Meeresgrund, der auch kleinen Kindern sorgloses Spielen im seichten Wasser erlaubt. Und gerade weil die K\u00fcste ein Paradies f\u00fcr Kinder sowie auch Freizeitsportler ist, wird an den renommierten Badeorten, wie am Lidi di Comacchio, in Cesenatico, Rimini, Riccione oder Cattolica besonderes viel &hellip;<\/p>\n","protected":false},"author":9,"featured_media":8319,"comment_status":"open","ping_status":"open","sticky":false,"template":"","format":"standard","meta":{"_crdt_document":"","_lmt_disableupdate":"","_lmt_disable":"","footnotes":""},"categories":[31,46],"tags":[100,35],"class_list":["post-8313","post","type-post","status-publish","format-standard","has-post-thumbnail","hentry","category-land-leute","category-sonnenseiten-printausgabe","tag-emilia-romagna","tag-italien"],"yoast_head":"<!-- This site is optimized with the Yoast SEO plugin v26.9 - https:\/\/yoast.com\/product\/yoast-seo-wordpress\/ -->\n<title>Unverg\u00e4ngliche Romagna - Urlaub an der italienischen Adria<\/title>\n<meta name=\"description\" content=\"Weit und weich, sandig und sauber: So pr\u00e4sentieren sich die Str\u00e4nde der Romagna an der italienischen Adria auf 110 Kilometern K\u00fcstenl\u00e4nge.\" \/>\n<meta name=\"robots\" content=\"index, follow, max-snippet:-1, max-image-preview:large, max-video-preview:-1\" \/>\n<link rel=\"canonical\" href=\"https:\/\/blog.olimar.de\/romagna\/\" \/>\n<meta property=\"og:locale\" content=\"de_DE\" \/>\n<meta property=\"og:type\" content=\"article\" \/>\n<meta property=\"og:title\" content=\"Unverg\u00e4ngliche Romagna - Urlaub an der italienischen Adria\" \/>\n<meta property=\"og:description\" content=\"Weit und weich, sandig und sauber: So pr\u00e4sentieren sich die Str\u00e4nde der Romagna an der italienischen Adria auf 110 Kilometern K\u00fcstenl\u00e4nge.\" \/>\n<meta property=\"og:url\" content=\"https:\/\/blog.olimar.de\/romagna\/\" \/>\n<meta property=\"article:publisher\" content=\"https:\/\/www.facebook.com\/OlimarReisen\" \/>\n<meta property=\"article:published_time\" content=\"2017-04-05T08:39:57+00:00\" \/>\n<meta property=\"article:modified_time\" content=\"2022-12-21T12:00:51+00:00\" \/>\n<meta property=\"og:image\" content=\"https:\/\/blog.olimar.de\/wp-content\/uploads\/2017\/04\/IT-Adria-Bibione-CabinsOnTheBeach-c-m.bonotto-shutterstock-83819281.jpg\" \/>\n\t<meta property=\"og:image:width\" content=\"1000\" \/>\n\t<meta property=\"og:image:height\" content=\"671\" \/>\n\t<meta property=\"og:image:type\" content=\"image\/jpeg\" \/>\n<meta name=\"author\" content=\"OLIMAR Redaktionsteam\" \/>\n<meta name=\"twitter:label1\" content=\"Verfasst von\" \/>\n\t<meta name=\"twitter:data1\" content=\"OLIMAR Redaktionsteam\" \/>\n\t<meta name=\"twitter:label2\" content=\"Gesch\u00e4tzte Lesezeit\" \/>\n\t<meta name=\"twitter:data2\" content=\"6\u00a0Minuten\" \/>\n<script type=\"application\/ld+json\" class=\"yoast-schema-graph\">{\"@context\":\"https:\/\/schema.org\",\"@graph\":[{\"@type\":\"WebPage\",\"@id\":\"https:\/\/blog.olimar.de\/romagna\/\",\"url\":\"https:\/\/blog.olimar.de\/romagna\/\",\"name\":\"Unverg\u00e4ngliche Romagna - Urlaub an der italienischen Adria\",\"isPartOf\":{\"@id\":\"https:\/\/blog.olimar.de\/#website\"},\"primaryImageOfPage\":{\"@id\":\"https:\/\/blog.olimar.de\/romagna\/#primaryimage\"},\"image\":{\"@id\":\"https:\/\/blog.olimar.de\/romagna\/#primaryimage\"},\"thumbnailUrl\":\"https:\/\/blog.olimar.de\/wp-content\/uploads\/2017\/04\/IT-Adria-Bibione-CabinsOnTheBeach-c-m.bonotto-shutterstock-83819281.jpg\",\"datePublished\":\"2017-04-05T08:39:57+00:00\",\"dateModified\":\"2022-12-21T12:00:51+00:00\",\"description\":\"Weit und weich, sandig und sauber: So pr\u00e4sentieren sich die Str\u00e4nde der Romagna an der italienischen Adria auf 110 Kilometern K\u00fcstenl\u00e4nge.\",\"breadcrumb\":{\"@id\":\"https:\/\/blog.olimar.de\/romagna\/#breadcrumb\"},\"inLanguage\":\"de\",\"potentialAction\":[{\"@type\":\"ReadAction\",\"target\":[\"https:\/\/blog.olimar.de\/romagna\/\"]}]},{\"@type\":\"ImageObject\",\"inLanguage\":\"de\",\"@id\":\"https:\/\/blog.olimar.de\/romagna\/#primaryimage\",\"url\":\"https:\/\/blog.olimar.de\/wp-content\/uploads\/2017\/04\/IT-Adria-Bibione-CabinsOnTheBeach-c-m.bonotto-shutterstock-83819281.jpg\",\"contentUrl\":\"https:\/\/blog.olimar.de\/wp-content\/uploads\/2017\/04\/IT-Adria-Bibione-CabinsOnTheBeach-c-m.bonotto-shutterstock-83819281.jpg\",\"width\":1000,\"height\":671,\"caption\":\"Kabinen am Adria-Strand von Bibione\"},{\"@type\":\"BreadcrumbList\",\"@id\":\"https:\/\/blog.olimar.de\/romagna\/#breadcrumb\",\"itemListElement\":[{\"@type\":\"ListItem\",\"position\":1,\"name\":\"Home\",\"item\":\"https:\/\/blog.olimar.de\/\"},{\"@type\":\"ListItem\",\"position\":2,\"name\":\"Emilia Romagna\",\"item\":\"https:\/\/blog.olimar.de\/tag\/emilia-romagna\/\"},{\"@type\":\"ListItem\",\"position\":3,\"name\":\"Unverg\u00e4ngliche Romagna &#8211; Urlaub an der italienischen Adria\"}]},{\"@type\":\"WebSite\",\"@id\":\"https:\/\/blog.olimar.de\/#website\",\"url\":\"https:\/\/blog.olimar.de\/\",\"name\":\"OLIMAR.com\",\"description\":\"\",\"publisher\":{\"@id\":\"https:\/\/blog.olimar.de\/#organization\"},\"potentialAction\":[{\"@type\":\"SearchAction\",\"target\":{\"@type\":\"EntryPoint\",\"urlTemplate\":\"https:\/\/blog.olimar.de\/?s={search_term_string}\"},\"query-input\":{\"@type\":\"PropertyValueSpecification\",\"valueRequired\":true,\"valueName\":\"search_term_string\"}}],\"inLanguage\":\"de\"},{\"@type\":\"Organization\",\"@id\":\"https:\/\/blog.olimar.de\/#organization\",\"name\":\"OLIMAR Reisen\",\"url\":\"https:\/\/blog.olimar.de\/\",\"logo\":{\"@type\":\"ImageObject\",\"inLanguage\":\"de\",\"@id\":\"https:\/\/blog.olimar.de\/#\/schema\/logo\/image\/\",\"url\":\"https:\/\/blog.olimar.de\/wp-content\/uploads\/2021\/01\/OLIMAR_Logo_COLOR.png\",\"contentUrl\":\"https:\/\/blog.olimar.de\/wp-content\/uploads\/2021\/01\/OLIMAR_Logo_COLOR.png\",\"width\":2000,\"height\":986,\"caption\":\"OLIMAR Reisen\"},\"image\":{\"@id\":\"https:\/\/blog.olimar.de\/#\/schema\/logo\/image\/\"},\"sameAs\":[\"https:\/\/www.facebook.com\/OlimarReisen\",\"https:\/\/x.com\/olimarrreisen\",\"https:\/\/www.instagram.com\/olimarreisen\",\"https:\/\/www.youtube.com\/user\/olimarreisen\"]}]}<\/script>\n<!-- \/ Yoast SEO plugin. -->","yoast_head_json":{"title":"Unverg\u00e4ngliche Romagna - Urlaub an der italienischen Adria","description":"Weit und weich, sandig und sauber: So pr\u00e4sentieren sich die Str\u00e4nde der Romagna an der italienischen Adria auf 110 Kilometern K\u00fcstenl\u00e4nge.","robots":{"index":"index","follow":"follow","max-snippet":"max-snippet:-1","max-image-preview":"max-image-preview:large","max-video-preview":"max-video-preview:-1"},"canonical":"https:\/\/blog.olimar.de\/romagna\/","og_locale":"de_DE","og_type":"article","og_title":"Unverg\u00e4ngliche Romagna - Urlaub an der italienischen Adria","og_description":"Weit und weich, sandig und sauber: So pr\u00e4sentieren sich die Str\u00e4nde der Romagna an der italienischen Adria auf 110 Kilometern K\u00fcstenl\u00e4nge.","og_url":"https:\/\/blog.olimar.de\/romagna\/","article_publisher":"https:\/\/www.facebook.com\/OlimarReisen","article_published_time":"2017-04-05T08:39:57+00:00","article_modified_time":"2022-12-21T12:00:51+00:00","og_image":[{"width":1000,"height":671,"url":"https:\/\/blog.olimar.de\/wp-content\/uploads\/2017\/04\/IT-Adria-Bibione-CabinsOnTheBeach-c-m.bonotto-shutterstock-83819281.jpg","type":"image\/jpeg"}],"author":"OLIMAR Redaktionsteam","twitter_misc":{"Verfasst von":"OLIMAR Redaktionsteam","Gesch\u00e4tzte Lesezeit":"6\u00a0Minuten"},"schema":{"@context":"https:\/\/schema.org","@graph":[{"@type":"WebPage","@id":"https:\/\/blog.olimar.de\/romagna\/","url":"https:\/\/blog.olimar.de\/romagna\/","name":"Unverg\u00e4ngliche Romagna - Urlaub an der italienischen Adria","isPartOf":{"@id":"https:\/\/blog.olimar.de\/#website"},"primaryImageOfPage":{"@id":"https:\/\/blog.olimar.de\/romagna\/#primaryimage"},"image":{"@id":"https:\/\/blog.olimar.de\/romagna\/#primaryimage"},"thumbnailUrl":"https:\/\/blog.olimar.de\/wp-content\/uploads\/2017\/04\/IT-Adria-Bibione-CabinsOnTheBeach-c-m.bonotto-shutterstock-83819281.jpg","datePublished":"2017-04-05T08:39:57+00:00","dateModified":"2022-12-21T12:00:51+00:00","description":"Weit und weich, sandig und sauber: So pr\u00e4sentieren sich die Str\u00e4nde der Romagna an der italienischen Adria auf 110 Kilometern K\u00fcstenl\u00e4nge.","breadcrumb":{"@id":"https:\/\/blog.olimar.de\/romagna\/#breadcrumb"},"inLanguage":"de","potentialAction":[{"@type":"ReadAction","target":["https:\/\/blog.olimar.de\/romagna\/"]}]},{"@type":"ImageObject","inLanguage":"de","@id":"https:\/\/blog.olimar.de\/romagna\/#primaryimage","url":"https:\/\/blog.olimar.de\/wp-content\/uploads\/2017\/04\/IT-Adria-Bibione-CabinsOnTheBeach-c-m.bonotto-shutterstock-83819281.jpg","contentUrl":"https:\/\/blog.olimar.de\/wp-content\/uploads\/2017\/04\/IT-Adria-Bibione-CabinsOnTheBeach-c-m.bonotto-shutterstock-83819281.jpg","width":1000,"height":671,"caption":"Kabinen am Adria-Strand von Bibione"},{"@type":"BreadcrumbList","@id":"https:\/\/blog.olimar.de\/romagna\/#breadcrumb","itemListElement":[{"@type":"ListItem","position":1,"name":"Home","item":"https:\/\/blog.olimar.de\/"},{"@type":"ListItem","position":2,"name":"Emilia Romagna","item":"https:\/\/blog.olimar.de\/tag\/emilia-romagna\/"},{"@type":"ListItem","position":3,"name":"Unverg\u00e4ngliche Romagna &#8211; Urlaub an der italienischen Adria"}]},{"@type":"WebSite","@id":"https:\/\/blog.olimar.de\/#website","url":"https:\/\/blog.olimar.de\/","name":"OLIMAR.com","description":"","publisher":{"@id":"https:\/\/blog.olimar.de\/#organization"},"potentialAction":[{"@type":"SearchAction","target":{"@type":"EntryPoint","urlTemplate":"https:\/\/blog.olimar.de\/?s={search_term_string}"},"query-input":{"@type":"PropertyValueSpecification","valueRequired":true,"valueName":"search_term_string"}}],"inLanguage":"de"},{"@type":"Organization","@id":"https:\/\/blog.olimar.de\/#organization","name":"OLIMAR Reisen","url":"https:\/\/blog.olimar.de\/","logo":{"@type":"ImageObject","inLanguage":"de","@id":"https:\/\/blog.olimar.de\/#\/schema\/logo\/image\/","url":"https:\/\/blog.olimar.de\/wp-content\/uploads\/2021\/01\/OLIMAR_Logo_COLOR.png","contentUrl":"https:\/\/blog.olimar.de\/wp-content\/uploads\/2021\/01\/OLIMAR_Logo_COLOR.png","width":2000,"height":986,"caption":"OLIMAR Reisen"},"image":{"@id":"https:\/\/blog.olimar.de\/#\/schema\/logo\/image\/"},"sameAs":["https:\/\/www.facebook.com\/OlimarReisen","https:\/\/x.com\/olimarrreisen","https:\/\/www.instagram.com\/olimarreisen","https:\/\/www.youtube.com\/user\/olimarreisen"]}]}},"modified_by":"Lena Radermacher","jetpack_featured_media_url":"https:\/\/blog.olimar.de\/wp-content\/uploads\/2017\/04\/IT-Adria-Bibione-CabinsOnTheBeach-c-m.bonotto-shutterstock-83819281.jpg","_links":{"self":[{"href":"https:\/\/blog.olimar.de\/wp-json\/wp\/v2\/posts\/8313","targetHints":{"allow":["GET"]}}],"collection":[{"href":"https:\/\/blog.olimar.de\/wp-json\/wp\/v2\/posts"}],"about":[{"href":"https:\/\/blog.olimar.de\/wp-json\/wp\/v2\/types\/post"}],"author":[{"embeddable":true,"href":"https:\/\/blog.olimar.de\/wp-json\/wp\/v2\/users\/9"}],"replies":[{"embeddable":true,"href":"https:\/\/blog.olimar.de\/wp-json\/wp\/v2\/comments?post=8313"}],"version-history":[{"count":26,"href":"https:\/\/blog.olimar.de\/wp-json\/wp\/v2\/posts\/8313\/revisions"}],"predecessor-version":[{"id":22689,"href":"https:\/\/blog.olimar.de\/wp-json\/wp\/v2\/posts\/8313\/revisions\/22689"}],"wp:featuredmedia":[{"embeddable":true,"href":"https:\/\/blog.olimar.de\/wp-json\/wp\/v2\/media\/8319"}],"wp:attachment":[{"href":"https:\/\/blog.olimar.de\/wp-json\/wp\/v2\/media?parent=8313"}],"wp:term":[{"taxonomy":"category","embeddable":true,"href":"https:\/\/blog.olimar.de\/wp-json\/wp\/v2\/categories?post=8313"},{"taxonomy":"post_tag","embeddable":true,"href":"https:\/\/blog.olimar.de\/wp-json\/wp\/v2\/tags?post=8313"}],"curies":[{"name":"wp","href":"https:\/\/api.w.org\/{rel}","templated":true}]}}