{"id":8615,"date":"2017-06-20T15:23:14","date_gmt":"2017-06-20T13:23:14","guid":{"rendered":"https:\/\/blog.olimar.de\/?p=8615"},"modified":"2022-12-21T16:49:46","modified_gmt":"2022-12-21T15:49:46","slug":"appartements-vilabranca","status":"publish","type":"post","link":"https:\/\/blog.olimar.de\/appartements-vilabranca\/","title":{"rendered":"Appartements Vilabranca &#8211; der beliebte Urlaubsklassiker ist wieder da!"},"content":{"rendered":"\n<p><strong>F\u00fcr die anstehende Sommersaison bis Anfang November haben wir die bei vielen Stammg\u00e4sten beliebte und gerade frisch renovierte <a href=\"https:\/\/rms.olimar.de\/code\/FAO221\" rel=\"noopener noreferrer\">Ferienanlage Vilabranca<\/a>***+ an der Algarve wieder zus\u00e4tzlich ins Programm aufgenommen. Auch f\u00fcr die begehrten Sommerferientermine gibt es dadurch viele neue Kapazit\u00e4ten.<\/strong><\/p>\n\n\n\n<div class=\"wp-block-buttons is-layout-flex wp-block-buttons-is-layout-flex\">\n<div class=\"wp-block-button\"><a class=\"wp-block-button__link wp-element-button\" href=\"https:\/\/www.olimar.de\/portugal\/algarve\/\">Algarve Reiseangebote und Hoteltipps entdecken<\/a><\/div>\n<\/div>\n\n\n\n<div style=\"height:25px\" aria-hidden=\"true\" class=\"wp-block-spacer\"><\/div>\n\n\n<p style=\"text-align: justify;\">Das familienfreundliche Resort besteht aus 85 geschmackvoll eingerichteten Appartements, die sich um eine gro\u00dfz\u00fcgige Poollandschaft gruppieren. Es liegt etwa 1 km vom Zentrum der Hafenstadt Lagos entfernt in einem ruhigen Wohnviertel. Der n\u00e4chste Sandstrand, der sch\u00f6ne Praia de Porto de M\u00f3s, ist in \u00e4hnlicher Distanz zu finden. 3x t\u00e4glich gibt es sogar einen bequemen Shuttlebus-Service zum Strand.<\/p>\n<div id='gallery-1' class='gallery galleryid-8615 gallery-columns-3 gallery-size-medium'><dl class='gallery-item'>\n\t\t\t<dt class='gallery-icon landscape'>\n\t\t\t\t<img loading=\"lazy\" decoding=\"async\" width=\"300\" height=\"210\" src=\"https:\/\/blog.olimar.de\/wp-content\/uploads\/2017\/06\/FAO221-a-Rezeption2017a-300x210.jpg\" class=\"attachment-medium size-medium\" alt=\"Blick auf Rezeptionsgeb\u00e4ude Appartements Vilabranca Algarve\" srcset=\"https:\/\/blog.olimar.de\/wp-content\/uploads\/2017\/06\/FAO221-a-Rezeption2017a-300x210.jpg 300w, https:\/\/blog.olimar.de\/wp-content\/uploads\/2017\/06\/FAO221-a-Rezeption2017a-768x539.jpg 768w, https:\/\/blog.olimar.de\/wp-content\/uploads\/2017\/06\/FAO221-a-Rezeption2017a-1024x718.jpg 1024w, https:\/\/blog.olimar.de\/wp-content\/uploads\/2017\/06\/FAO221-a-Rezeption2017a.jpg 1540w\" sizes=\"auto, (max-width: 300px) 100vw, 300px\" \/>\n\t\t\t<\/dt><\/dl><dl class='gallery-item'>\n\t\t\t<dt class='gallery-icon landscape'>\n\t\t\t\t<img loading=\"lazy\" decoding=\"async\" width=\"300\" height=\"225\" src=\"https:\/\/blog.olimar.de\/wp-content\/uploads\/2017\/06\/FAO221-p-Poolarea2017b-300x225.jpg\" class=\"attachment-medium size-medium\" alt=\"Pool, Sonnenliegen und Appartements Vilabranca Algarve\" srcset=\"https:\/\/blog.olimar.de\/wp-content\/uploads\/2017\/06\/FAO221-p-Poolarea2017b-300x225.jpg 300w, https:\/\/blog.olimar.de\/wp-content\/uploads\/2017\/06\/FAO221-p-Poolarea2017b-768x576.jpg 768w, https:\/\/blog.olimar.de\/wp-content\/uploads\/2017\/06\/FAO221-p-Poolarea2017b-1024x768.jpg 1024w, https:\/\/blog.olimar.de\/wp-content\/uploads\/2017\/06\/FAO221-p-Poolarea2017b.jpg 1440w\" sizes=\"auto, (max-width: 300px) 100vw, 300px\" \/>\n\t\t\t<\/dt><\/dl><dl class='gallery-item'>\n\t\t\t<dt class='gallery-icon landscape'>\n\t\t\t\t<img loading=\"lazy\" decoding=\"async\" width=\"300\" height=\"243\" src=\"https:\/\/blog.olimar.de\/wp-content\/uploads\/2017\/06\/FAO221-p-PoolC-300x243.jpg\" class=\"attachment-medium size-medium\" alt=\"Pool und Liegest\u00fchle Appartements Vilabranca Algarve\" srcset=\"https:\/\/blog.olimar.de\/wp-content\/uploads\/2017\/06\/FAO221-p-PoolC-300x243.jpg 300w, https:\/\/blog.olimar.de\/wp-content\/uploads\/2017\/06\/FAO221-p-PoolC-768x621.jpg 768w, https:\/\/blog.olimar.de\/wp-content\/uploads\/2017\/06\/FAO221-p-PoolC.jpg 1000w\" sizes=\"auto, (max-width: 300px) 100vw, 300px\" \/>\n\t\t\t<\/dt><\/dl><br style=\"clear: both\" \/><dl class='gallery-item'>\n\t\t\t<dt class='gallery-icon landscape'>\n\t\t\t\t<img loading=\"lazy\" decoding=\"async\" width=\"300\" height=\"164\" src=\"https:\/\/blog.olimar.de\/wp-content\/uploads\/2017\/06\/FAO221-z-Room2017b-300x164.jpg\" class=\"attachment-medium size-medium\" alt=\"Wohnzimmer Appartements Vilabranca Algarve\" srcset=\"https:\/\/blog.olimar.de\/wp-content\/uploads\/2017\/06\/FAO221-z-Room2017b-300x164.jpg 300w, https:\/\/blog.olimar.de\/wp-content\/uploads\/2017\/06\/FAO221-z-Room2017b-768x420.jpg 768w, https:\/\/blog.olimar.de\/wp-content\/uploads\/2017\/06\/FAO221-z-Room2017b-1024x561.jpg 1024w, https:\/\/blog.olimar.de\/wp-content\/uploads\/2017\/06\/FAO221-z-Room2017b.jpg 1973w\" sizes=\"auto, (max-width: 300px) 100vw, 300px\" \/>\n\t\t\t<\/dt><\/dl><dl class='gallery-item'>\n\t\t\t<dt class='gallery-icon landscape'>\n\t\t\t\t<img loading=\"lazy\" decoding=\"async\" width=\"300\" height=\"205\" src=\"https:\/\/blog.olimar.de\/wp-content\/uploads\/2017\/06\/FAO221-z-RoomBath2017a-300x205.jpg\" class=\"attachment-medium size-medium\" alt=\"Bad Appartements Vilabranca Algarve\" srcset=\"https:\/\/blog.olimar.de\/wp-content\/uploads\/2017\/06\/FAO221-z-RoomBath2017a-300x205.jpg 300w, https:\/\/blog.olimar.de\/wp-content\/uploads\/2017\/06\/FAO221-z-RoomBath2017a-768x525.jpg 768w, https:\/\/blog.olimar.de\/wp-content\/uploads\/2017\/06\/FAO221-z-RoomBath2017a-1024x700.jpg 1024w, https:\/\/blog.olimar.de\/wp-content\/uploads\/2017\/06\/FAO221-z-RoomBath2017a.jpg 1581w\" sizes=\"auto, (max-width: 300px) 100vw, 300px\" \/>\n\t\t\t<\/dt><\/dl><dl class='gallery-item'>\n\t\t\t<dt class='gallery-icon landscape'>\n\t\t\t\t<img loading=\"lazy\" decoding=\"async\" width=\"300\" height=\"223\" src=\"https:\/\/blog.olimar.de\/wp-content\/uploads\/2017\/06\/FAO221-z-RoomKitchen2017a-300x223.jpg\" class=\"attachment-medium size-medium\" alt=\"K\u00fcche in Appartements Vilabranca Algarve\" srcset=\"https:\/\/blog.olimar.de\/wp-content\/uploads\/2017\/06\/FAO221-z-RoomKitchen2017a-300x223.jpg 300w, https:\/\/blog.olimar.de\/wp-content\/uploads\/2017\/06\/FAO221-z-RoomKitchen2017a-768x572.jpg 768w, https:\/\/blog.olimar.de\/wp-content\/uploads\/2017\/06\/FAO221-z-RoomKitchen2017a-1024x762.jpg 1024w, https:\/\/blog.olimar.de\/wp-content\/uploads\/2017\/06\/FAO221-z-RoomKitchen2017a.jpg 1451w\" sizes=\"auto, (max-width: 300px) 100vw, 300px\" \/>\n\t\t\t<\/dt><\/dl><br style=\"clear: both\" \/>\n\t\t<\/div>\n\n<h3 style=\"text-align: justify;\"><strong>Freizeitm\u00f6glichkeiten rund um die Appartements Vilabranca<\/strong><\/h3>\n<p style=\"text-align: justify;\">Auch einige der sch\u00f6nsten Felsbuchten der Algarve sind fu\u00dfl\u00e4ufig erreichbar, beispielsweise der Praia de Dona Ana oder der Praia do Camilo.<br \/>Die ber\u00fchmte Felsformation Ponta da Piedade, eines der Highlights der Algarve, ist per Spazierweg zu erreichen.<br \/>Lagos selber bietet neben einem angenehmen, mediterranen Flair zahlreiche Einkaufsm\u00f6glichkeiten, Bars, Restaurants und auch einen Zoo. Aktivurlauber kommen mit einem gro\u00dfen Wassersport-Angebot an den umliegenden Str\u00e4nden, zwei Golfpl\u00e4tzen und bspw. einem Kletterpark auf ihre Kosten.<\/p>\n<div id='gallery-2' class='gallery galleryid-8615 gallery-columns-3 gallery-size-medium'><dl class='gallery-item'>\n\t\t\t<dt class='gallery-icon landscape'>\n\t\t\t\t<img loading=\"lazy\" decoding=\"async\" width=\"300\" height=\"200\" src=\"https:\/\/blog.olimar.de\/wp-content\/uploads\/2017\/06\/Portugal-Algarve-Meurers_2429-300x200.jpg\" class=\"attachment-medium size-medium\" alt=\"Felsen am Strand Algarve\" srcset=\"https:\/\/blog.olimar.de\/wp-content\/uploads\/2017\/06\/Portugal-Algarve-Meurers_2429-300x200.jpg 300w, https:\/\/blog.olimar.de\/wp-content\/uploads\/2017\/06\/Portugal-Algarve-Meurers_2429-768x513.jpg 768w, https:\/\/blog.olimar.de\/wp-content\/uploads\/2017\/06\/Portugal-Algarve-Meurers_2429-1024x684.jpg 1024w, https:\/\/blog.olimar.de\/wp-content\/uploads\/2017\/06\/Portugal-Algarve-Meurers_2429-840x560.jpg 840w, https:\/\/blog.olimar.de\/wp-content\/uploads\/2017\/06\/Portugal-Algarve-Meurers_2429-1200x800.jpg 1200w, https:\/\/blog.olimar.de\/wp-content\/uploads\/2017\/06\/Portugal-Algarve-Meurers_2429.jpg 2000w\" sizes=\"auto, (max-width: 300px) 100vw, 300px\" \/>\n\t\t\t<\/dt><\/dl><dl class='gallery-item'>\n\t\t\t<dt class='gallery-icon landscape'>\n\t\t\t\t<img loading=\"lazy\" decoding=\"async\" width=\"300\" height=\"200\" src=\"https:\/\/blog.olimar.de\/wp-content\/uploads\/2017\/06\/Portugal-Algarve-Meurers_2789-300x200.jpg\" class=\"attachment-medium size-medium\" alt=\"Ponta da Piedade Paddler Touristen Algarve\" srcset=\"https:\/\/blog.olimar.de\/wp-content\/uploads\/2017\/06\/Portugal-Algarve-Meurers_2789-300x200.jpg 300w, https:\/\/blog.olimar.de\/wp-content\/uploads\/2017\/06\/Portugal-Algarve-Meurers_2789-768x513.jpg 768w, https:\/\/blog.olimar.de\/wp-content\/uploads\/2017\/06\/Portugal-Algarve-Meurers_2789-1024x684.jpg 1024w, https:\/\/blog.olimar.de\/wp-content\/uploads\/2017\/06\/Portugal-Algarve-Meurers_2789-840x560.jpg 840w, https:\/\/blog.olimar.de\/wp-content\/uploads\/2017\/06\/Portugal-Algarve-Meurers_2789-1200x800.jpg 1200w, https:\/\/blog.olimar.de\/wp-content\/uploads\/2017\/06\/Portugal-Algarve-Meurers_2789.jpg 2000w\" sizes=\"auto, (max-width: 300px) 100vw, 300px\" \/>\n\t\t\t<\/dt><\/dl><dl class='gallery-item'>\n\t\t\t<dt class='gallery-icon portrait'>\n\t\t\t\t<img loading=\"lazy\" decoding=\"async\" width=\"200\" height=\"300\" src=\"https:\/\/blog.olimar.de\/wp-content\/uploads\/2017\/06\/Portugal-Algarve-Meurers_2812-200x300.jpg\" class=\"attachment-medium size-medium\" alt=\"H\u00f6hlen bei Lagos Felsk\u00fcste\" srcset=\"https:\/\/blog.olimar.de\/wp-content\/uploads\/2017\/06\/Portugal-Algarve-Meurers_2812-200x300.jpg 200w, https:\/\/blog.olimar.de\/wp-content\/uploads\/2017\/06\/Portugal-Algarve-Meurers_2812-768x1151.jpg 768w, https:\/\/blog.olimar.de\/wp-content\/uploads\/2017\/06\/Portugal-Algarve-Meurers_2812-684x1024.jpg 684w, https:\/\/blog.olimar.de\/wp-content\/uploads\/2017\/06\/Portugal-Algarve-Meurers_2812.jpg 1335w\" sizes=\"auto, (max-width: 200px) 100vw, 200px\" \/>\n\t\t\t<\/dt><\/dl><br style=\"clear: both\" \/><dl class='gallery-item'>\n\t\t\t<dt class='gallery-icon landscape'>\n\t\t\t\t<img loading=\"lazy\" decoding=\"async\" width=\"300\" height=\"200\" src=\"https:\/\/blog.olimar.de\/wp-content\/uploads\/2017\/06\/Portugal-Algarve-Meurers_2859-300x200.jpg\" class=\"attachment-medium size-medium\" alt=\"H\u00f6hlen Steilk\u00fcste Lagos Algarve\" srcset=\"https:\/\/blog.olimar.de\/wp-content\/uploads\/2017\/06\/Portugal-Algarve-Meurers_2859-300x200.jpg 300w, https:\/\/blog.olimar.de\/wp-content\/uploads\/2017\/06\/Portugal-Algarve-Meurers_2859-768x513.jpg 768w, https:\/\/blog.olimar.de\/wp-content\/uploads\/2017\/06\/Portugal-Algarve-Meurers_2859-1024x684.jpg 1024w, https:\/\/blog.olimar.de\/wp-content\/uploads\/2017\/06\/Portugal-Algarve-Meurers_2859-840x560.jpg 840w, https:\/\/blog.olimar.de\/wp-content\/uploads\/2017\/06\/Portugal-Algarve-Meurers_2859-1200x800.jpg 1200w, https:\/\/blog.olimar.de\/wp-content\/uploads\/2017\/06\/Portugal-Algarve-Meurers_2859.jpg 2000w\" sizes=\"auto, (max-width: 300px) 100vw, 300px\" \/>\n\t\t\t<\/dt><\/dl><dl class='gallery-item'>\n\t\t\t<dt class='gallery-icon portrait'>\n\t\t\t\t<img loading=\"lazy\" decoding=\"async\" width=\"200\" height=\"300\" src=\"https:\/\/blog.olimar.de\/wp-content\/uploads\/2016\/09\/Portugal-Algarve-Meurers_2950-200x300.jpg\" class=\"attachment-medium size-medium\" alt=\"sandstrand urlaub portugal\" srcset=\"https:\/\/blog.olimar.de\/wp-content\/uploads\/2016\/09\/Portugal-Algarve-Meurers_2950-200x300.jpg 200w, https:\/\/blog.olimar.de\/wp-content\/uploads\/2016\/09\/Portugal-Algarve-Meurers_2950-768x1151.jpg 768w, https:\/\/blog.olimar.de\/wp-content\/uploads\/2016\/09\/Portugal-Algarve-Meurers_2950-684x1024.jpg 684w, https:\/\/blog.olimar.de\/wp-content\/uploads\/2016\/09\/Portugal-Algarve-Meurers_2950.jpg 1335w\" sizes=\"auto, (max-width: 200px) 100vw, 200px\" \/>\n\t\t\t<\/dt><\/dl><dl class='gallery-item'>\n\t\t\t<dt class='gallery-icon landscape'>\n\t\t\t\t<img loading=\"lazy\" decoding=\"async\" width=\"300\" height=\"200\" src=\"https:\/\/blog.olimar.de\/wp-content\/uploads\/2016\/09\/Portugal-Algarve-Meurers_2884-300x200.jpg\" class=\"attachment-medium size-medium\" alt=\"Brunnen Anlage Vorplatz\" srcset=\"https:\/\/blog.olimar.de\/wp-content\/uploads\/2016\/09\/Portugal-Algarve-Meurers_2884-300x200.jpg 300w, https:\/\/blog.olimar.de\/wp-content\/uploads\/2016\/09\/Portugal-Algarve-Meurers_2884-768x513.jpg 768w, https:\/\/blog.olimar.de\/wp-content\/uploads\/2016\/09\/Portugal-Algarve-Meurers_2884-1024x684.jpg 1024w, https:\/\/blog.olimar.de\/wp-content\/uploads\/2016\/09\/Portugal-Algarve-Meurers_2884-840x560.jpg 840w, https:\/\/blog.olimar.de\/wp-content\/uploads\/2016\/09\/Portugal-Algarve-Meurers_2884-1200x800.jpg 1200w, https:\/\/blog.olimar.de\/wp-content\/uploads\/2016\/09\/Portugal-Algarve-Meurers_2884.jpg 2000w\" sizes=\"auto, (max-width: 300px) 100vw, 300px\" \/>\n\t\t\t<\/dt><\/dl><br style=\"clear: both\" \/><dl class='gallery-item'>\n\t\t\t<dt class='gallery-icon portrait'>\n\t\t\t\t<img loading=\"lazy\" decoding=\"async\" width=\"200\" height=\"300\" src=\"https:\/\/blog.olimar.de\/wp-content\/uploads\/2016\/09\/Portugal-Algarve-Meurers_2912-200x300.jpg\" class=\"attachment-medium size-medium\" alt=\"Gasse Lagos Hafenstadt\" srcset=\"https:\/\/blog.olimar.de\/wp-content\/uploads\/2016\/09\/Portugal-Algarve-Meurers_2912-200x300.jpg 200w, https:\/\/blog.olimar.de\/wp-content\/uploads\/2016\/09\/Portugal-Algarve-Meurers_2912-768x1151.jpg 768w, https:\/\/blog.olimar.de\/wp-content\/uploads\/2016\/09\/Portugal-Algarve-Meurers_2912-684x1024.jpg 684w, https:\/\/blog.olimar.de\/wp-content\/uploads\/2016\/09\/Portugal-Algarve-Meurers_2912.jpg 1335w\" sizes=\"auto, (max-width: 200px) 100vw, 200px\" \/>\n\t\t\t<\/dt><\/dl>\n\t\t\t<br style='clear: both' \/>\n\t\t<\/div>\n\n<h3 style=\"text-align: justify;\"><strong>Angebote f\u00fcr Sommerurlaub in den Appartements Vilabranca<\/strong><\/h3>\n<p style=\"text-align: justify;\">Im Juli und August &#8211; also in der besten Badeurlaubszeit &#8211; gibt es nach wie vor ausreichend Verf\u00fcgbarkeiten in den Appartements Vilabranca. Als Pauschalreise, also inklusive Nonstop-Flug und Transfer, ist ein einw\u00f6chiger Urlaub bereits ab 431 \u20ac pro Person buchbar.<\/p>\n\n\n<div style=\"height:25px\" aria-hidden=\"true\" class=\"wp-block-spacer\"><\/div>\n\n\n\n<div class=\"wp-block-buttons is-layout-flex wp-block-buttons-is-layout-flex\">\n<div class=\"wp-block-button\"><a class=\"wp-block-button__link wp-element-button\" href=\"https:\/\/www.olimar.de\/hotellistung\/\">Jetzt Urlaubsangebote finden und buchen<\/a><\/div>\n<\/div>\n\n\n\n<div style=\"height:100px\" aria-hidden=\"true\" class=\"wp-block-spacer\"><\/div>\n","protected":false},"excerpt":{"rendered":"<p>F\u00fcr die anstehende Sommersaison bis Anfang November haben wir die bei vielen Stammg\u00e4sten beliebte und gerade frisch renovierte Ferienanlage Vilabranca***+ an der Algarve wieder zus\u00e4tzlich ins Programm aufgenommen. Auch f\u00fcr die begehrten Sommerferientermine gibt es dadurch viele neue Kapazit\u00e4ten. Das familienfreundliche Resort besteht aus 85 geschmackvoll eingerichteten Appartements, die sich um eine gro\u00dfz\u00fcgige Poollandschaft gruppieren. Es liegt etwa 1 km vom Zentrum der Hafenstadt Lagos entfernt in einem ruhigen Wohnviertel. Der n\u00e4chste Sandstrand, der sch\u00f6ne Praia de Porto de M\u00f3s, ist in \u00e4hnlicher Distanz zu finden. 3x t\u00e4glich gibt es sogar einen bequemen Shuttlebus-Service zum Strand. Freizeitm\u00f6glichkeiten rund um die Appartements &hellip;<\/p>\n","protected":false},"author":9,"featured_media":8619,"comment_status":"open","ping_status":"open","sticky":false,"template":"","format":"standard","meta":{"_crdt_document":"","_lmt_disableupdate":"","_lmt_disable":"","footnotes":""},"categories":[32,48],"tags":[24,34],"class_list":["post-8615","post","type-post","status-publish","format-standard","has-post-thumbnail","hentry","category-hoteltipps","category-neues-bei-olimar","tag-algarve","tag-portugal"],"yoast_head":"<!-- This site is optimized with the Yoast SEO plugin v26.9 - https:\/\/yoast.com\/product\/yoast-seo-wordpress\/ -->\n<title>Appartements Vilabranca f\u00fcr perfekten Algarve Urlaub<\/title>\n<meta name=\"description\" content=\"Der Algarve-Klassiker in Lagos, wurde vollst\u00e4ndig renoviert und ist wieder neu und mit vielen Verf\u00fcgbarkeiten im OLIMAR Angebot.\" \/>\n<meta name=\"robots\" content=\"index, follow, max-snippet:-1, max-image-preview:large, max-video-preview:-1\" \/>\n<link rel=\"canonical\" href=\"https:\/\/blog.olimar.de\/appartements-vilabranca\/\" \/>\n<meta property=\"og:locale\" content=\"de_DE\" \/>\n<meta property=\"og:type\" content=\"article\" \/>\n<meta property=\"og:title\" content=\"Appartements Vilabranca f\u00fcr perfekten Algarve Urlaub\" \/>\n<meta property=\"og:description\" content=\"Der Algarve-Klassiker in Lagos, wurde vollst\u00e4ndig renoviert und ist wieder neu und mit vielen Verf\u00fcgbarkeiten im OLIMAR Angebot.\" \/>\n<meta property=\"og:url\" content=\"https:\/\/blog.olimar.de\/appartements-vilabranca\/\" \/>\n<meta property=\"article:publisher\" content=\"https:\/\/www.facebook.com\/OlimarReisen\" \/>\n<meta property=\"article:published_time\" content=\"2017-06-20T13:23:14+00:00\" \/>\n<meta property=\"article:modified_time\" content=\"2022-12-21T15:49:46+00:00\" \/>\n<meta property=\"og:image\" content=\"https:\/\/blog.olimar.de\/wp-content\/uploads\/2017\/06\/FAO221-p-Poolarea2017a.jpg\" \/>\n\t<meta property=\"og:image:width\" content=\"1440\" \/>\n\t<meta property=\"og:image:height\" content=\"1080\" \/>\n\t<meta property=\"og:image:type\" content=\"image\/jpeg\" \/>\n<meta name=\"author\" content=\"OLIMAR Redaktionsteam\" \/>\n<meta name=\"twitter:label1\" content=\"Verfasst von\" \/>\n\t<meta name=\"twitter:data1\" content=\"OLIMAR Redaktionsteam\" \/>\n\t<meta name=\"twitter:label2\" content=\"Gesch\u00e4tzte Lesezeit\" \/>\n\t<meta name=\"twitter:data2\" content=\"2\u00a0Minuten\" \/>\n<script type=\"application\/ld+json\" class=\"yoast-schema-graph\">{\"@context\":\"https:\/\/schema.org\",\"@graph\":[{\"@type\":\"WebPage\",\"@id\":\"https:\/\/blog.olimar.de\/appartements-vilabranca\/\",\"url\":\"https:\/\/blog.olimar.de\/appartements-vilabranca\/\",\"name\":\"Appartements Vilabranca f\u00fcr perfekten Algarve Urlaub\",\"isPartOf\":{\"@id\":\"https:\/\/blog.olimar.de\/#website\"},\"primaryImageOfPage\":{\"@id\":\"https:\/\/blog.olimar.de\/appartements-vilabranca\/#primaryimage\"},\"image\":{\"@id\":\"https:\/\/blog.olimar.de\/appartements-vilabranca\/#primaryimage\"},\"thumbnailUrl\":\"https:\/\/blog.olimar.de\/wp-content\/uploads\/2017\/06\/FAO221-p-Poolarea2017a.jpg\",\"datePublished\":\"2017-06-20T13:23:14+00:00\",\"dateModified\":\"2022-12-21T15:49:46+00:00\",\"description\":\"Der Algarve-Klassiker in Lagos, wurde vollst\u00e4ndig renoviert und ist wieder neu und mit vielen Verf\u00fcgbarkeiten im OLIMAR Angebot.\",\"breadcrumb\":{\"@id\":\"https:\/\/blog.olimar.de\/appartements-vilabranca\/#breadcrumb\"},\"inLanguage\":\"de\",\"potentialAction\":[{\"@type\":\"ReadAction\",\"target\":[\"https:\/\/blog.olimar.de\/appartements-vilabranca\/\"]}]},{\"@type\":\"ImageObject\",\"inLanguage\":\"de\",\"@id\":\"https:\/\/blog.olimar.de\/appartements-vilabranca\/#primaryimage\",\"url\":\"https:\/\/blog.olimar.de\/wp-content\/uploads\/2017\/06\/FAO221-p-Poolarea2017a.jpg\",\"contentUrl\":\"https:\/\/blog.olimar.de\/wp-content\/uploads\/2017\/06\/FAO221-p-Poolarea2017a.jpg\",\"width\":1440,\"height\":1080,\"caption\":\"Pool und Liegest\u00fchle vor Appartements Vilabranca Algarve\"},{\"@type\":\"BreadcrumbList\",\"@id\":\"https:\/\/blog.olimar.de\/appartements-vilabranca\/#breadcrumb\",\"itemListElement\":[{\"@type\":\"ListItem\",\"position\":1,\"name\":\"Home\",\"item\":\"https:\/\/blog.olimar.de\/\"},{\"@type\":\"ListItem\",\"position\":2,\"name\":\"Algarve\",\"item\":\"https:\/\/blog.olimar.de\/tag\/algarve\/\"},{\"@type\":\"ListItem\",\"position\":3,\"name\":\"Appartements Vilabranca &#8211; der beliebte Urlaubsklassiker ist wieder da!\"}]},{\"@type\":\"WebSite\",\"@id\":\"https:\/\/blog.olimar.de\/#website\",\"url\":\"https:\/\/blog.olimar.de\/\",\"name\":\"OLIMAR.com\",\"description\":\"\",\"publisher\":{\"@id\":\"https:\/\/blog.olimar.de\/#organization\"},\"potentialAction\":[{\"@type\":\"SearchAction\",\"target\":{\"@type\":\"EntryPoint\",\"urlTemplate\":\"https:\/\/blog.olimar.de\/?s={search_term_string}\"},\"query-input\":{\"@type\":\"PropertyValueSpecification\",\"valueRequired\":true,\"valueName\":\"search_term_string\"}}],\"inLanguage\":\"de\"},{\"@type\":\"Organization\",\"@id\":\"https:\/\/blog.olimar.de\/#organization\",\"name\":\"OLIMAR Reisen\",\"url\":\"https:\/\/blog.olimar.de\/\",\"logo\":{\"@type\":\"ImageObject\",\"inLanguage\":\"de\",\"@id\":\"https:\/\/blog.olimar.de\/#\/schema\/logo\/image\/\",\"url\":\"https:\/\/blog.olimar.de\/wp-content\/uploads\/2021\/01\/OLIMAR_Logo_COLOR.png\",\"contentUrl\":\"https:\/\/blog.olimar.de\/wp-content\/uploads\/2021\/01\/OLIMAR_Logo_COLOR.png\",\"width\":2000,\"height\":986,\"caption\":\"OLIMAR Reisen\"},\"image\":{\"@id\":\"https:\/\/blog.olimar.de\/#\/schema\/logo\/image\/\"},\"sameAs\":[\"https:\/\/www.facebook.com\/OlimarReisen\",\"https:\/\/x.com\/olimarrreisen\",\"https:\/\/www.instagram.com\/olimarreisen\",\"https:\/\/www.youtube.com\/user\/olimarreisen\"]}]}<\/script>\n<!-- \/ Yoast SEO plugin. -->","yoast_head_json":{"title":"Appartements Vilabranca f\u00fcr perfekten Algarve Urlaub","description":"Der Algarve-Klassiker in Lagos, wurde vollst\u00e4ndig renoviert und ist wieder neu und mit vielen Verf\u00fcgbarkeiten im OLIMAR Angebot.","robots":{"index":"index","follow":"follow","max-snippet":"max-snippet:-1","max-image-preview":"max-image-preview:large","max-video-preview":"max-video-preview:-1"},"canonical":"https:\/\/blog.olimar.de\/appartements-vilabranca\/","og_locale":"de_DE","og_type":"article","og_title":"Appartements Vilabranca f\u00fcr perfekten Algarve Urlaub","og_description":"Der Algarve-Klassiker in Lagos, wurde vollst\u00e4ndig renoviert und ist wieder neu und mit vielen Verf\u00fcgbarkeiten im OLIMAR Angebot.","og_url":"https:\/\/blog.olimar.de\/appartements-vilabranca\/","article_publisher":"https:\/\/www.facebook.com\/OlimarReisen","article_published_time":"2017-06-20T13:23:14+00:00","article_modified_time":"2022-12-21T15:49:46+00:00","og_image":[{"width":1440,"height":1080,"url":"https:\/\/blog.olimar.de\/wp-content\/uploads\/2017\/06\/FAO221-p-Poolarea2017a.jpg","type":"image\/jpeg"}],"author":"OLIMAR Redaktionsteam","twitter_misc":{"Verfasst von":"OLIMAR Redaktionsteam","Gesch\u00e4tzte Lesezeit":"2\u00a0Minuten"},"schema":{"@context":"https:\/\/schema.org","@graph":[{"@type":"WebPage","@id":"https:\/\/blog.olimar.de\/appartements-vilabranca\/","url":"https:\/\/blog.olimar.de\/appartements-vilabranca\/","name":"Appartements Vilabranca f\u00fcr perfekten Algarve Urlaub","isPartOf":{"@id":"https:\/\/blog.olimar.de\/#website"},"primaryImageOfPage":{"@id":"https:\/\/blog.olimar.de\/appartements-vilabranca\/#primaryimage"},"image":{"@id":"https:\/\/blog.olimar.de\/appartements-vilabranca\/#primaryimage"},"thumbnailUrl":"https:\/\/blog.olimar.de\/wp-content\/uploads\/2017\/06\/FAO221-p-Poolarea2017a.jpg","datePublished":"2017-06-20T13:23:14+00:00","dateModified":"2022-12-21T15:49:46+00:00","description":"Der Algarve-Klassiker in Lagos, wurde vollst\u00e4ndig renoviert und ist wieder neu und mit vielen Verf\u00fcgbarkeiten im OLIMAR Angebot.","breadcrumb":{"@id":"https:\/\/blog.olimar.de\/appartements-vilabranca\/#breadcrumb"},"inLanguage":"de","potentialAction":[{"@type":"ReadAction","target":["https:\/\/blog.olimar.de\/appartements-vilabranca\/"]}]},{"@type":"ImageObject","inLanguage":"de","@id":"https:\/\/blog.olimar.de\/appartements-vilabranca\/#primaryimage","url":"https:\/\/blog.olimar.de\/wp-content\/uploads\/2017\/06\/FAO221-p-Poolarea2017a.jpg","contentUrl":"https:\/\/blog.olimar.de\/wp-content\/uploads\/2017\/06\/FAO221-p-Poolarea2017a.jpg","width":1440,"height":1080,"caption":"Pool und Liegest\u00fchle vor Appartements Vilabranca Algarve"},{"@type":"BreadcrumbList","@id":"https:\/\/blog.olimar.de\/appartements-vilabranca\/#breadcrumb","itemListElement":[{"@type":"ListItem","position":1,"name":"Home","item":"https:\/\/blog.olimar.de\/"},{"@type":"ListItem","position":2,"name":"Algarve","item":"https:\/\/blog.olimar.de\/tag\/algarve\/"},{"@type":"ListItem","position":3,"name":"Appartements Vilabranca &#8211; der beliebte Urlaubsklassiker ist wieder da!"}]},{"@type":"WebSite","@id":"https:\/\/blog.olimar.de\/#website","url":"https:\/\/blog.olimar.de\/","name":"OLIMAR.com","description":"","publisher":{"@id":"https:\/\/blog.olimar.de\/#organization"},"potentialAction":[{"@type":"SearchAction","target":{"@type":"EntryPoint","urlTemplate":"https:\/\/blog.olimar.de\/?s={search_term_string}"},"query-input":{"@type":"PropertyValueSpecification","valueRequired":true,"valueName":"search_term_string"}}],"inLanguage":"de"},{"@type":"Organization","@id":"https:\/\/blog.olimar.de\/#organization","name":"OLIMAR Reisen","url":"https:\/\/blog.olimar.de\/","logo":{"@type":"ImageObject","inLanguage":"de","@id":"https:\/\/blog.olimar.de\/#\/schema\/logo\/image\/","url":"https:\/\/blog.olimar.de\/wp-content\/uploads\/2021\/01\/OLIMAR_Logo_COLOR.png","contentUrl":"https:\/\/blog.olimar.de\/wp-content\/uploads\/2021\/01\/OLIMAR_Logo_COLOR.png","width":2000,"height":986,"caption":"OLIMAR Reisen"},"image":{"@id":"https:\/\/blog.olimar.de\/#\/schema\/logo\/image\/"},"sameAs":["https:\/\/www.facebook.com\/OlimarReisen","https:\/\/x.com\/olimarrreisen","https:\/\/www.instagram.com\/olimarreisen","https:\/\/www.youtube.com\/user\/olimarreisen"]}]}},"modified_by":"Lena Radermacher","jetpack_featured_media_url":"https:\/\/blog.olimar.de\/wp-content\/uploads\/2017\/06\/FAO221-p-Poolarea2017a.jpg","_links":{"self":[{"href":"https:\/\/blog.olimar.de\/wp-json\/wp\/v2\/posts\/8615","targetHints":{"allow":["GET"]}}],"collection":[{"href":"https:\/\/blog.olimar.de\/wp-json\/wp\/v2\/posts"}],"about":[{"href":"https:\/\/blog.olimar.de\/wp-json\/wp\/v2\/types\/post"}],"author":[{"embeddable":true,"href":"https:\/\/blog.olimar.de\/wp-json\/wp\/v2\/users\/9"}],"replies":[{"embeddable":true,"href":"https:\/\/blog.olimar.de\/wp-json\/wp\/v2\/comments?post=8615"}],"version-history":[{"count":15,"href":"https:\/\/blog.olimar.de\/wp-json\/wp\/v2\/posts\/8615\/revisions"}],"predecessor-version":[{"id":22770,"href":"https:\/\/blog.olimar.de\/wp-json\/wp\/v2\/posts\/8615\/revisions\/22770"}],"wp:featuredmedia":[{"embeddable":true,"href":"https:\/\/blog.olimar.de\/wp-json\/wp\/v2\/media\/8619"}],"wp:attachment":[{"href":"https:\/\/blog.olimar.de\/wp-json\/wp\/v2\/media?parent=8615"}],"wp:term":[{"taxonomy":"category","embeddable":true,"href":"https:\/\/blog.olimar.de\/wp-json\/wp\/v2\/categories?post=8615"},{"taxonomy":"post_tag","embeddable":true,"href":"https:\/\/blog.olimar.de\/wp-json\/wp\/v2\/tags?post=8615"}],"curies":[{"name":"wp","href":"https:\/\/api.w.org\/{rel}","templated":true}]}}