{"id":8829,"date":"2017-11-16T12:17:32","date_gmt":"2017-11-16T11:17:32","guid":{"rendered":"https:\/\/blog.olimar.de\/?p=8829"},"modified":"2024-02-21T09:27:45","modified_gmt":"2024-02-21T08:27:45","slug":"portwein","status":"publish","type":"post","link":"https:\/\/blog.olimar.de\/portwein\/","title":{"rendered":"Portwein: die Mutter der Weine"},"content":{"rendered":"<p class=\"intro\">Eine h\u00f6lzerne F\u00e4hre verbindet Portos Altstadt mit Vila Nova de Gaia auf der anderen Seite des Flusses. Dort reihen sich im Dauer-Schatten der nach S\u00fcden steil aufsteigenden Berge die Portwein-Kellereien ber\u00fchmter Marken wie Ramos Pinto oder Sandeman aneinander.<\/p>\n<p><span class=\"dropcap\">D<\/span>ie Winzer bauen die Trauben im oberen<strong> Douro-Tal<\/strong> rund 100 Kilometer flussaufw\u00e4rts an. Dort wird es im Sommer wochenlang bis zu 45 Grad hei\u00df und im Winter sehr kalt. 1756 erhielt das extrem trockene Weinbaugebiet als erstes weltweit die gesch\u00fctzte Herkunftsbezeichnung Domaine d\u2019Origine Control\u00e9e D.O.C. \u00dcber Jahrhunderte brachten die Weinbauern ihre Ernte auf offenen h\u00f6lzernen Segelbooten, den Rabelos, in Holzf\u00e4ssern den Fluss hinunter in die Kellereien von Vila Nova de Gaia. Seit Lastwagen diesen Job \u00fcbernommen haben ruhen viele der historischen mit Weinf\u00e4ssern beladenen Boote als Dekoration am Flussufer.<br \/>\nNach zwei bis f\u00fcnf Tagen stoppen die Kelterer die Fermentierung des Weins, indem sie rund 20 Prozent Branntwein hinzugeben. Blender mischen aus den verschiedenen Weinen in jeder Kellerei eigene Kreationen, die anschlie\u00dfend in Eichenf\u00e4ssern, Flaschen oder Stahltanks reifen. So entstehen die Sorten <strong>Ruby<\/strong> (rubinrot),<strong> Tawny<\/strong> (gelb-braun) und die<strong> wei\u00dfen Portweine<\/strong>. Jede Art der Lagerung ver\u00e4ndert nochmal den Geschmack.<\/p>\n<p><img loading=\"lazy\" decoding=\"async\" class=\"alignnone wp-image-8918 size-large\" src=\"https:\/\/blog.olimar.de\/wp-content\/uploads\/2017\/10\/pt_P_Rib9295-1024x683.jpg\" alt=\"Douro in Porto\" width=\"840\" height=\"560\" srcset=\"https:\/\/blog.olimar.de\/wp-content\/uploads\/2017\/10\/pt_P_Rib9295-1024x683.jpg 1024w, https:\/\/blog.olimar.de\/wp-content\/uploads\/2017\/10\/pt_P_Rib9295-300x200.jpg 300w, https:\/\/blog.olimar.de\/wp-content\/uploads\/2017\/10\/pt_P_Rib9295-768x512.jpg 768w, https:\/\/blog.olimar.de\/wp-content\/uploads\/2017\/10\/pt_P_Rib9295-840x560.jpg 840w, https:\/\/blog.olimar.de\/wp-content\/uploads\/2017\/10\/pt_P_Rib9295-1200x800.jpg 1200w\" sizes=\"auto, (max-width: 840px) 100vw, 840px\" \/><\/p>\n<h3><strong>Portweine haben Pers\u00f6nlichkeit<\/strong><\/h3>\n<p>F\u00fcr Eva Rodrigues sind die Portweine \u201eLebewesen\u201c, die sie auf dem Weg zu ihrer vollen Reife begleitet. Die 51-j\u00e4hrige Chemikerin und Agraringenieurin versteht sich als \u201e<strong>Mutter der Weine<\/strong>\u201c, die ihren \u201eKindern ihre Pers\u00f6nlichkeit l\u00e4sst\u201c. Als \u201eBlenderin\u201c der Kellerei Ramos Pinto mischt sie die jungen Portweine verschiedener Lagen eines jeden Jahrgangs. \u201eMikroorganismen, die H\u00f6he des Weinbergs, seine Ausrichtung und die Bodenqualit\u00e4t geben jeder Traube ihren eigenen Charakter\u201c, erkl\u00e4rt sie. Dann gie\u00dft sie einen Schluck rubinroten Ruby aus ihrem Reagenzglas in einen Weinschwenker, riecht mit geschlossenen Augen daran und nickt zufrieden.<br \/>\nZu ihrem ungew\u00f6hnlichen Job kam Eva eher durch Zufall. Studiert hatte sie Land- und Forstwirtschaft, weil sie im Wald arbeiten und die Natur sch\u00fctzen wollte. Dann half sie bei der Re-Privatisierung der w\u00e4hrend der Nelkenrevolution 1974 enteigneten Landg\u00fcter. Als ihr kranker Cousin sie um Hilfe im Familienbetrieb Ramos Pinto bat fing sie dort im Labor an, besch\u00e4ftigte sich immer intensiver mit dem Portwein und entdeckte schlie\u00dflich ihr Talent f\u00fcr die \u201eAufzucht junger Weine.\u201c Seitdem steht sie vor allem im Probiersaal, mischt, probiert, beobachtet, l\u00e4sst ihre Kinder reifen, gibt Impulse und lernt auch nach 30 Jahren immer noch dazu.<br \/>\nObjektiv guten Portwein gibt es f\u00fcr die freundliche Frau mit den langen braunen Haaren nicht. \u201e<strong>Jedes Haus hat seinen eigenen Geschmack.<\/strong>\u201c Den gelte es zu kennen, zu gestalten und weiter zu entwickeln.<\/p>\n<p><img loading=\"lazy\" decoding=\"async\" class=\"alignnone wp-image-8902 size-large\" src=\"https:\/\/blog.olimar.de\/wp-content\/uploads\/2017\/10\/pt_P_Grah9305-1024x682.jpg\" alt=\"Gl\u00e4ser Portwein Porto\" width=\"840\" height=\"559\" srcset=\"https:\/\/blog.olimar.de\/wp-content\/uploads\/2017\/10\/pt_P_Grah9305-1024x682.jpg 1024w, https:\/\/blog.olimar.de\/wp-content\/uploads\/2017\/10\/pt_P_Grah9305-300x200.jpg 300w, https:\/\/blog.olimar.de\/wp-content\/uploads\/2017\/10\/pt_P_Grah9305-768x512.jpg 768w, https:\/\/blog.olimar.de\/wp-content\/uploads\/2017\/10\/pt_P_Grah9305-840x560.jpg 840w, https:\/\/blog.olimar.de\/wp-content\/uploads\/2017\/10\/pt_P_Grah9305-1200x800.jpg 1200w\" sizes=\"auto, (max-width: 840px) 100vw, 840px\" \/><\/p>\n<h3><strong>OLIMAR Tipps zum Portwein<\/strong><\/h3>\n<p>Die Portweinkellereien liegen alle am Ufer des Douro in Vila Nova de Gaia, weil es dort im Schatten der s\u00fcdlich angrenzenden Berge k\u00fchler ist als auf der anderen Seite des Flusses. Die Kellereien bieten F\u00fchrungen und Verkostungen an. Nat\u00fcrlich behauptet jeder Anbieter, den besten Portwein zu produzieren, zum Beispiel:<br \/>\nRamos Pinto Vinhos, Ave. Ramos Pinto 380, www.ramospinto.pt<\/p>\n<p>Portwein-Institut mit vielen Hintergrundinfos: ivdp.pt<\/p>\n","protected":false},"excerpt":{"rendered":"<p>Eine h\u00f6lzerne F\u00e4hre verbindet Portos Altstadt mit Vila Nova de Gaia auf der anderen Seite des Flusses. Dort reihen sich im Dauer-Schatten der nach S\u00fcden steil aufsteigenden Berge die Portwein-Kellereien ber\u00fchmter Marken wie Ramos Pinto oder Sandeman aneinander.<\/p>\n","protected":false},"author":33,"featured_media":8843,"comment_status":"open","ping_status":"open","sticky":false,"template":"","format":"standard","meta":{"_crdt_document":"","_lmt_disableupdate":"","_lmt_disable":"","footnotes":""},"categories":[30],"tags":[211,110,34],"class_list":["post-8829","post","type-post","status-publish","format-standard","has-post-thumbnail","hentry","category-kulinarik-genuss","tag-dourotal","tag-porto","tag-portugal"],"yoast_head":"<!-- This site is optimized with the Yoast SEO plugin v26.9 - https:\/\/yoast.com\/product\/yoast-seo-wordpress\/ -->\n<title>Portwein - Interessantes \u00fcber die Mutter der Weine<\/title>\n<meta name=\"description\" content=\"Eine h\u00f6lzerne F\u00e4hre verbindet Portos Altstadt mit Vila Nova de Gaia. Dort reihen sich die namenhaftesten Portwein-Kellereien aneinander.\" \/>\n<meta name=\"robots\" content=\"index, follow, max-snippet:-1, max-image-preview:large, max-video-preview:-1\" \/>\n<link rel=\"canonical\" href=\"https:\/\/blog.olimar.de\/portwein\/\" \/>\n<meta property=\"og:locale\" content=\"de_DE\" \/>\n<meta property=\"og:type\" content=\"article\" \/>\n<meta property=\"og:title\" content=\"Portwein - Interessantes \u00fcber die Mutter der Weine\" \/>\n<meta property=\"og:description\" content=\"Eine h\u00f6lzerne F\u00e4hre verbindet Portos Altstadt mit Vila Nova de Gaia. Dort reihen sich die namenhaftesten Portwein-Kellereien aneinander.\" \/>\n<meta property=\"og:url\" content=\"https:\/\/blog.olimar.de\/portwein\/\" \/>\n<meta property=\"article:publisher\" content=\"https:\/\/www.facebook.com\/OlimarReisen\" \/>\n<meta property=\"article:published_time\" content=\"2017-11-16T11:17:32+00:00\" \/>\n<meta property=\"article:modified_time\" content=\"2024-02-21T08:27:45+00:00\" \/>\n<meta property=\"og:image\" content=\"https:\/\/blog.olimar.de\/wp-content\/uploads\/2017\/10\/pt_P_PW0507-e1518802523682.jpg\" \/>\n\t<meta property=\"og:image:width\" content=\"1000\" \/>\n\t<meta property=\"og:image:height\" content=\"668\" \/>\n\t<meta property=\"og:image:type\" content=\"image\/jpeg\" \/>\n<meta name=\"author\" content=\"Robert F.\" \/>\n<meta name=\"twitter:label1\" content=\"Verfasst von\" \/>\n\t<meta name=\"twitter:data1\" content=\"Robert F.\" \/>\n\t<meta name=\"twitter:label2\" content=\"Gesch\u00e4tzte Lesezeit\" \/>\n\t<meta name=\"twitter:data2\" content=\"4\u00a0Minuten\" \/>\n<script type=\"application\/ld+json\" class=\"yoast-schema-graph\">{\"@context\":\"https:\/\/schema.org\",\"@graph\":[{\"@type\":\"WebPage\",\"@id\":\"https:\/\/blog.olimar.de\/portwein\/\",\"url\":\"https:\/\/blog.olimar.de\/portwein\/\",\"name\":\"Portwein - Interessantes \u00fcber die Mutter der Weine\",\"isPartOf\":{\"@id\":\"https:\/\/blog.olimar.de\/#website\"},\"primaryImageOfPage\":{\"@id\":\"https:\/\/blog.olimar.de\/portwein\/#primaryimage\"},\"image\":{\"@id\":\"https:\/\/blog.olimar.de\/portwein\/#primaryimage\"},\"thumbnailUrl\":\"https:\/\/blog.olimar.de\/wp-content\/uploads\/2017\/10\/pt_P_PW0507-e1518802523682.jpg\",\"datePublished\":\"2017-11-16T11:17:32+00:00\",\"dateModified\":\"2024-02-21T08:27:45+00:00\",\"description\":\"Eine h\u00f6lzerne F\u00e4hre verbindet Portos Altstadt mit Vila Nova de Gaia. Dort reihen sich die namenhaftesten Portwein-Kellereien aneinander.\",\"breadcrumb\":{\"@id\":\"https:\/\/blog.olimar.de\/portwein\/#breadcrumb\"},\"inLanguage\":\"de\",\"potentialAction\":[{\"@type\":\"ReadAction\",\"target\":[\"https:\/\/blog.olimar.de\/portwein\/\"]}]},{\"@type\":\"ImageObject\",\"inLanguage\":\"de\",\"@id\":\"https:\/\/blog.olimar.de\/portwein\/#primaryimage\",\"url\":\"https:\/\/blog.olimar.de\/wp-content\/uploads\/2017\/10\/pt_P_PW0507-e1518802523682.jpg\",\"contentUrl\":\"https:\/\/blog.olimar.de\/wp-content\/uploads\/2017\/10\/pt_P_PW0507-e1518802523682.jpg\",\"width\":1000,\"height\":668,\"caption\":\"Weinflaschen in der Portwein Kellerei Ramos Pinto\"},{\"@type\":\"BreadcrumbList\",\"@id\":\"https:\/\/blog.olimar.de\/portwein\/#breadcrumb\",\"itemListElement\":[{\"@type\":\"ListItem\",\"position\":1,\"name\":\"Home\",\"item\":\"https:\/\/blog.olimar.de\/\"},{\"@type\":\"ListItem\",\"position\":2,\"name\":\"Dourotal\",\"item\":\"https:\/\/blog.olimar.de\/tag\/dourotal\/\"},{\"@type\":\"ListItem\",\"position\":3,\"name\":\"Portwein: die Mutter der Weine\"}]},{\"@type\":\"WebSite\",\"@id\":\"https:\/\/blog.olimar.de\/#website\",\"url\":\"https:\/\/blog.olimar.de\/\",\"name\":\"OLIMAR.com\",\"description\":\"\",\"publisher\":{\"@id\":\"https:\/\/blog.olimar.de\/#organization\"},\"potentialAction\":[{\"@type\":\"SearchAction\",\"target\":{\"@type\":\"EntryPoint\",\"urlTemplate\":\"https:\/\/blog.olimar.de\/?s={search_term_string}\"},\"query-input\":{\"@type\":\"PropertyValueSpecification\",\"valueRequired\":true,\"valueName\":\"search_term_string\"}}],\"inLanguage\":\"de\"},{\"@type\":\"Organization\",\"@id\":\"https:\/\/blog.olimar.de\/#organization\",\"name\":\"OLIMAR Reisen\",\"url\":\"https:\/\/blog.olimar.de\/\",\"logo\":{\"@type\":\"ImageObject\",\"inLanguage\":\"de\",\"@id\":\"https:\/\/blog.olimar.de\/#\/schema\/logo\/image\/\",\"url\":\"https:\/\/blog.olimar.de\/wp-content\/uploads\/2021\/01\/OLIMAR_Logo_COLOR.png\",\"contentUrl\":\"https:\/\/blog.olimar.de\/wp-content\/uploads\/2021\/01\/OLIMAR_Logo_COLOR.png\",\"width\":2000,\"height\":986,\"caption\":\"OLIMAR Reisen\"},\"image\":{\"@id\":\"https:\/\/blog.olimar.de\/#\/schema\/logo\/image\/\"},\"sameAs\":[\"https:\/\/www.facebook.com\/OlimarReisen\",\"https:\/\/x.com\/olimarrreisen\",\"https:\/\/www.instagram.com\/olimarreisen\",\"https:\/\/www.youtube.com\/user\/olimarreisen\"]}]}<\/script>\n<!-- \/ Yoast SEO plugin. -->","yoast_head_json":{"title":"Portwein - Interessantes \u00fcber die Mutter der Weine","description":"Eine h\u00f6lzerne F\u00e4hre verbindet Portos Altstadt mit Vila Nova de Gaia. Dort reihen sich die namenhaftesten Portwein-Kellereien aneinander.","robots":{"index":"index","follow":"follow","max-snippet":"max-snippet:-1","max-image-preview":"max-image-preview:large","max-video-preview":"max-video-preview:-1"},"canonical":"https:\/\/blog.olimar.de\/portwein\/","og_locale":"de_DE","og_type":"article","og_title":"Portwein - Interessantes \u00fcber die Mutter der Weine","og_description":"Eine h\u00f6lzerne F\u00e4hre verbindet Portos Altstadt mit Vila Nova de Gaia. Dort reihen sich die namenhaftesten Portwein-Kellereien aneinander.","og_url":"https:\/\/blog.olimar.de\/portwein\/","article_publisher":"https:\/\/www.facebook.com\/OlimarReisen","article_published_time":"2017-11-16T11:17:32+00:00","article_modified_time":"2024-02-21T08:27:45+00:00","og_image":[{"width":1000,"height":668,"url":"https:\/\/blog.olimar.de\/wp-content\/uploads\/2017\/10\/pt_P_PW0507-e1518802523682.jpg","type":"image\/jpeg"}],"author":"Robert F.","twitter_misc":{"Verfasst von":"Robert F.","Gesch\u00e4tzte Lesezeit":"4\u00a0Minuten"},"schema":{"@context":"https:\/\/schema.org","@graph":[{"@type":"WebPage","@id":"https:\/\/blog.olimar.de\/portwein\/","url":"https:\/\/blog.olimar.de\/portwein\/","name":"Portwein - Interessantes \u00fcber die Mutter der Weine","isPartOf":{"@id":"https:\/\/blog.olimar.de\/#website"},"primaryImageOfPage":{"@id":"https:\/\/blog.olimar.de\/portwein\/#primaryimage"},"image":{"@id":"https:\/\/blog.olimar.de\/portwein\/#primaryimage"},"thumbnailUrl":"https:\/\/blog.olimar.de\/wp-content\/uploads\/2017\/10\/pt_P_PW0507-e1518802523682.jpg","datePublished":"2017-11-16T11:17:32+00:00","dateModified":"2024-02-21T08:27:45+00:00","description":"Eine h\u00f6lzerne F\u00e4hre verbindet Portos Altstadt mit Vila Nova de Gaia. Dort reihen sich die namenhaftesten Portwein-Kellereien aneinander.","breadcrumb":{"@id":"https:\/\/blog.olimar.de\/portwein\/#breadcrumb"},"inLanguage":"de","potentialAction":[{"@type":"ReadAction","target":["https:\/\/blog.olimar.de\/portwein\/"]}]},{"@type":"ImageObject","inLanguage":"de","@id":"https:\/\/blog.olimar.de\/portwein\/#primaryimage","url":"https:\/\/blog.olimar.de\/wp-content\/uploads\/2017\/10\/pt_P_PW0507-e1518802523682.jpg","contentUrl":"https:\/\/blog.olimar.de\/wp-content\/uploads\/2017\/10\/pt_P_PW0507-e1518802523682.jpg","width":1000,"height":668,"caption":"Weinflaschen in der Portwein Kellerei Ramos Pinto"},{"@type":"BreadcrumbList","@id":"https:\/\/blog.olimar.de\/portwein\/#breadcrumb","itemListElement":[{"@type":"ListItem","position":1,"name":"Home","item":"https:\/\/blog.olimar.de\/"},{"@type":"ListItem","position":2,"name":"Dourotal","item":"https:\/\/blog.olimar.de\/tag\/dourotal\/"},{"@type":"ListItem","position":3,"name":"Portwein: die Mutter der Weine"}]},{"@type":"WebSite","@id":"https:\/\/blog.olimar.de\/#website","url":"https:\/\/blog.olimar.de\/","name":"OLIMAR.com","description":"","publisher":{"@id":"https:\/\/blog.olimar.de\/#organization"},"potentialAction":[{"@type":"SearchAction","target":{"@type":"EntryPoint","urlTemplate":"https:\/\/blog.olimar.de\/?s={search_term_string}"},"query-input":{"@type":"PropertyValueSpecification","valueRequired":true,"valueName":"search_term_string"}}],"inLanguage":"de"},{"@type":"Organization","@id":"https:\/\/blog.olimar.de\/#organization","name":"OLIMAR Reisen","url":"https:\/\/blog.olimar.de\/","logo":{"@type":"ImageObject","inLanguage":"de","@id":"https:\/\/blog.olimar.de\/#\/schema\/logo\/image\/","url":"https:\/\/blog.olimar.de\/wp-content\/uploads\/2021\/01\/OLIMAR_Logo_COLOR.png","contentUrl":"https:\/\/blog.olimar.de\/wp-content\/uploads\/2021\/01\/OLIMAR_Logo_COLOR.png","width":2000,"height":986,"caption":"OLIMAR Reisen"},"image":{"@id":"https:\/\/blog.olimar.de\/#\/schema\/logo\/image\/"},"sameAs":["https:\/\/www.facebook.com\/OlimarReisen","https:\/\/x.com\/olimarrreisen","https:\/\/www.instagram.com\/olimarreisen","https:\/\/www.youtube.com\/user\/olimarreisen"]}]}},"modified_by":"Wiebke Fix","jetpack_featured_media_url":"https:\/\/blog.olimar.de\/wp-content\/uploads\/2017\/10\/pt_P_PW0507-e1518802523682.jpg","_links":{"self":[{"href":"https:\/\/blog.olimar.de\/wp-json\/wp\/v2\/posts\/8829","targetHints":{"allow":["GET"]}}],"collection":[{"href":"https:\/\/blog.olimar.de\/wp-json\/wp\/v2\/posts"}],"about":[{"href":"https:\/\/blog.olimar.de\/wp-json\/wp\/v2\/types\/post"}],"author":[{"embeddable":true,"href":"https:\/\/blog.olimar.de\/wp-json\/wp\/v2\/users\/33"}],"replies":[{"embeddable":true,"href":"https:\/\/blog.olimar.de\/wp-json\/wp\/v2\/comments?post=8829"}],"version-history":[{"count":20,"href":"https:\/\/blog.olimar.de\/wp-json\/wp\/v2\/posts\/8829\/revisions"}],"predecessor-version":[{"id":27341,"href":"https:\/\/blog.olimar.de\/wp-json\/wp\/v2\/posts\/8829\/revisions\/27341"}],"wp:featuredmedia":[{"embeddable":true,"href":"https:\/\/blog.olimar.de\/wp-json\/wp\/v2\/media\/8843"}],"wp:attachment":[{"href":"https:\/\/blog.olimar.de\/wp-json\/wp\/v2\/media?parent=8829"}],"wp:term":[{"taxonomy":"category","embeddable":true,"href":"https:\/\/blog.olimar.de\/wp-json\/wp\/v2\/categories?post=8829"},{"taxonomy":"post_tag","embeddable":true,"href":"https:\/\/blog.olimar.de\/wp-json\/wp\/v2\/tags?post=8829"}],"curies":[{"name":"wp","href":"https:\/\/api.w.org\/{rel}","templated":true}]}}