{"id":8867,"date":"2017-10-27T13:05:24","date_gmt":"2017-10-27T11:05:24","guid":{"rendered":"https:\/\/blog.olimar.de\/?p=8867"},"modified":"2023-03-04T10:02:33","modified_gmt":"2023-03-04T09:02:33","slug":"tunas-in-porto","status":"publish","type":"post","link":"https:\/\/blog.olimar.de\/tunas-in-porto\/","title":{"rendered":"Tunas in Porto: Die studentischen Stra\u00dfenmusik-Gruppen"},"content":{"rendered":"\n<p><strong>Manchmal sieht und h\u00f6rt man sie in der Fu\u00dfg\u00e4ngerzone R\u00faa Santa Catarina oder auf einem der gr\u00f6\u00dferen Pl\u00e4tze in der Altstadt: zehn, 15 junge M\u00e4nner in weiten schwarzen Umh\u00e4ngen, die auf Gitarren, einem Kontrabass und anderen Instrumenten herzzerrei\u00dfende Lieder spielen und dazu schmachtend von der Liebe und anderem Herzensleid singen.<\/strong><\/p>\n\n\n\n<div class=\"wp-block-buttons is-layout-flex wp-block-buttons-is-layout-flex\">\n<div class=\"wp-block-button\"><a class=\"wp-block-button__link wp-element-button\" href=\"https:\/\/www.olimar.de\/portugal\/metropolen\/porto\/\">Porto Reiseangebote und Hoteltipps entdecken<\/a><\/div>\n<\/div>\n\n\n\n<div style=\"height:25px\" aria-hidden=\"true\" class=\"wp-block-spacer\"><\/div>\n\n\n<p><span class=\"dropcap\">O<\/span>bwohl ich nur einzelne W\u00f6rter verstehe, kriecht mir bei manchen St\u00fccken eine G\u00e4nsehaut den R\u00fccken hinauf. \u201eUrspr\u00fcnglich wollten die Studenten mit ihrer Musik vor allem die M\u00e4dchen bezirzen\u201c, erz\u00e4hlt einer der jungen M\u00e4nner grinsend und erg\u00e4nzt auf meine Nachfrage: \u201eManchmal klappt es.\u201c<\/p>\n<p>Entstanden sind die singenden Studentenverbindungen an der <strong>Universit\u00e4t in Coimbra<\/strong>. Von dort kamen sie Mitte des 20. Jahrhunderts nach<strong> <a href=\"https:\/\/www.olimar.de\/portugal\/metropolen\/porto\/\">Porto<\/a>. <\/strong>\u00c4hnlich wie die Praxe (sprich Prasch) &#8211; die bizarr anmutenden Aufnahmerituale f\u00fcr Erstsemester. Die m\u00fcssen vor den \u00c4lteren auf dem Boden kriechen oder Mutproben bestehen. Manche werden auch zur \u201eTaufe\u201c in einen Brunnen geworfen.<\/p>\n<div id='gallery-1' class='gallery galleryid-8867 gallery-columns-3 gallery-size-thumbnail'><dl class='gallery-item'>\n\t\t\t<dt class='gallery-icon landscape'>\n\t\t\t\t<img loading=\"lazy\" decoding=\"async\" width=\"150\" height=\"150\" src=\"https:\/\/blog.olimar.de\/wp-content\/uploads\/2017\/10\/pt_P_Rib0187-150x150.jpg\" class=\"attachment-thumbnail size-thumbnail\" alt=\"Porto Douroufer Boote Br\u00fccke\" srcset=\"https:\/\/blog.olimar.de\/wp-content\/uploads\/2017\/10\/pt_P_Rib0187-150x150.jpg 150w, https:\/\/blog.olimar.de\/wp-content\/uploads\/2017\/10\/pt_P_Rib0187-120x120.jpg 120w\" sizes=\"auto, (max-width: 150px) 100vw, 150px\" \/>\n\t\t\t<\/dt><\/dl><dl class='gallery-item'>\n\t\t\t<dt class='gallery-icon portrait'>\n\t\t\t\t<img loading=\"lazy\" decoding=\"async\" width=\"150\" height=\"150\" src=\"https:\/\/blog.olimar.de\/wp-content\/uploads\/2017\/10\/pt_P_Tuna0654-150x150.jpg\" class=\"attachment-thumbnail size-thumbnail\" alt=\"Geigenspieler Student Porto Tunas\" srcset=\"https:\/\/blog.olimar.de\/wp-content\/uploads\/2017\/10\/pt_P_Tuna0654-150x150.jpg 150w, https:\/\/blog.olimar.de\/wp-content\/uploads\/2017\/10\/pt_P_Tuna0654-120x120.jpg 120w\" sizes=\"auto, (max-width: 150px) 100vw, 150px\" \/>\n\t\t\t<\/dt><\/dl>\n\t\t\t<br style='clear: both' \/>\n\t\t<\/div>\n\n<h3><strong>Musizierende Studenten<br \/><\/strong><\/h3>\n<p>Wie diese umstrittenen Rituale, bei denen immer wieder junge Leute verungl\u00fccken, dienen die <strong>Tuna<\/strong> genannten Musikgruppen der Gemeinschaft. Neudeutsch w\u00fcrde es \u201eTeambuilding\u201c hei\u00dfen. \u201eViele Studienanf\u00e4nger f\u00fchlen sich an der Uni verloren\u201c, erz\u00e4hlt ein \u00e4lterer Tuna-S\u00e4nger. \u201eDie Gruppen bieten <strong>Anschluss, Orientierung und eine neue Heimat<\/strong>.\u201c Wie zahlreiche andere ist er nach dem Studium dabei geblieben. Gemeinsam gehen die Musiker auf Tourneen, machen Ausfl\u00fcge oder verreisen. Mit der Stra\u00dfenmusik finanzieren sie ihre Instrumente und Reisen.<br \/>Die Geschichte der schwarzen Umh\u00e4nge liegt im Dunkeln. Manche sagen, man sei damit w\u00e4hrend der Diktatur weniger aufgefallen. Stra\u00dfenmusik war damals verboten. Andere verweisen auf die Gleichheit, die die Studenten damit zeigen wollen. Niemand solle sich mit teuren Klamotten herausstellen. Gitarrist Pedro tr\u00e4gt sein Gewand als Ausdruck der Verbundenheit mit seiner Fakult\u00e4t. \u201eTuna Academica Faculdade de Economia do Porto\u201c, akademische Tuna des Fachbereichs f\u00fcr Wirtschaft an der Universit\u00e4t Porto, steht in goldener Schrift auf seinem schwarzen Umhang.<\/p>\n<p><img loading=\"lazy\" decoding=\"async\" class=\"alignnone wp-image-8926 size-large\" src=\"https:\/\/blog.olimar.de\/wp-content\/uploads\/2017\/10\/pt_P_Stud9320-1024x683.jpg\" alt=\"Studenten in Porto\" width=\"840\" height=\"560\" srcset=\"https:\/\/blog.olimar.de\/wp-content\/uploads\/2017\/10\/pt_P_Stud9320-1024x683.jpg 1024w, https:\/\/blog.olimar.de\/wp-content\/uploads\/2017\/10\/pt_P_Stud9320-300x200.jpg 300w, https:\/\/blog.olimar.de\/wp-content\/uploads\/2017\/10\/pt_P_Stud9320-768x512.jpg 768w, https:\/\/blog.olimar.de\/wp-content\/uploads\/2017\/10\/pt_P_Stud9320-840x560.jpg 840w, https:\/\/blog.olimar.de\/wp-content\/uploads\/2017\/10\/pt_P_Stud9320-1200x800.jpg 1200w\" sizes=\"auto, (max-width: 840px) 100vw, 840px\" \/><\/p>\n<h3><strong>Jede Fakult\u00e4t hat eine eigene Tuna-Musikgruppe<\/strong><\/h3>\n<p>Fast jede Fakult\u00e4t hat ihre eigenen Tunas. Pedro hilft die Gemeinschaft, Pers\u00f6nlichkeit zu entwickeln und Verantwortung zu \u00fcbernehmen. \u201eWir gewinnen Selbstvertrauen, Verl\u00e4sslichkeit und lernen, offener miteinander umzugehen\u201c, erkl\u00e4rt der 20-J\u00e4hrige. M\u00f6gliche Arbeitgeber \u201esch\u00e4tzen es, wenn ein Bewerber die Tuna im Lebenslauf stehen hat.\u201c<\/p>\n<p>Inzwischen haben sich auch Studentinnen eigene Tunas gegr\u00fcndet. Gemischte Bands sind selten. \u201eWir haben es mal mit M\u00e4dchen versucht, uns dann aber in aller Freundschaft wieder getrennt, erz\u00e4hlt Pedro. \u201eDie Frauen wollten zu viel bestimmen. Unter uns Jungs gibt es weniger Streit\u201c, erg\u00e4nzt er lachend.<\/p>\n<p>Drei bis f\u00fcnf Stunden proben die Musiker jede Woche. Singen oder ein Instrument spielen konnte Pedro wie die meisten anfangs nicht. \u201eDas lernst Du hier\u201c, erkl\u00e4rt der junge Mann und greift zur Gitarre. Zum Schluss l\u00e4dt er mich zur CD-Release Party auf den Platz am Clerigos-Turm in der Innenstadt ein.<\/p>\n<p>Auf einer B\u00fchne pr\u00e4sentierte eine Tuna ihre Lieder. Zwei, drei von ihnen tanzen dazu. Auf den St\u00fchlen trotzen vor allem M\u00e4dchen der K\u00e4lte. Auch sie tragen die schwarzen Umh\u00e4nge, johlen und jubeln zu jeder Ansage, springen nach jedem St\u00fcck aus ihren St\u00fchlen und feuern die Jungs mit Schlachtrufen an, die wie Fanges\u00e4nge im Fu\u00dfballstadion klingen.<br \/>Die Gew\u00e4nder der Studenten, die nach anderer Lesart f\u00fcr Volk, K\u00f6nig und Kirche stehen, lieferten vermutlich J.K. Rowling die Inspiration zu den Uniformen der Zauberschule Hogwarts. Die Autorin der Harry Potter Romane, die zwei Jahre in Porto gelebt hat, hat dies nie best\u00e4tigt.<\/p>\n\n\n<div style=\"height:50px\" aria-hidden=\"true\" class=\"wp-block-spacer\"><\/div>\n\n\n\n<div class=\"wp-block-buttons is-layout-flex wp-block-buttons-is-layout-flex\">\n<div class=\"wp-block-button\"><a class=\"wp-block-button__link wp-element-button\" href=\"https:\/\/www.olimar.de\/hotellistung\/\">Jetzt Urlaubsangebote finden und buchen<\/a><\/div>\n<\/div>\n\n\n\n<div style=\"height:100px\" aria-hidden=\"true\" class=\"wp-block-spacer\"><\/div>\n","protected":false},"excerpt":{"rendered":"<p>Manchmal sieht und h\u00f6rt man sie in der Fu\u00dfg\u00e4ngerzone R\u00faa Santa Catarina oder auf einem der gr\u00f6\u00dferen Pl\u00e4tze in der Altstadt: zehn, 15 junge M\u00e4nner in weiten schwarzen Umh\u00e4ngen, die auf Gitarren, einem Kontrabass und anderen Instrumenten herzzerrei\u00dfende Lieder spielen und dazu schmachtend von der Liebe und anderem Herzensleid singen. Obwohl ich nur einzelne W\u00f6rter verstehe, kriecht mir bei manchen St\u00fccken eine G\u00e4nsehaut den R\u00fccken hinauf. \u201eUrspr\u00fcnglich wollten die Studenten mit ihrer Musik vor allem die M\u00e4dchen bezirzen\u201c, erz\u00e4hlt einer der jungen M\u00e4nner grinsend und erg\u00e4nzt auf meine Nachfrage: \u201eManchmal klappt es.\u201c Entstanden sind die singenden Studentenverbindungen an der Universit\u00e4t in &hellip;<\/p>\n","protected":false},"author":33,"featured_media":8854,"comment_status":"open","ping_status":"open","sticky":false,"template":"","format":"standard","meta":{"_crdt_document":"","_lmt_disableupdate":"","_lmt_disable":"","footnotes":""},"categories":[31],"tags":[145,110,34],"class_list":["post-8867","post","type-post","status-publish","format-standard","has-post-thumbnail","hentry","category-land-leute","tag-nordportugal","tag-porto","tag-portugal"],"yoast_head":"<!-- This site is optimized with the Yoast SEO plugin v26.9 - https:\/\/yoast.com\/product\/yoast-seo-wordpress\/ -->\n<title>Tunas in Porto: Die studentischen Stra\u00dfenmusik-Gruppen<\/title>\n<meta name=\"description\" content=\"H\u00e4ufig sieht und h\u00f6rt man sie in Portos Altstadt: eine Gruppe junger M\u00e4nner in weiten schwarzen Umh\u00e4ngen, die herzzerrei\u00dfend musizieren.\" \/>\n<meta name=\"robots\" content=\"index, follow, max-snippet:-1, max-image-preview:large, max-video-preview:-1\" \/>\n<link rel=\"canonical\" href=\"https:\/\/blog.olimar.de\/tunas-in-porto\/\" \/>\n<meta property=\"og:locale\" content=\"de_DE\" \/>\n<meta property=\"og:type\" content=\"article\" \/>\n<meta property=\"og:title\" content=\"Tunas in Porto: Die studentischen Stra\u00dfenmusik-Gruppen\" \/>\n<meta property=\"og:description\" content=\"H\u00e4ufig sieht und h\u00f6rt man sie in Portos Altstadt: eine Gruppe junger M\u00e4nner in weiten schwarzen Umh\u00e4ngen, die herzzerrei\u00dfend musizieren.\" \/>\n<meta property=\"og:url\" content=\"https:\/\/blog.olimar.de\/tunas-in-porto\/\" \/>\n<meta property=\"article:publisher\" content=\"https:\/\/www.facebook.com\/OlimarReisen\" \/>\n<meta property=\"article:published_time\" content=\"2017-10-27T11:05:24+00:00\" \/>\n<meta property=\"article:modified_time\" content=\"2023-03-04T09:02:33+00:00\" \/>\n<meta property=\"og:image\" content=\"https:\/\/blog.olimar.de\/wp-content\/uploads\/2017\/10\/pt_P_Tuna0661-e1518802561212.jpg\" \/>\n\t<meta property=\"og:image:width\" content=\"1000\" \/>\n\t<meta property=\"og:image:height\" content=\"668\" \/>\n\t<meta property=\"og:image:type\" content=\"image\/jpeg\" \/>\n<meta name=\"author\" content=\"Robert F.\" \/>\n<meta name=\"twitter:label1\" content=\"Verfasst von\" \/>\n\t<meta name=\"twitter:data1\" content=\"Robert F.\" \/>\n\t<meta name=\"twitter:label2\" content=\"Gesch\u00e4tzte Lesezeit\" \/>\n\t<meta name=\"twitter:data2\" content=\"4\u00a0Minuten\" \/>\n<script type=\"application\/ld+json\" class=\"yoast-schema-graph\">{\"@context\":\"https:\/\/schema.org\",\"@graph\":[{\"@type\":\"WebPage\",\"@id\":\"https:\/\/blog.olimar.de\/tunas-in-porto\/\",\"url\":\"https:\/\/blog.olimar.de\/tunas-in-porto\/\",\"name\":\"Tunas in Porto: Die studentischen Stra\u00dfenmusik-Gruppen\",\"isPartOf\":{\"@id\":\"https:\/\/blog.olimar.de\/#website\"},\"primaryImageOfPage\":{\"@id\":\"https:\/\/blog.olimar.de\/tunas-in-porto\/#primaryimage\"},\"image\":{\"@id\":\"https:\/\/blog.olimar.de\/tunas-in-porto\/#primaryimage\"},\"thumbnailUrl\":\"https:\/\/blog.olimar.de\/wp-content\/uploads\/2017\/10\/pt_P_Tuna0661-e1518802561212.jpg\",\"datePublished\":\"2017-10-27T11:05:24+00:00\",\"dateModified\":\"2023-03-04T09:02:33+00:00\",\"description\":\"H\u00e4ufig sieht und h\u00f6rt man sie in Portos Altstadt: eine Gruppe junger M\u00e4nner in weiten schwarzen Umh\u00e4ngen, die herzzerrei\u00dfend musizieren.\",\"breadcrumb\":{\"@id\":\"https:\/\/blog.olimar.de\/tunas-in-porto\/#breadcrumb\"},\"inLanguage\":\"de\",\"potentialAction\":[{\"@type\":\"ReadAction\",\"target\":[\"https:\/\/blog.olimar.de\/tunas-in-porto\/\"]}]},{\"@type\":\"ImageObject\",\"inLanguage\":\"de\",\"@id\":\"https:\/\/blog.olimar.de\/tunas-in-porto\/#primaryimage\",\"url\":\"https:\/\/blog.olimar.de\/wp-content\/uploads\/2017\/10\/pt_P_Tuna0661-e1518802561212.jpg\",\"contentUrl\":\"https:\/\/blog.olimar.de\/wp-content\/uploads\/2017\/10\/pt_P_Tuna0661-e1518802561212.jpg\",\"width\":1000,\"height\":668,\"caption\":\"Tuna Gruppe probt in Porto\"},{\"@type\":\"BreadcrumbList\",\"@id\":\"https:\/\/blog.olimar.de\/tunas-in-porto\/#breadcrumb\",\"itemListElement\":[{\"@type\":\"ListItem\",\"position\":1,\"name\":\"Home\",\"item\":\"https:\/\/blog.olimar.de\/\"},{\"@type\":\"ListItem\",\"position\":2,\"name\":\"Nordportugal\",\"item\":\"https:\/\/blog.olimar.de\/tag\/nordportugal\/\"},{\"@type\":\"ListItem\",\"position\":3,\"name\":\"Tunas in Porto: Die studentischen Stra\u00dfenmusik-Gruppen\"}]},{\"@type\":\"WebSite\",\"@id\":\"https:\/\/blog.olimar.de\/#website\",\"url\":\"https:\/\/blog.olimar.de\/\",\"name\":\"OLIMAR.com\",\"description\":\"\",\"publisher\":{\"@id\":\"https:\/\/blog.olimar.de\/#organization\"},\"potentialAction\":[{\"@type\":\"SearchAction\",\"target\":{\"@type\":\"EntryPoint\",\"urlTemplate\":\"https:\/\/blog.olimar.de\/?s={search_term_string}\"},\"query-input\":{\"@type\":\"PropertyValueSpecification\",\"valueRequired\":true,\"valueName\":\"search_term_string\"}}],\"inLanguage\":\"de\"},{\"@type\":\"Organization\",\"@id\":\"https:\/\/blog.olimar.de\/#organization\",\"name\":\"OLIMAR Reisen\",\"url\":\"https:\/\/blog.olimar.de\/\",\"logo\":{\"@type\":\"ImageObject\",\"inLanguage\":\"de\",\"@id\":\"https:\/\/blog.olimar.de\/#\/schema\/logo\/image\/\",\"url\":\"https:\/\/blog.olimar.de\/wp-content\/uploads\/2021\/01\/OLIMAR_Logo_COLOR.png\",\"contentUrl\":\"https:\/\/blog.olimar.de\/wp-content\/uploads\/2021\/01\/OLIMAR_Logo_COLOR.png\",\"width\":2000,\"height\":986,\"caption\":\"OLIMAR Reisen\"},\"image\":{\"@id\":\"https:\/\/blog.olimar.de\/#\/schema\/logo\/image\/\"},\"sameAs\":[\"https:\/\/www.facebook.com\/OlimarReisen\",\"https:\/\/x.com\/olimarrreisen\",\"https:\/\/www.instagram.com\/olimarreisen\",\"https:\/\/www.youtube.com\/user\/olimarreisen\"]}]}<\/script>\n<!-- \/ Yoast SEO plugin. -->","yoast_head_json":{"title":"Tunas in Porto: Die studentischen Stra\u00dfenmusik-Gruppen","description":"H\u00e4ufig sieht und h\u00f6rt man sie in Portos Altstadt: eine Gruppe junger M\u00e4nner in weiten schwarzen Umh\u00e4ngen, die herzzerrei\u00dfend musizieren.","robots":{"index":"index","follow":"follow","max-snippet":"max-snippet:-1","max-image-preview":"max-image-preview:large","max-video-preview":"max-video-preview:-1"},"canonical":"https:\/\/blog.olimar.de\/tunas-in-porto\/","og_locale":"de_DE","og_type":"article","og_title":"Tunas in Porto: Die studentischen Stra\u00dfenmusik-Gruppen","og_description":"H\u00e4ufig sieht und h\u00f6rt man sie in Portos Altstadt: eine Gruppe junger M\u00e4nner in weiten schwarzen Umh\u00e4ngen, die herzzerrei\u00dfend musizieren.","og_url":"https:\/\/blog.olimar.de\/tunas-in-porto\/","article_publisher":"https:\/\/www.facebook.com\/OlimarReisen","article_published_time":"2017-10-27T11:05:24+00:00","article_modified_time":"2023-03-04T09:02:33+00:00","og_image":[{"width":1000,"height":668,"url":"https:\/\/blog.olimar.de\/wp-content\/uploads\/2017\/10\/pt_P_Tuna0661-e1518802561212.jpg","type":"image\/jpeg"}],"author":"Robert F.","twitter_misc":{"Verfasst von":"Robert F.","Gesch\u00e4tzte Lesezeit":"4\u00a0Minuten"},"schema":{"@context":"https:\/\/schema.org","@graph":[{"@type":"WebPage","@id":"https:\/\/blog.olimar.de\/tunas-in-porto\/","url":"https:\/\/blog.olimar.de\/tunas-in-porto\/","name":"Tunas in Porto: Die studentischen Stra\u00dfenmusik-Gruppen","isPartOf":{"@id":"https:\/\/blog.olimar.de\/#website"},"primaryImageOfPage":{"@id":"https:\/\/blog.olimar.de\/tunas-in-porto\/#primaryimage"},"image":{"@id":"https:\/\/blog.olimar.de\/tunas-in-porto\/#primaryimage"},"thumbnailUrl":"https:\/\/blog.olimar.de\/wp-content\/uploads\/2017\/10\/pt_P_Tuna0661-e1518802561212.jpg","datePublished":"2017-10-27T11:05:24+00:00","dateModified":"2023-03-04T09:02:33+00:00","description":"H\u00e4ufig sieht und h\u00f6rt man sie in Portos Altstadt: eine Gruppe junger M\u00e4nner in weiten schwarzen Umh\u00e4ngen, die herzzerrei\u00dfend musizieren.","breadcrumb":{"@id":"https:\/\/blog.olimar.de\/tunas-in-porto\/#breadcrumb"},"inLanguage":"de","potentialAction":[{"@type":"ReadAction","target":["https:\/\/blog.olimar.de\/tunas-in-porto\/"]}]},{"@type":"ImageObject","inLanguage":"de","@id":"https:\/\/blog.olimar.de\/tunas-in-porto\/#primaryimage","url":"https:\/\/blog.olimar.de\/wp-content\/uploads\/2017\/10\/pt_P_Tuna0661-e1518802561212.jpg","contentUrl":"https:\/\/blog.olimar.de\/wp-content\/uploads\/2017\/10\/pt_P_Tuna0661-e1518802561212.jpg","width":1000,"height":668,"caption":"Tuna Gruppe probt in Porto"},{"@type":"BreadcrumbList","@id":"https:\/\/blog.olimar.de\/tunas-in-porto\/#breadcrumb","itemListElement":[{"@type":"ListItem","position":1,"name":"Home","item":"https:\/\/blog.olimar.de\/"},{"@type":"ListItem","position":2,"name":"Nordportugal","item":"https:\/\/blog.olimar.de\/tag\/nordportugal\/"},{"@type":"ListItem","position":3,"name":"Tunas in Porto: Die studentischen Stra\u00dfenmusik-Gruppen"}]},{"@type":"WebSite","@id":"https:\/\/blog.olimar.de\/#website","url":"https:\/\/blog.olimar.de\/","name":"OLIMAR.com","description":"","publisher":{"@id":"https:\/\/blog.olimar.de\/#organization"},"potentialAction":[{"@type":"SearchAction","target":{"@type":"EntryPoint","urlTemplate":"https:\/\/blog.olimar.de\/?s={search_term_string}"},"query-input":{"@type":"PropertyValueSpecification","valueRequired":true,"valueName":"search_term_string"}}],"inLanguage":"de"},{"@type":"Organization","@id":"https:\/\/blog.olimar.de\/#organization","name":"OLIMAR Reisen","url":"https:\/\/blog.olimar.de\/","logo":{"@type":"ImageObject","inLanguage":"de","@id":"https:\/\/blog.olimar.de\/#\/schema\/logo\/image\/","url":"https:\/\/blog.olimar.de\/wp-content\/uploads\/2021\/01\/OLIMAR_Logo_COLOR.png","contentUrl":"https:\/\/blog.olimar.de\/wp-content\/uploads\/2021\/01\/OLIMAR_Logo_COLOR.png","width":2000,"height":986,"caption":"OLIMAR Reisen"},"image":{"@id":"https:\/\/blog.olimar.de\/#\/schema\/logo\/image\/"},"sameAs":["https:\/\/www.facebook.com\/OlimarReisen","https:\/\/x.com\/olimarrreisen","https:\/\/www.instagram.com\/olimarreisen","https:\/\/www.youtube.com\/user\/olimarreisen"]}]}},"modified_by":"Lena Radermacher","jetpack_featured_media_url":"https:\/\/blog.olimar.de\/wp-content\/uploads\/2017\/10\/pt_P_Tuna0661-e1518802561212.jpg","_links":{"self":[{"href":"https:\/\/blog.olimar.de\/wp-json\/wp\/v2\/posts\/8867","targetHints":{"allow":["GET"]}}],"collection":[{"href":"https:\/\/blog.olimar.de\/wp-json\/wp\/v2\/posts"}],"about":[{"href":"https:\/\/blog.olimar.de\/wp-json\/wp\/v2\/types\/post"}],"author":[{"embeddable":true,"href":"https:\/\/blog.olimar.de\/wp-json\/wp\/v2\/users\/33"}],"replies":[{"embeddable":true,"href":"https:\/\/blog.olimar.de\/wp-json\/wp\/v2\/comments?post=8867"}],"version-history":[{"count":24,"href":"https:\/\/blog.olimar.de\/wp-json\/wp\/v2\/posts\/8867\/revisions"}],"predecessor-version":[{"id":24785,"href":"https:\/\/blog.olimar.de\/wp-json\/wp\/v2\/posts\/8867\/revisions\/24785"}],"wp:featuredmedia":[{"embeddable":true,"href":"https:\/\/blog.olimar.de\/wp-json\/wp\/v2\/media\/8854"}],"wp:attachment":[{"href":"https:\/\/blog.olimar.de\/wp-json\/wp\/v2\/media?parent=8867"}],"wp:term":[{"taxonomy":"category","embeddable":true,"href":"https:\/\/blog.olimar.de\/wp-json\/wp\/v2\/categories?post=8867"},{"taxonomy":"post_tag","embeddable":true,"href":"https:\/\/blog.olimar.de\/wp-json\/wp\/v2\/tags?post=8867"}],"curies":[{"name":"wp","href":"https:\/\/api.w.org\/{rel}","templated":true}]}}