{"id":8947,"date":"2017-11-07T15:41:41","date_gmt":"2017-11-07T13:41:41","guid":{"rendered":"https:\/\/blog.olimar.de\/?p=8947"},"modified":"2023-03-04T08:11:00","modified_gmt":"2023-03-04T07:11:00","slug":"portugiesischer-jakobsweg","status":"publish","type":"post","link":"https:\/\/blog.olimar.de\/portugiesischer-jakobsweg\/","title":{"rendered":"Portugiesischer Jakobsweg: Pilgern an der K\u00fcste"},"content":{"rendered":"\n<p><strong>Alle kennen den Pilgerweg des Heiligen Jakobus durch Nordspanien, kaum einer den durch Portugal. Das wollen wir \u00e4ndern. Sonnenseiten-Redakteurin Evelyn sprach mit dem Autor Herbert Hirschler, der \u00fcber seine Tour von Lissabons K\u00fcste \u00fcber Porto nach Santiago gerade ein Buch ver\u00f6ffentlicht hat. Portugiesischer Jakobsweg!&nbsp;<\/strong><\/p>\n\n\n\n<div class=\"wp-block-buttons is-layout-flex wp-block-buttons-is-layout-flex\">\n<div class=\"wp-block-button is-style-outline is-style-outline--1\"><a class=\"wp-block-button__link has-white-color has-text-color has-background wp-element-button\" href=\"https:\/\/www.olimar.de\/portugal\/\" style=\"background-color:#008c87\">Portugal Reiseangebote und Hoteltipps entdecken<\/a><\/div>\n<\/div>\n\n\n\n<div style=\"height:50px\" aria-hidden=\"true\" class=\"wp-block-spacer\"><\/div>\n\n\n<p class=\"intro\">\u00a0<\/p>\n<div id='gallery-1' class='gallery galleryid-8947 gallery-columns-3 gallery-size-thumbnail'><dl class='gallery-item'>\n\t\t\t<dt class='gallery-icon landscape'>\n\t\t\t\t<img loading=\"lazy\" decoding=\"async\" width=\"150\" height=\"150\" src=\"https:\/\/blog.olimar.de\/wp-content\/uploads\/2017\/10\/09-20160425-Nazar\u00e1-San-Pedro-de-Moel-24-km-035-Traumhaftes-Motiv-im-Hintergrund-Nazare-mit-gl\u00fccklichem-Pilger-150x150.jpg\" class=\"attachment-thumbnail size-thumbnail\" alt=\"Ausblick Nazar\u00e9 Aussichtspunkt Wanderung\" aria-describedby=\"gallery-1-8968\" srcset=\"https:\/\/blog.olimar.de\/wp-content\/uploads\/2017\/10\/09-20160425-Nazar\u00e1-San-Pedro-de-Moel-24-km-035-Traumhaftes-Motiv-im-Hintergrund-Nazare-mit-gl\u00fccklichem-Pilger-150x150.jpg 150w, https:\/\/blog.olimar.de\/wp-content\/uploads\/2017\/10\/09-20160425-Nazar\u00e1-San-Pedro-de-Moel-24-km-035-Traumhaftes-Motiv-im-Hintergrund-Nazare-mit-gl\u00fccklichem-Pilger-120x120.jpg 120w\" sizes=\"auto, (max-width: 150px) 100vw, 150px\" \/>\n\t\t\t<\/dt>\n\t\t\t\t<dd class='wp-caption-text gallery-caption' id='gallery-1-8968'>\n\t\t\t\tAusblick Nazar\u00e9 Aussichtspunkt \n\t\t\t\t<\/dd><\/dl><dl class='gallery-item'>\n\t\t\t<dt class='gallery-icon landscape'>\n\t\t\t\t<img loading=\"lazy\" decoding=\"async\" width=\"150\" height=\"150\" src=\"https:\/\/blog.olimar.de\/wp-content\/uploads\/2017\/10\/04-20160420-Ericeira-Santa-Cruz-27-km-059-150x150.jpg\" class=\"attachment-thumbnail size-thumbnail\" alt=\"Portugiesischer Jakobsweg Feldweg\" aria-describedby=\"gallery-1-8963\" srcset=\"https:\/\/blog.olimar.de\/wp-content\/uploads\/2017\/10\/04-20160420-Ericeira-Santa-Cruz-27-km-059-150x150.jpg 150w, https:\/\/blog.olimar.de\/wp-content\/uploads\/2017\/10\/04-20160420-Ericeira-Santa-Cruz-27-km-059-120x120.jpg 120w\" sizes=\"auto, (max-width: 150px) 100vw, 150px\" \/>\n\t\t\t<\/dt>\n\t\t\t\t<dd class='wp-caption-text gallery-caption' id='gallery-1-8963'>\n\t\t\t\tFeldweg: Portugiesischer Jakobsweg\n\t\t\t\t<\/dd><\/dl><dl class='gallery-item'>\n\t\t\t<dt class='gallery-icon landscape'>\n\t\t\t\t<img loading=\"lazy\" decoding=\"async\" width=\"150\" height=\"150\" src=\"https:\/\/blog.olimar.de\/wp-content\/uploads\/2017\/10\/04-20160420-Ericeira-Santa-Cruz-27-km-063-150x150.jpg\" class=\"attachment-thumbnail size-thumbnail\" alt=\"K\u00fcste portugiesischer Jakobsweg Ericeira Santa Cruz\" aria-describedby=\"gallery-1-8964\" srcset=\"https:\/\/blog.olimar.de\/wp-content\/uploads\/2017\/10\/04-20160420-Ericeira-Santa-Cruz-27-km-063-150x150.jpg 150w, https:\/\/blog.olimar.de\/wp-content\/uploads\/2017\/10\/04-20160420-Ericeira-Santa-Cruz-27-km-063-120x120.jpg 120w\" sizes=\"auto, (max-width: 150px) 100vw, 150px\" \/>\n\t\t\t<\/dt>\n\t\t\t\t<dd class='wp-caption-text gallery-caption' id='gallery-1-8964'>\n\t\t\t\tEriceira Santa Cruz\n\t\t\t\t<\/dd><\/dl><br style=\"clear: both\" \/>\n\t\t<\/div>\n\n<h3><strong><br \/><\/strong>Portugiesischer Jakobsweg, wann haben Sie zum ersten Mal davon geh\u00f6rt, Herr Hirschler?\u00a0<\/h3>\n<p>Das ist schon etwa f\u00fcnf Jahre her. Damals vor meinem ersten Jakobsweg habe ich jede Menge Reiseberichte dar\u00fcber \u201everschlungen\u201c. 2010 war es dann endlich soweit: Ich pilgerte am nordspanischen Jakobsweg. 1.100 Kilometer von Hendaye in Frankreich \u00fcber San Sebastian, Bilbao, Gij\u00f3n und Ribadeo nach Santiago de Compostela und dann noch weiter nach Finisterre \u00a0und Muxia.<\/p>\n<p>Einmal Pilgern, immer Pilgern \u2013 seit dieser Zeit brannte es f\u00f6rmlich in mir, wieder mal auf einem Camino zu wandern. 2016 erf\u00fcllte sich dieser Traum ein zweites Mal und ich konnte mir wieder einen Monat Auszeit von Firma und Familie nehmen. Zum Gl\u00fcck steht meine Frau hinter meinen abstrusen Ideen. Und auch mit der Firma, in der ich hauptberuflich f\u00fcr die EDV zust\u00e4ndig bin, gab es eine sch\u00f6ne Einigung.<\/p>\n<h3><strong><br \/><\/strong>Was hat Sie an der Idee, in Portugal einen Pilgerweg zu laufen, fasziniert?<\/h3>\n<p>In Portugal gibt es mehrere Wege, auch Caminhos genannt. Der am meist begangene ist der \u201eCaminho Central\u201c von <a href=\"https:\/\/www.olimar.de\/portugal\/metropolen\/porto\/\">Porto<\/a> nach Santiago durch das Landesinnere. Es gibt aber auch eine Variante von Porto direkt am Meer entlang. Und f\u00fcr mich, als leidenschaftlicher \u201eK\u00fcstenentlangmarschierer\u201c kam nur dieser Weg in Frage. Ich wollte weiter marschieren, als \u201enur\u201c von Porto nach Santiago, daher bin ich von <a href=\"https:\/\/www.olimar.de\/portugal\/die-kueste\/\">Lissabon<\/a> den offiziellen Jakobsweg gewandert &#8211; \u00fcber Coimbra durch das Landesinnere. Durch das Facebook-Forum \u201eCaminho Portuguese\u201c bin ich dann auf den \u201eTrilho das Areias\u201c gesto\u00dfen, der ab Lissabon direkt am Atlantik entlang geht und ein Konglomerat aus verschiedenen Wanderwegen ist. Auch der Pilgerweg nach F\u00e1tima wird dabei gekreuzt. Seit ich diesen Weg f\u00fcr mich \u201eentdeckt\u201c hatte, ging er mir nicht mehr aus dem Kopf. Wandern mit direktem Blickkontakt auf den Atlantik \u2013 was gibt es Sch\u00f6neres.\u00a0<\/p>\n<div id=\"attachment_8969\" style=\"width: 850px\" class=\"wp-caption alignnone\"><img loading=\"lazy\" decoding=\"async\" aria-describedby=\"caption-attachment-8969\" class=\"wp-image-8969 size-large\" src=\"https:\/\/blog.olimar.de\/wp-content\/uploads\/2017\/10\/09-20160425-Nazar\u00e1-San-Pedro-de-Moel-24-km-094_bearbeitet-1-1024x768.jpg\" alt=\"Portugiesischer Jakobsweg K\u00fcste\" width=\"840\" height=\"630\" srcset=\"https:\/\/blog.olimar.de\/wp-content\/uploads\/2017\/10\/09-20160425-Nazar\u00e1-San-Pedro-de-Moel-24-km-094_bearbeitet-1-1024x768.jpg 1024w, https:\/\/blog.olimar.de\/wp-content\/uploads\/2017\/10\/09-20160425-Nazar\u00e1-San-Pedro-de-Moel-24-km-094_bearbeitet-1-300x225.jpg 300w, https:\/\/blog.olimar.de\/wp-content\/uploads\/2017\/10\/09-20160425-Nazar\u00e1-San-Pedro-de-Moel-24-km-094_bearbeitet-1-768x576.jpg 768w\" sizes=\"auto, (max-width: 840px) 100vw, 840px\" \/><p id=\"caption-attachment-8969\" class=\"wp-caption-text\">Portugiesischer Jakobsweg K\u00fcste<\/p><\/div>\n<h3>Welcher Streckenabschnitt hat Ihnen am besten Gefallen und warum?<\/h3>\n<p>Die ersten acht Tage von Lissabon bis Nazar\u00e9 waren wundersch\u00f6n. Ich pilgerte hoch \u00fcber dem Atlantik auf spektakul\u00e4ren Steilk\u00fcsten. Und das direkt am, im Fr\u00fchjahr menschenleeren Strand. Es ging auf engen Holzstegen \u00fcber bl\u00fchende Bodendecker, ich musste auf abenteuerlichen Steinbr\u00fccken B\u00e4che \u00fcberqueren und war direkt in den Klippen unterwegs. Das Wetter war wundersch\u00f6n und jeden Abend sah ich Sonnenunterg\u00e4nge der Kitschklasse 1a.\u00a0<\/p>\n<p>Die n\u00e4chsten f\u00fcnf Tage nach Nazar\u00e9 war dann Radweg-Wandern angesagt. Der Sand am Strand war sehr tief und es w\u00e4re nicht m\u00f6glich gewesen, die Tagesetappen direkt am Meer entlang zu wandern. So musste ich auf den Radweg ausweichen. Dieser f\u00fchrte t\u00e4glich bis zu 35 Kilometer schnurgeradeaus durch einen die Sicht auf das Meer verstellenden F\u00f6hrenwald. Da gl\u00fchten die Sohlen, und ich war sehr froh, als diese Tage dann vorbei waren. Und ab Praia da Mira hatte ich endlich wieder den Atlantik in Sichtweite erreichte.<\/p>\n<p>Ab Furadouro, zwei Etappen vor Porto, war es wieder traumhaft. Da war wieder alles dabei, was ein Pilgerherz h\u00f6her schlagen l\u00e4sst. Es gab vertr\u00e4umte Fischerd\u00f6rfer, Sand- und Kieswege, Holzstege \u2013 einfach wundersch\u00f6n.<\/p>\n<p>Die zehn Tage ab Porto kam leider der Regen. Auf meinen bisher mehr als 2.000 Pilgerkilometern hatte ich niemals l\u00e4ngere Regenwetterperioden. Aber trotzdem \u2013 oder gerade deswegen \u2013 habe ich das Pilgern auch im Regen sehr genossen. Die K\u00fcstenlandschaft war weiterhin einzigartig, meine Bekleidung war optimal und es war nicht zu kalt. So hatte ich eine Ausrede mehr, dass ich abends mit meinen nassen Sachen unm\u00f6glich eine Herberge unter Wasser setzen k\u00f6nne und daher auch weiterhin in Pensionen oder Hotels \u00fcbernachten sollte.<\/p>\n<div id='gallery-2' class='gallery galleryid-8947 gallery-columns-3 gallery-size-thumbnail'><dl class='gallery-item'>\n\t\t\t<dt class='gallery-icon landscape'>\n\t\t\t\t<img loading=\"lazy\" decoding=\"async\" width=\"150\" height=\"150\" src=\"https:\/\/blog.olimar.de\/wp-content\/uploads\/2017\/10\/12-20160428-Figueira-da-Foz-Praia-de-Quiaios-12-km-128_bearbeitet-1-150x150.jpg\" class=\"attachment-thumbnail size-thumbnail\" alt=\"Figuera da Foz Strand Portugiesischer Jakobsweg\" aria-describedby=\"gallery-2-8972\" srcset=\"https:\/\/blog.olimar.de\/wp-content\/uploads\/2017\/10\/12-20160428-Figueira-da-Foz-Praia-de-Quiaios-12-km-128_bearbeitet-1-150x150.jpg 150w, https:\/\/blog.olimar.de\/wp-content\/uploads\/2017\/10\/12-20160428-Figueira-da-Foz-Praia-de-Quiaios-12-km-128_bearbeitet-1-120x120.jpg 120w\" sizes=\"auto, (max-width: 150px) 100vw, 150px\" \/>\n\t\t\t<\/dt>\n\t\t\t\t<dd class='wp-caption-text gallery-caption' id='gallery-2-8972'>\n\t\t\t\tFiguera da Foz Strand \n\t\t\t\t<\/dd><\/dl><dl class='gallery-item'>\n\t\t\t<dt class='gallery-icon landscape'>\n\t\t\t\t<img loading=\"lazy\" decoding=\"async\" width=\"150\" height=\"150\" src=\"https:\/\/blog.olimar.de\/wp-content\/uploads\/2017\/10\/04-20160420-Ericeira-Santa-Cruz-27-km-024-150x150.jpg\" class=\"attachment-thumbnail size-thumbnail\" alt=\"Portugiesischer Jakobsweg K\u00fcstenblick Portugal Ericeira\" aria-describedby=\"gallery-2-8961\" srcset=\"https:\/\/blog.olimar.de\/wp-content\/uploads\/2017\/10\/04-20160420-Ericeira-Santa-Cruz-27-km-024-150x150.jpg 150w, https:\/\/blog.olimar.de\/wp-content\/uploads\/2017\/10\/04-20160420-Ericeira-Santa-Cruz-27-km-024-120x120.jpg 120w\" sizes=\"auto, (max-width: 150px) 100vw, 150px\" \/>\n\t\t\t<\/dt>\n\t\t\t\t<dd class='wp-caption-text gallery-caption' id='gallery-2-8961'>\n\t\t\t\tK\u00fcstenblick Ericeira\n\t\t\t\t<\/dd><\/dl><dl class='gallery-item'>\n\t\t\t<dt class='gallery-icon landscape'>\n\t\t\t\t<img loading=\"lazy\" decoding=\"async\" width=\"150\" height=\"150\" src=\"https:\/\/blog.olimar.de\/wp-content\/uploads\/2017\/10\/11-20160427-Pedrogao-Figueira-da-Foz-39-km-035-150x150.jpg\" class=\"attachment-thumbnail size-thumbnail\" alt=\"Radweg Portugal Portugiesischer Jakobsweg\" aria-describedby=\"gallery-2-8971\" srcset=\"https:\/\/blog.olimar.de\/wp-content\/uploads\/2017\/10\/11-20160427-Pedrogao-Figueira-da-Foz-39-km-035-150x150.jpg 150w, https:\/\/blog.olimar.de\/wp-content\/uploads\/2017\/10\/11-20160427-Pedrogao-Figueira-da-Foz-39-km-035-120x120.jpg 120w\" sizes=\"auto, (max-width: 150px) 100vw, 150px\" \/>\n\t\t\t<\/dt>\n\t\t\t\t<dd class='wp-caption-text gallery-caption' id='gallery-2-8971'>\n\t\t\t\tRadweg Portugiesischer Jakobsweg\n\t\t\t\t<\/dd><\/dl><br style=\"clear: both\" \/>\n\t\t<\/div>\n\n<h3><strong><br \/><\/strong>Welche interessanten Begegnungen haben Sie gemacht?<\/h3>\n<p>Auf den ersten 450 Kilometern von Lissabon nach Porto habe ich keinen einzigen Pilgernden getroffen. Laut Facebook-Forum bin ich auch der erste deutschsprachige Peregrino, der diesen Weg komplett marschiert ist. Zumindest laut deren Aufzeichnungen. Aufgrund diesem Mitpilgermangel bin ich abends in die Bars der Einheimischen marschiert und wei\u00df jetzt, dass es auch mit neun W\u00f6rtern Portugiesisch, sieben spanischen Vokabeln, meinem Austrian-Mountain-Englisch und ganz viel K\u00f6rpersprache auch sehr lustig werden kann.<\/p>\n<p>Die Menschen in Portugals Kneipen waren ausnahmslos freundlich, und sobald ich den Zaubersatz \u201ePeregrino de Santiago\u201c loslie\u00df, war ich sowieso mitten drin statt nur dabei.<br \/>Eine der sch\u00f6nsten Begegnungen war aber zweifellos jene mit Antonio. Ich wusste am Morgen vor dem Start nicht, wo ich am heutigen Etappenziel in Gafanha da Nazar\u00e9 schlafen werde, weil die einzige Pension dort ausgebucht war. Also setzte ich, als ich dort anlangte, in eine Hafenkneipe auf eine Nachdenk-Cerveja. Pl\u00f6tzlich kam ein Mann auf mich zugerannt, deutete auf meine Muschel am Rucksack, und wollte mir erkl\u00e4ren, dass ich hier falsch sei, denn der Jakobsweg geht durchs Landesinnere. Beim Gespr\u00e4ch stellte sich heraus, dass dieser Mann, Antonio, fr\u00fcher mal ein hohes Tier in der portugiesischen Regierung war, und au\u00dferdem als Profi-Peregrino auf vielen Jakobswegen in aller Welt unterwegs war.<br \/>Als Pilger hilft man dem anderen, meinte er. Daher hat mich Antonio in sein Haus eingeladen, hat f\u00fcr mich Calamari gegrillt und bei einigen Vinhos haben wir stundenlang \u00fcber Gott und die Welt gequatscht.\u00a0<\/p>\n<h3><strong><br \/><\/strong>Pilgern soll die Menschen ver\u00e4ndern, h\u00f6rt man immer wieder. Was hat sich bei Ihnen in ihrem Alltag ver\u00e4ndert?<\/h3>\n<p>Wer einmal dieses Gef\u00fchl der Ruhe und Gelassenheit erf\u00e4hrt, das einem beim Pilgern oder Wandern \u00fcber mehrere Wochen zwangsm\u00e4\u00dfig \u00fcberkommt, der wird sehr leicht vom Pilgervirus infiziert. Man hat keine Termine, muss nichts noch schnell fertigmachen, an nichts denken, au\u00dfer vielleicht, dass man sich mit Sonnencreme einschmieren sollte, weil es auch im Fr\u00fchling in Portugal sehr hei\u00df werden kann. Es ist ein \u201eReset\u201c des K\u00f6rpers. Stress und Hektik werden zu v\u00f6lligen Fremdw\u00f6rtern \u2013 und \u2013 zumindest bei mir, hat dieser Weg Spuren f\u00fcr das ganze Leben hinterlassen.<\/p>\n<h3><strong><br \/><\/strong>Welchen Rat m\u00f6chten Sie den Pilgern des portugiesischen Jakobsweges mit auf den Weg geben?<\/h3>\n<p>Alle, die diesen Weg gerne gehen m\u00f6chten, aber es sich nicht zutrauen, weil vielleicht so viel dagegenspricht (keine Zeit, nicht fit genug, keine Ausr\u00fcstung usw.), denen m\u00f6chte ich sagen: Macht es! Probiert es einfach! Diese Wochen sind ein <strong>Geschenk f\u00fcr K\u00f6rper und Seele<\/strong>. Das schwierigste ist die Entscheidung, aufzubrechen. Wenn man unterwegs ist, f\u00fcgt sich vieles von alleine. Auch die Fitness. Ich bin zum Beispiel mit 128 Kilo gestartet und habe am Ende des portugiesischen Jakobsweges nach 27 Tagen und 750 Kilometern, 12 Kilo verloren. Dass ich diese Kilos dann sp\u00e4ter alle wieder gefunden habe, ist eine andere Geschichte. Geblieben aber ist dieses Gef\u00fchl von Ruhe und Zufriedenheit \u2013 und tausend Erinnerungen tief im Herzen. Portugiesischer Jakobsweg &#8211; ein Erlebnis was das Leben pr\u00e4gt.\u00a0<\/p>\n<div id='gallery-3' class='gallery galleryid-8947 gallery-columns-3 gallery-size-thumbnail'><dl class='gallery-item'>\n\t\t\t<dt class='gallery-icon portrait'>\n\t\t\t\t<img loading=\"lazy\" decoding=\"async\" width=\"150\" height=\"150\" src=\"https:\/\/blog.olimar.de\/wp-content\/uploads\/2017\/10\/27-20160513-Padron-Santiago-de-Compostela-27-km-155_bearbeitet-1-150x150.jpg\" class=\"attachment-thumbnail size-thumbnail\" alt=\"Ankunft - Padron Santiago de Compostela\" aria-describedby=\"gallery-3-8977\" srcset=\"https:\/\/blog.olimar.de\/wp-content\/uploads\/2017\/10\/27-20160513-Padron-Santiago-de-Compostela-27-km-155_bearbeitet-1-150x150.jpg 150w, https:\/\/blog.olimar.de\/wp-content\/uploads\/2017\/10\/27-20160513-Padron-Santiago-de-Compostela-27-km-155_bearbeitet-1-120x120.jpg 120w\" sizes=\"auto, (max-width: 150px) 100vw, 150px\" \/>\n\t\t\t<\/dt>\n\t\t\t\t<dd class='wp-caption-text gallery-caption' id='gallery-3-8977'>\n\t\t\t\tAnkunft &#8211; Padron Santiago de Compostela\n\t\t\t\t<\/dd><\/dl><dl class='gallery-item'>\n\t\t\t<dt class='gallery-icon landscape'>\n\t\t\t\t<img loading=\"lazy\" decoding=\"async\" width=\"150\" height=\"150\" src=\"https:\/\/blog.olimar.de\/wp-content\/uploads\/2017\/10\/18-20160504-Porto-Vila-do-Conde-34-km-147-150x150.jpg\" class=\"attachment-thumbnail size-thumbnail\" alt=\"Holzpfad Portugiesischer Jakobsweg K\u00fcste\" aria-describedby=\"gallery-3-8975\" srcset=\"https:\/\/blog.olimar.de\/wp-content\/uploads\/2017\/10\/18-20160504-Porto-Vila-do-Conde-34-km-147-150x150.jpg 150w, https:\/\/blog.olimar.de\/wp-content\/uploads\/2017\/10\/18-20160504-Porto-Vila-do-Conde-34-km-147-120x120.jpg 120w\" sizes=\"auto, (max-width: 150px) 100vw, 150px\" \/>\n\t\t\t<\/dt>\n\t\t\t\t<dd class='wp-caption-text gallery-caption' id='gallery-3-8975'>\n\t\t\t\tHolzpfad \n\t\t\t\t<\/dd><\/dl><dl class='gallery-item'>\n\t\t\t<dt class='gallery-icon landscape'>\n\t\t\t\t<img loading=\"lazy\" decoding=\"async\" width=\"150\" height=\"150\" src=\"https:\/\/blog.olimar.de\/wp-content\/uploads\/2017\/10\/06-20160422-Praia-da-Araia-Branca-Casais-do-Baleal-23-km-052-150x150.jpg\" class=\"attachment-thumbnail size-thumbnail\" alt=\"Portugiesischer Jakobsweg Feld Acker Praia da Araia Branca\" aria-describedby=\"gallery-3-8966\" srcset=\"https:\/\/blog.olimar.de\/wp-content\/uploads\/2017\/10\/06-20160422-Praia-da-Araia-Branca-Casais-do-Baleal-23-km-052-150x150.jpg 150w, https:\/\/blog.olimar.de\/wp-content\/uploads\/2017\/10\/06-20160422-Praia-da-Araia-Branca-Casais-do-Baleal-23-km-052-120x120.jpg 120w\" sizes=\"auto, (max-width: 150px) 100vw, 150px\" \/>\n\t\t\t<\/dt>\n\t\t\t\t<dd class='wp-caption-text gallery-caption' id='gallery-3-8966'>\n\t\t\t\tAcker Praia da Araia Branca\n\t\t\t\t<\/dd><\/dl><br style=\"clear: both\" \/><dl class='gallery-item'>\n\t\t\t<dt class='gallery-icon landscape'>\n\t\t\t\t<img loading=\"lazy\" decoding=\"async\" width=\"150\" height=\"150\" src=\"https:\/\/blog.olimar.de\/wp-content\/uploads\/2017\/10\/04-20160420-Ericeira-Santa-Cruz-27-km-011-150x150.jpg\" class=\"attachment-thumbnail size-thumbnail\" alt=\"Blumen K\u00fcste Meer Portugiesischer Jakobsweg\" aria-describedby=\"gallery-3-8960\" srcset=\"https:\/\/blog.olimar.de\/wp-content\/uploads\/2017\/10\/04-20160420-Ericeira-Santa-Cruz-27-km-011-150x150.jpg 150w, https:\/\/blog.olimar.de\/wp-content\/uploads\/2017\/10\/04-20160420-Ericeira-Santa-Cruz-27-km-011-120x120.jpg 120w\" sizes=\"auto, (max-width: 150px) 100vw, 150px\" \/>\n\t\t\t<\/dt>\n\t\t\t\t<dd class='wp-caption-text gallery-caption' id='gallery-3-8960'>\n\t\t\t\tK\u00fcste mit Blumen am portugiesischen Jakobsweg\n\t\t\t\t<\/dd><\/dl><dl class='gallery-item'>\n\t\t\t<dt class='gallery-icon landscape'>\n\t\t\t\t<img loading=\"lazy\" decoding=\"async\" width=\"150\" height=\"150\" src=\"https:\/\/blog.olimar.de\/wp-content\/uploads\/2017\/10\/87-Pilgerpass-150x150.jpg\" class=\"attachment-thumbnail size-thumbnail\" alt=\"Pilgerpass Portugiesischer Jakobsweg\" aria-describedby=\"gallery-3-8978\" srcset=\"https:\/\/blog.olimar.de\/wp-content\/uploads\/2017\/10\/87-Pilgerpass-150x150.jpg 150w, https:\/\/blog.olimar.de\/wp-content\/uploads\/2017\/10\/87-Pilgerpass-120x120.jpg 120w\" sizes=\"auto, (max-width: 150px) 100vw, 150px\" \/>\n\t\t\t<\/dt>\n\t\t\t\t<dd class='wp-caption-text gallery-caption' id='gallery-3-8978'>\n\t\t\t\tPilgerpass\n\t\t\t\t<\/dd><\/dl>\n\t\t\t<br style='clear: both' \/>\n\t\t<\/div>\n\n<h3><strong><br \/><\/strong>Sie wollen das Pilgern in Portugal selbst einmal ausprobieren?<\/h3>\n<p>Dann wandern Sie mit <a href=\"https:\/\/olimar.de\/\">OLIMAR<\/a> auf dem Portugiesischen Jakobsweg:<\/p>\n<p><strong>Wandern auf dem Jakobsweg &#8211; Camino Portugu\u00e9s:<\/strong> 8-t\u00e4gige individuelle Wanderreise, die letzten 100 km des Portugiesischen Weges mit \u00dcbernachtungen direkt am Weg und in Santiago. Gep\u00e4cktransport und offizielle Pilgerurkunde inklusive. Weitere Informationen <a href=\"https:\/\/rms.olimar.de\/code\/scqx21\">hier<\/a>.<\/p>\n<p><strong>Portugiesischer Jakobsweg: Kulturjuwelen:<\/strong> 6 \u00dcbernachtungen\/Halbpension in 4 Sterne- oder sehr guten 3 Sterne-Hotels, Fahrt im modernen, klimatisierten Reisebus, Besuch von 5 UNESCO-Weltkulturerbest\u00e4tten, Ausfl\u00fcge und Besichtigungen laut Programm inkl. Portweinprobe und aller Eintrittsgelder. Qualifizierte, deutschsprachige Reiseleitung w\u00e4hrend der Rundreise. Weitere Informationen <a href=\"https:\/\/rms.olimar.de\/code\/lisx45\">hier<\/a>.<\/p>\n<p><strong><br \/>Buch-Tipp:<img loading=\"lazy\" decoding=\"async\" class=\"alignleft wp-image-8988\" src=\"https:\/\/blog.olimar.de\/wp-content\/uploads\/2017\/10\/00_-_Cover_Himmel_Herrgott_Portugal1-185x300.png\" alt=\"Buchtitel Der portugiesische Jakobsweg\" width=\"151\" height=\"245\" srcset=\"https:\/\/blog.olimar.de\/wp-content\/uploads\/2017\/10\/00_-_Cover_Himmel_Herrgott_Portugal1-185x300.png 185w, https:\/\/blog.olimar.de\/wp-content\/uploads\/2017\/10\/00_-_Cover_Himmel_Herrgott_Portugal1.png 520w\" sizes=\"auto, (max-width: 151px) 100vw, 151px\" \/><\/strong><br \/>Himmel, Herrgott, Portugal<br \/>Der portugiesische Jakobsweg<br \/>An der K\u00fcste von Lissabon \u00fcber Porto nach<br \/>Santiago de Compostela<br \/>320 Seiten, kartoniert, zahlreiche Farbfotos<br \/>\u20ac 20,50 (D)<br \/>ISBN: 978-3-7011-8045-5<br \/>2017 \/ Leykam Buchverlag<br \/>Auch als E-Book erh\u00e4ltlich<\/p>\n\n\n<div style=\"height:50px\" aria-hidden=\"true\" class=\"wp-block-spacer\"><\/div>\n\n\n\n<div class=\"wp-block-buttons is-layout-flex wp-block-buttons-is-layout-flex\">\n<div class=\"wp-block-button is-style-outline is-style-outline--2\"><a class=\"wp-block-button__link has-white-color has-text-color has-background wp-element-button\" href=\"https:\/\/www.olimar.de\/hotellistung\/\" style=\"background-color:#008c87\">Jetzt Urlaubsangebote finden und buchen<\/a><\/div>\n<\/div>\n\n\n\n<div style=\"height:100px\" aria-hidden=\"true\" class=\"wp-block-spacer\"><\/div>\n","protected":false},"excerpt":{"rendered":"<p>Alle kennen den Pilgerweg des Heiligen Jakobus durch Nordspanien, kaum einer den durch Portugal. Das wollen wir \u00e4ndern. Sonnenseiten-Redakteurin Evelyn sprach mit dem Autor Herbert Hirschler, der \u00fcber seine Tour von Lissabons K\u00fcste \u00fcber Porto nach Santiago gerade ein Buch ver\u00f6ffentlicht hat. Portugiesischer Jakobsweg!&nbsp; \u00a0 Portugiesischer Jakobsweg, wann haben Sie zum ersten Mal davon geh\u00f6rt, Herr Hirschler?\u00a0 Das ist schon etwa f\u00fcnf Jahre her. Damals vor meinem ersten Jakobsweg habe ich jede Menge Reiseberichte dar\u00fcber \u201everschlungen\u201c. 2010 war es dann endlich soweit: Ich pilgerte am nordspanischen Jakobsweg. 1.100 Kilometer von Hendaye in Frankreich \u00fcber San Sebastian, Bilbao, Gij\u00f3n und Ribadeo nach &hellip;<\/p>\n","protected":false},"author":9,"featured_media":8962,"comment_status":"open","ping_status":"open","sticky":false,"template":"","format":"standard","meta":{"_crdt_document":"","_lmt_disableupdate":"","_lmt_disable":"","footnotes":""},"categories":[29],"tags":[25,56,145,110,34],"class_list":["post-8947","post","type-post","status-publish","format-standard","has-post-thumbnail","hentry","category-aktiv-natur","tag-lissabon","tag-lissabons-kuesten","tag-nordportugal","tag-porto","tag-portugal"],"yoast_head":"<!-- This site is optimized with the Yoast SEO plugin v26.9 - https:\/\/yoast.com\/product\/yoast-seo-wordpress\/ -->\n<title>Portugiesischer Jakobsweg: Interview zum Pilgern an der K\u00fcste<\/title>\n<meta name=\"description\" content=\"Wir haben mit dem Autor Herbert Hirschler gesprochen, der von Lissabons K\u00fcste \u00fcber Porto nach Santiago pilgerte: portugiesischer Jakobsweg!\" \/>\n<meta name=\"robots\" content=\"index, follow, max-snippet:-1, max-image-preview:large, max-video-preview:-1\" \/>\n<link rel=\"canonical\" href=\"https:\/\/blog.olimar.de\/portugiesischer-jakobsweg\/\" \/>\n<meta property=\"og:locale\" content=\"de_DE\" \/>\n<meta property=\"og:type\" content=\"article\" \/>\n<meta property=\"og:title\" content=\"Portugiesischer Jakobsweg: Interview zum Pilgern an der K\u00fcste\" \/>\n<meta property=\"og:description\" content=\"Wir haben mit dem Autor Herbert Hirschler gesprochen, der von Lissabons K\u00fcste \u00fcber Porto nach Santiago pilgerte: portugiesischer Jakobsweg!\" \/>\n<meta property=\"og:url\" content=\"https:\/\/blog.olimar.de\/portugiesischer-jakobsweg\/\" \/>\n<meta property=\"article:publisher\" content=\"https:\/\/www.facebook.com\/OlimarReisen\" \/>\n<meta property=\"article:published_time\" content=\"2017-11-07T13:41:41+00:00\" \/>\n<meta property=\"article:modified_time\" content=\"2023-03-04T07:11:00+00:00\" \/>\n<meta property=\"og:image\" content=\"https:\/\/blog.olimar.de\/wp-content\/uploads\/2017\/10\/04-20160420-Ericeira-Santa-Cruz-27-km-044.jpg\" \/>\n\t<meta property=\"og:image:width\" content=\"4032\" \/>\n\t<meta property=\"og:image:height\" content=\"3024\" \/>\n\t<meta property=\"og:image:type\" content=\"image\/jpeg\" \/>\n<meta name=\"author\" content=\"OLIMAR Redaktionsteam\" \/>\n<meta name=\"twitter:label1\" content=\"Verfasst von\" \/>\n\t<meta name=\"twitter:data1\" content=\"OLIMAR Redaktionsteam\" \/>\n\t<meta name=\"twitter:label2\" content=\"Gesch\u00e4tzte Lesezeit\" \/>\n\t<meta name=\"twitter:data2\" content=\"8\u00a0Minuten\" \/>\n<script type=\"application\/ld+json\" class=\"yoast-schema-graph\">{\"@context\":\"https:\/\/schema.org\",\"@graph\":[{\"@type\":\"WebPage\",\"@id\":\"https:\/\/blog.olimar.de\/portugiesischer-jakobsweg\/\",\"url\":\"https:\/\/blog.olimar.de\/portugiesischer-jakobsweg\/\",\"name\":\"Portugiesischer Jakobsweg: Interview zum Pilgern an der K\u00fcste\",\"isPartOf\":{\"@id\":\"https:\/\/blog.olimar.de\/#website\"},\"primaryImageOfPage\":{\"@id\":\"https:\/\/blog.olimar.de\/portugiesischer-jakobsweg\/#primaryimage\"},\"image\":{\"@id\":\"https:\/\/blog.olimar.de\/portugiesischer-jakobsweg\/#primaryimage\"},\"thumbnailUrl\":\"https:\/\/blog.olimar.de\/wp-content\/uploads\/2017\/10\/04-20160420-Ericeira-Santa-Cruz-27-km-044.jpg\",\"datePublished\":\"2017-11-07T13:41:41+00:00\",\"dateModified\":\"2023-03-04T07:11:00+00:00\",\"description\":\"Wir haben mit dem Autor Herbert Hirschler gesprochen, der von Lissabons K\u00fcste \u00fcber Porto nach Santiago pilgerte: portugiesischer Jakobsweg!\",\"breadcrumb\":{\"@id\":\"https:\/\/blog.olimar.de\/portugiesischer-jakobsweg\/#breadcrumb\"},\"inLanguage\":\"de\",\"potentialAction\":[{\"@type\":\"ReadAction\",\"target\":[\"https:\/\/blog.olimar.de\/portugiesischer-jakobsweg\/\"]}]},{\"@type\":\"ImageObject\",\"inLanguage\":\"de\",\"@id\":\"https:\/\/blog.olimar.de\/portugiesischer-jakobsweg\/#primaryimage\",\"url\":\"https:\/\/blog.olimar.de\/wp-content\/uploads\/2017\/10\/04-20160420-Ericeira-Santa-Cruz-27-km-044.jpg\",\"contentUrl\":\"https:\/\/blog.olimar.de\/wp-content\/uploads\/2017\/10\/04-20160420-Ericeira-Santa-Cruz-27-km-044.jpg\",\"width\":4032,\"height\":3024,\"caption\":\"Von Ericeira nach Santa Cruz Jakobsweg Portugal\"},{\"@type\":\"BreadcrumbList\",\"@id\":\"https:\/\/blog.olimar.de\/portugiesischer-jakobsweg\/#breadcrumb\",\"itemListElement\":[{\"@type\":\"ListItem\",\"position\":1,\"name\":\"Home\",\"item\":\"https:\/\/blog.olimar.de\/\"},{\"@type\":\"ListItem\",\"position\":2,\"name\":\"Lissabon\",\"item\":\"https:\/\/blog.olimar.de\/tag\/lissabon\/\"},{\"@type\":\"ListItem\",\"position\":3,\"name\":\"Portugiesischer Jakobsweg: Pilgern an der K\u00fcste\"}]},{\"@type\":\"WebSite\",\"@id\":\"https:\/\/blog.olimar.de\/#website\",\"url\":\"https:\/\/blog.olimar.de\/\",\"name\":\"OLIMAR.com\",\"description\":\"\",\"publisher\":{\"@id\":\"https:\/\/blog.olimar.de\/#organization\"},\"potentialAction\":[{\"@type\":\"SearchAction\",\"target\":{\"@type\":\"EntryPoint\",\"urlTemplate\":\"https:\/\/blog.olimar.de\/?s={search_term_string}\"},\"query-input\":{\"@type\":\"PropertyValueSpecification\",\"valueRequired\":true,\"valueName\":\"search_term_string\"}}],\"inLanguage\":\"de\"},{\"@type\":\"Organization\",\"@id\":\"https:\/\/blog.olimar.de\/#organization\",\"name\":\"OLIMAR Reisen\",\"url\":\"https:\/\/blog.olimar.de\/\",\"logo\":{\"@type\":\"ImageObject\",\"inLanguage\":\"de\",\"@id\":\"https:\/\/blog.olimar.de\/#\/schema\/logo\/image\/\",\"url\":\"https:\/\/blog.olimar.de\/wp-content\/uploads\/2021\/01\/OLIMAR_Logo_COLOR.png\",\"contentUrl\":\"https:\/\/blog.olimar.de\/wp-content\/uploads\/2021\/01\/OLIMAR_Logo_COLOR.png\",\"width\":2000,\"height\":986,\"caption\":\"OLIMAR Reisen\"},\"image\":{\"@id\":\"https:\/\/blog.olimar.de\/#\/schema\/logo\/image\/\"},\"sameAs\":[\"https:\/\/www.facebook.com\/OlimarReisen\",\"https:\/\/x.com\/olimarrreisen\",\"https:\/\/www.instagram.com\/olimarreisen\",\"https:\/\/www.youtube.com\/user\/olimarreisen\"]}]}<\/script>\n<!-- \/ Yoast SEO plugin. -->","yoast_head_json":{"title":"Portugiesischer Jakobsweg: Interview zum Pilgern an der K\u00fcste","description":"Wir haben mit dem Autor Herbert Hirschler gesprochen, der von Lissabons K\u00fcste \u00fcber Porto nach Santiago pilgerte: portugiesischer Jakobsweg!","robots":{"index":"index","follow":"follow","max-snippet":"max-snippet:-1","max-image-preview":"max-image-preview:large","max-video-preview":"max-video-preview:-1"},"canonical":"https:\/\/blog.olimar.de\/portugiesischer-jakobsweg\/","og_locale":"de_DE","og_type":"article","og_title":"Portugiesischer Jakobsweg: Interview zum Pilgern an der K\u00fcste","og_description":"Wir haben mit dem Autor Herbert Hirschler gesprochen, der von Lissabons K\u00fcste \u00fcber Porto nach Santiago pilgerte: portugiesischer Jakobsweg!","og_url":"https:\/\/blog.olimar.de\/portugiesischer-jakobsweg\/","article_publisher":"https:\/\/www.facebook.com\/OlimarReisen","article_published_time":"2017-11-07T13:41:41+00:00","article_modified_time":"2023-03-04T07:11:00+00:00","og_image":[{"width":4032,"height":3024,"url":"https:\/\/blog.olimar.de\/wp-content\/uploads\/2017\/10\/04-20160420-Ericeira-Santa-Cruz-27-km-044.jpg","type":"image\/jpeg"}],"author":"OLIMAR Redaktionsteam","twitter_misc":{"Verfasst von":"OLIMAR Redaktionsteam","Gesch\u00e4tzte Lesezeit":"8\u00a0Minuten"},"schema":{"@context":"https:\/\/schema.org","@graph":[{"@type":"WebPage","@id":"https:\/\/blog.olimar.de\/portugiesischer-jakobsweg\/","url":"https:\/\/blog.olimar.de\/portugiesischer-jakobsweg\/","name":"Portugiesischer Jakobsweg: Interview zum Pilgern an der K\u00fcste","isPartOf":{"@id":"https:\/\/blog.olimar.de\/#website"},"primaryImageOfPage":{"@id":"https:\/\/blog.olimar.de\/portugiesischer-jakobsweg\/#primaryimage"},"image":{"@id":"https:\/\/blog.olimar.de\/portugiesischer-jakobsweg\/#primaryimage"},"thumbnailUrl":"https:\/\/blog.olimar.de\/wp-content\/uploads\/2017\/10\/04-20160420-Ericeira-Santa-Cruz-27-km-044.jpg","datePublished":"2017-11-07T13:41:41+00:00","dateModified":"2023-03-04T07:11:00+00:00","description":"Wir haben mit dem Autor Herbert Hirschler gesprochen, der von Lissabons K\u00fcste \u00fcber Porto nach Santiago pilgerte: portugiesischer Jakobsweg!","breadcrumb":{"@id":"https:\/\/blog.olimar.de\/portugiesischer-jakobsweg\/#breadcrumb"},"inLanguage":"de","potentialAction":[{"@type":"ReadAction","target":["https:\/\/blog.olimar.de\/portugiesischer-jakobsweg\/"]}]},{"@type":"ImageObject","inLanguage":"de","@id":"https:\/\/blog.olimar.de\/portugiesischer-jakobsweg\/#primaryimage","url":"https:\/\/blog.olimar.de\/wp-content\/uploads\/2017\/10\/04-20160420-Ericeira-Santa-Cruz-27-km-044.jpg","contentUrl":"https:\/\/blog.olimar.de\/wp-content\/uploads\/2017\/10\/04-20160420-Ericeira-Santa-Cruz-27-km-044.jpg","width":4032,"height":3024,"caption":"Von Ericeira nach Santa Cruz Jakobsweg Portugal"},{"@type":"BreadcrumbList","@id":"https:\/\/blog.olimar.de\/portugiesischer-jakobsweg\/#breadcrumb","itemListElement":[{"@type":"ListItem","position":1,"name":"Home","item":"https:\/\/blog.olimar.de\/"},{"@type":"ListItem","position":2,"name":"Lissabon","item":"https:\/\/blog.olimar.de\/tag\/lissabon\/"},{"@type":"ListItem","position":3,"name":"Portugiesischer Jakobsweg: Pilgern an der K\u00fcste"}]},{"@type":"WebSite","@id":"https:\/\/blog.olimar.de\/#website","url":"https:\/\/blog.olimar.de\/","name":"OLIMAR.com","description":"","publisher":{"@id":"https:\/\/blog.olimar.de\/#organization"},"potentialAction":[{"@type":"SearchAction","target":{"@type":"EntryPoint","urlTemplate":"https:\/\/blog.olimar.de\/?s={search_term_string}"},"query-input":{"@type":"PropertyValueSpecification","valueRequired":true,"valueName":"search_term_string"}}],"inLanguage":"de"},{"@type":"Organization","@id":"https:\/\/blog.olimar.de\/#organization","name":"OLIMAR Reisen","url":"https:\/\/blog.olimar.de\/","logo":{"@type":"ImageObject","inLanguage":"de","@id":"https:\/\/blog.olimar.de\/#\/schema\/logo\/image\/","url":"https:\/\/blog.olimar.de\/wp-content\/uploads\/2021\/01\/OLIMAR_Logo_COLOR.png","contentUrl":"https:\/\/blog.olimar.de\/wp-content\/uploads\/2021\/01\/OLIMAR_Logo_COLOR.png","width":2000,"height":986,"caption":"OLIMAR Reisen"},"image":{"@id":"https:\/\/blog.olimar.de\/#\/schema\/logo\/image\/"},"sameAs":["https:\/\/www.facebook.com\/OlimarReisen","https:\/\/x.com\/olimarrreisen","https:\/\/www.instagram.com\/olimarreisen","https:\/\/www.youtube.com\/user\/olimarreisen"]}]}},"modified_by":"Lena Radermacher","jetpack_featured_media_url":"https:\/\/blog.olimar.de\/wp-content\/uploads\/2017\/10\/04-20160420-Ericeira-Santa-Cruz-27-km-044.jpg","_links":{"self":[{"href":"https:\/\/blog.olimar.de\/wp-json\/wp\/v2\/posts\/8947","targetHints":{"allow":["GET"]}}],"collection":[{"href":"https:\/\/blog.olimar.de\/wp-json\/wp\/v2\/posts"}],"about":[{"href":"https:\/\/blog.olimar.de\/wp-json\/wp\/v2\/types\/post"}],"author":[{"embeddable":true,"href":"https:\/\/blog.olimar.de\/wp-json\/wp\/v2\/users\/9"}],"replies":[{"embeddable":true,"href":"https:\/\/blog.olimar.de\/wp-json\/wp\/v2\/comments?post=8947"}],"version-history":[{"count":40,"href":"https:\/\/blog.olimar.de\/wp-json\/wp\/v2\/posts\/8947\/revisions"}],"predecessor-version":[{"id":24770,"href":"https:\/\/blog.olimar.de\/wp-json\/wp\/v2\/posts\/8947\/revisions\/24770"}],"wp:featuredmedia":[{"embeddable":true,"href":"https:\/\/blog.olimar.de\/wp-json\/wp\/v2\/media\/8962"}],"wp:attachment":[{"href":"https:\/\/blog.olimar.de\/wp-json\/wp\/v2\/media?parent=8947"}],"wp:term":[{"taxonomy":"category","embeddable":true,"href":"https:\/\/blog.olimar.de\/wp-json\/wp\/v2\/categories?post=8947"},{"taxonomy":"post_tag","embeddable":true,"href":"https:\/\/blog.olimar.de\/wp-json\/wp\/v2\/tags?post=8947"}],"curies":[{"name":"wp","href":"https:\/\/api.w.org\/{rel}","templated":true}]}}