{"id":9062,"date":"2017-12-21T08:00:22","date_gmt":"2017-12-21T06:00:22","guid":{"rendered":"https:\/\/blog.olimar.de\/?p=9062"},"modified":"2023-03-13T12:49:03","modified_gmt":"2023-03-13T11:49:03","slug":"fuerteventura-tipps","status":"publish","type":"post","link":"https:\/\/blog.olimar.de\/fuerteventura-tipps\/","title":{"rendered":"Unterwegs im Norden von Fuerteventura: Tipps f\u00fcr den Inselurlaub"},"content":{"rendered":"<p class=\"intro\">Der Norden Fuerteventuras ist bekannt f\u00fcr seine unz\u00e4hligen Surferstr\u00e4nde, seine beschaulichen D\u00f6rfer und K\u00fcstenorte sowie seine kilometerlange D\u00fcnenlandschaft. Folgend ein paar Tipps f\u00fcr Ihren n\u00e4chsten Fuerteventura-Urlaub.<\/p>\n<p><span class=\"dropcap\">F<\/span>uerteventura, die fl\u00e4chenm\u00e4\u00dfig zweitgr\u00f6\u00dfte Insel der Kanaren, hat mit ihren unendlichen Weiten und kilometerlangen Str\u00e4nden und D\u00fcnenlandschaften einen ganz besonderen Reiz: Sie entschleunigt jeden Urlauber unmittelbar nach der Ankunft.<\/p>\n<p>Mag man von Puerto del Rosario, der Inselhauptstadt, noch denken, dass die Infrastruktur mit gro\u00dfem Hafen, einer langgezogener Promenade und verschiedenen Einkaufsstra\u00dfen das typische Kanaren-Bild auf Fuerteventura zeichnet, so er\u00f6ffnet sich doch nach der Hauptstadt in Richtung Norden ein weitaus ruhigere Region aus kleinen D\u00f6rfern und K\u00fcstenst\u00e4dtchen.<\/p>\n<h3><strong>La Olivia und die Casa de Los Coroneles<\/strong><\/h3>\n<p>Eines davon ist La Oliva, inmitten der gleichnamigen Nordregion Fuerteventuras. Hier thront die Casa de los Coroneles (das Haus der Obristen) inmitten der von Vulkanstein verzierten Landschaft. Das kanarische Herrenhaus ist eines der bedeutendsten nicht-kirchlichen Bauten der Insel. Sein Ursprung geht auf Mitte des 17. Jahrhundert zur\u00fcck. Es diente den milit\u00e4rischen Oberbefehlshabern von La Oliva als Wohn- und Regierungssitz. Interessant zu sehen sind die vier im Mud\u00e9jar-Stil geschnitzten Holzbalkone rechts und links neben dem Eingangstor sowie die vielen verzierten Fenster. Im Inneren kann man sich in elf S\u00e4len Kunstobjekte, Dokumente und Fotografien aus vergangenen Epochen sowie die der jeweiligen R\u00e4umlichkeiten zugeh\u00f6rige Ausstattung bewundern.<\/p>\n<div id='gallery-1' class='gallery galleryid-9062 gallery-columns-3 gallery-size-thumbnail'><dl class='gallery-item'>\n\t\t\t<dt class='gallery-icon portrait'>\n\t\t\t\t<img loading=\"lazy\" decoding=\"async\" width=\"150\" height=\"150\" src=\"https:\/\/blog.olimar.de\/wp-content\/uploads\/2017\/12\/Hotel-Mahoh-3-150x150.jpg\" class=\"attachment-thumbnail size-thumbnail\" alt=\"Kakteen Garten Hotel Mahoh Fuerteventura\" srcset=\"https:\/\/blog.olimar.de\/wp-content\/uploads\/2017\/12\/Hotel-Mahoh-3-150x150.jpg 150w, https:\/\/blog.olimar.de\/wp-content\/uploads\/2017\/12\/Hotel-Mahoh-3-120x120.jpg 120w\" sizes=\"auto, (max-width: 150px) 100vw, 150px\" \/>\n\t\t\t<\/dt><\/dl><dl class='gallery-item'>\n\t\t\t<dt class='gallery-icon landscape'>\n\t\t\t\t<img loading=\"lazy\" decoding=\"async\" width=\"150\" height=\"150\" src=\"https:\/\/blog.olimar.de\/wp-content\/uploads\/2017\/12\/Hotel-Mahoh-8-150x150.jpg\" class=\"attachment-thumbnail size-thumbnail\" alt=\"Himmelbett Schreibtisch Hotel Mahoh Fuerteventura\" srcset=\"https:\/\/blog.olimar.de\/wp-content\/uploads\/2017\/12\/Hotel-Mahoh-8-150x150.jpg 150w, https:\/\/blog.olimar.de\/wp-content\/uploads\/2017\/12\/Hotel-Mahoh-8-120x120.jpg 120w\" sizes=\"auto, (max-width: 150px) 100vw, 150px\" \/>\n\t\t\t<\/dt><\/dl><dl class='gallery-item'>\n\t\t\t<dt class='gallery-icon portrait'>\n\t\t\t\t<img loading=\"lazy\" decoding=\"async\" width=\"150\" height=\"150\" src=\"https:\/\/blog.olimar.de\/wp-content\/uploads\/2017\/12\/Hotel-Mahoh-4-150x150.jpg\" class=\"attachment-thumbnail size-thumbnail\" alt=\"Restaurant mit gedeckten Tischen Hotel Mahoh Fuerteventura\" srcset=\"https:\/\/blog.olimar.de\/wp-content\/uploads\/2017\/12\/Hotel-Mahoh-4-150x150.jpg 150w, https:\/\/blog.olimar.de\/wp-content\/uploads\/2017\/12\/Hotel-Mahoh-4-120x120.jpg 120w\" sizes=\"auto, (max-width: 150px) 100vw, 150px\" \/>\n\t\t\t<\/dt><\/dl><br style=\"clear: both\" \/><dl class='gallery-item'>\n\t\t\t<dt class='gallery-icon landscape'>\n\t\t\t\t<img loading=\"lazy\" decoding=\"async\" width=\"150\" height=\"150\" src=\"https:\/\/blog.olimar.de\/wp-content\/uploads\/2017\/12\/Hotel-Mahoh-7-150x150.jpg\" class=\"attachment-thumbnail size-thumbnail\" alt=\"Terrasse Abendstimmung Hotel Mahoh Fuerteventura\" srcset=\"https:\/\/blog.olimar.de\/wp-content\/uploads\/2017\/12\/Hotel-Mahoh-7-150x150.jpg 150w, https:\/\/blog.olimar.de\/wp-content\/uploads\/2017\/12\/Hotel-Mahoh-7-120x120.jpg 120w\" sizes=\"auto, (max-width: 150px) 100vw, 150px\" \/>\n\t\t\t<\/dt><\/dl><dl class='gallery-item'>\n\t\t\t<dt class='gallery-icon portrait'>\n\t\t\t\t<img loading=\"lazy\" decoding=\"async\" width=\"150\" height=\"150\" src=\"https:\/\/blog.olimar.de\/wp-content\/uploads\/2017\/12\/Hotel-Mahoh-11-150x150.jpg\" class=\"attachment-thumbnail size-thumbnail\" alt=\"Schreibtisch Telefon Hotel Mahoh Fuerteventura\" srcset=\"https:\/\/blog.olimar.de\/wp-content\/uploads\/2017\/12\/Hotel-Mahoh-11-150x150.jpg 150w, https:\/\/blog.olimar.de\/wp-content\/uploads\/2017\/12\/Hotel-Mahoh-11-120x120.jpg 120w\" sizes=\"auto, (max-width: 150px) 100vw, 150px\" \/>\n\t\t\t<\/dt><\/dl>\n\t\t\t<br style='clear: both' \/>\n\t\t<\/div>\n\n<h3><strong>Meine Erde, mein Land: Das Bauernhaus Mahoh<\/strong><\/h3>\n<p>Im Stadtteil Villaverde liegt das kleine Landhotel \u201eMahoh\u201c (\u00fcbersetzt: \u201emi tierra, mi pa\u00eds\u201c \u2013 \u201emeine Erde, mein Land\u201c). Es ist der zweit\u00e4lteste Bauernhof der Insel, im 19. Jahrhundert siedelten sich hier die ersten \u201eMajoreros\u201c, die Ureinwohner auf Fuerteventura, an. Heute ist das Landhaus eine schicke Unterkunft, eine Casa Rural, wie man sie landl\u00e4ufig nennt, mit lediglich neun individuell eingerichteten Zimmern. Tiere gibt es hier immer noch, wenn auch nur Pferde, deren Besitzer regelm\u00e4\u00dfig f\u00fcr einen Ausritt durch die Vulkanlandschaften vorbei kommen. Der heutige Anziehungspunkt des Hauses ist ihr hervorragendes Restaurant. Am offenen Grill werden jeden Abend die feinsten Fleischspezialit\u00e4ten der Insel gegrillt, es gibt aber auch raffinierte vegetarische Gerichte und leckere Salate. Das Mahoh-Restaurant hat mittlerweile einen so guten Ruf auf der Insel, das G\u00e4ste von nah und fern vorbei kommen. Als Halbpension-Gast hat man den Vorteil, dass man hier jeden Abend von den Gerichten probieren kann, auch wenn hierf\u00fcr eine Extra-Karte vorgesehen ist, da die andere st\u00e4ndig wechselt.<\/p>\n<h3><strong>D\u00fcnen von Corralejo<\/strong><\/h3>\n<p>Das Mahoh-Hotel ist nat\u00fcrlich auch ein guter Startpunkt f\u00fcr Erkundungen an der K\u00fcste. In nur 20 Autominuten erreicht man die acht Kilometer lange D\u00fcnenlandschaft von Corralejo im Nordosten der Insel. Ein herrliches Areal zum Sandlaufen und nat\u00fcrlich Baden. Der nahegelegene K\u00fcstenort hat sich zu einem touristischen Ziel entwickelt mit jeder Menge Einkaufsl\u00e4den, Bars und Kneipen \u2013 Richtung Hafenmauer im Westen oder weiter Richtung Osten wird es etwas ruhiger und beschaulicher. Von Corralejo ist es \u00fcbrigens nicht weit bis nach Lanzarote, t\u00e4glich starten hier die F\u00e4hren zur 30 Minuten entfernten Nachbarinsel.<\/p>\n<div id='gallery-2' class='gallery galleryid-9062 gallery-columns-3 gallery-size-thumbnail'><dl class='gallery-item'>\n\t\t\t<dt class='gallery-icon landscape'>\n\t\t\t\t<img loading=\"lazy\" decoding=\"async\" width=\"150\" height=\"150\" src=\"https:\/\/blog.olimar.de\/wp-content\/uploads\/2017\/12\/El-Cotillo-1-150x150.jpg\" class=\"attachment-thumbnail size-thumbnail\" alt=\"Bucht Badestrand El Cotillo Fuerteventura\" srcset=\"https:\/\/blog.olimar.de\/wp-content\/uploads\/2017\/12\/El-Cotillo-1-150x150.jpg 150w, https:\/\/blog.olimar.de\/wp-content\/uploads\/2017\/12\/El-Cotillo-1-120x120.jpg 120w\" sizes=\"auto, (max-width: 150px) 100vw, 150px\" \/>\n\t\t\t<\/dt><\/dl><dl class='gallery-item'>\n\t\t\t<dt class='gallery-icon landscape'>\n\t\t\t\t<img loading=\"lazy\" decoding=\"async\" width=\"150\" height=\"150\" src=\"https:\/\/blog.olimar.de\/wp-content\/uploads\/2017\/12\/El-Cotillo-2-150x150.jpg\" class=\"attachment-thumbnail size-thumbnail\" alt=\"Au\u00dfenansicht Restaurant in El Cotillo auf Fuerteventura\" srcset=\"https:\/\/blog.olimar.de\/wp-content\/uploads\/2017\/12\/El-Cotillo-2-150x150.jpg 150w, https:\/\/blog.olimar.de\/wp-content\/uploads\/2017\/12\/El-Cotillo-2-120x120.jpg 120w\" sizes=\"auto, (max-width: 150px) 100vw, 150px\" \/>\n\t\t\t<\/dt><\/dl>\n\t\t\t<br style='clear: both' \/>\n\t\t<\/div>\n\n<h3><strong>Surferspot El Cotillo<\/strong><\/h3>\n<p>F\u00e4hrt man Richtung Nordwesten, passiert man die selbst ernannte \u201eSurf City\u201c Lajares, wo viele Surfschulen ihren Sitz haben und einige Surfer dauerhaft wohnen. Danach f\u00fchrt der Weg geradeaus nach El Cotillo, ein nettes, kleineres Hafenst\u00e4dtchen direkt an der K\u00fcste. \u00d6stlich und westlich von El Cotillo kann man zwischen den Str\u00e4nden mit wenig oder viel Wellengang w\u00e4hlen. Beide haben ihre Reize. Der \u00f6stlich gelegene Hausstrand des Ortes liegt etwas gesch\u00fctzt, so dass hier Familien mit Kindern gut aufgehoben sind. Wer lieber in den Wellen planschen will, sollte an die Westseite fahren. Hier reiht sich eine lange Strandbucht an die andere. Die Wellen eignen sich in ihrer \u00fcberschaubaren Dimension ideal f\u00fcr Surfanf\u00e4nger und Bodyboarder. Gr\u00f6\u00dfere Wellen f\u00fcr Surfprofis befinden sich weiter n\u00f6rdlich am \u201eNorth Rock\u201c.<\/p>\n<div id='gallery-3' class='gallery galleryid-9062 gallery-columns-3 gallery-size-thumbnail'><dl class='gallery-item'>\n\t\t\t<dt class='gallery-icon portrait'>\n\t\t\t\t<img loading=\"lazy\" decoding=\"async\" width=\"150\" height=\"150\" src=\"https:\/\/blog.olimar.de\/wp-content\/uploads\/2017\/12\/Wanderung-Palmental-1-150x150.jpg\" class=\"attachment-thumbnail size-thumbnail\" alt=\"Palme Nahaufnahme Palmental Fuerteventura\" srcset=\"https:\/\/blog.olimar.de\/wp-content\/uploads\/2017\/12\/Wanderung-Palmental-1-150x150.jpg 150w, https:\/\/blog.olimar.de\/wp-content\/uploads\/2017\/12\/Wanderung-Palmental-1-120x120.jpg 120w\" sizes=\"auto, (max-width: 150px) 100vw, 150px\" \/>\n\t\t\t<\/dt><\/dl><dl class='gallery-item'>\n\t\t\t<dt class='gallery-icon portrait'>\n\t\t\t\t<img loading=\"lazy\" decoding=\"async\" width=\"150\" height=\"150\" src=\"https:\/\/blog.olimar.de\/wp-content\/uploads\/2017\/12\/Wanderung-Palmental-6-150x150.jpg\" class=\"attachment-thumbnail size-thumbnail\" alt=\"Felsen auf Wanderung Palmental Fuerteventura\" srcset=\"https:\/\/blog.olimar.de\/wp-content\/uploads\/2017\/12\/Wanderung-Palmental-6-150x150.jpg 150w, https:\/\/blog.olimar.de\/wp-content\/uploads\/2017\/12\/Wanderung-Palmental-6-120x120.jpg 120w\" sizes=\"auto, (max-width: 150px) 100vw, 150px\" \/>\n\t\t\t<\/dt><\/dl>\n\t\t\t<br style='clear: both' \/>\n\t\t<\/div>\n\n<h3><strong>Abstecher nach Betancuria und ins Palmental<\/strong><\/h3>\n<p>Nat\u00fcrlich kann man noch weitere Ausfl\u00fcge auf der Insel unternehmen, wenn man im Norden wohnt \u2013 zum Beispiel zur ehemaligen Inselhauptstadt Betancuria fahren. Die dortige Kirche Santa Maria de Betancuria geht auf das Jahr 1410 zur\u00fcck und war von 1424 bis 1431 Kathedrale des Bistums Fuerteventura. Obgleich die Lage des Ortes bewusst in den Bergen gew\u00e4hlt wurde, kam es immer wieder zu Piraten-Angriffen. 1593 wurde die Kirche stark verw\u00fcstet und im 17. Jahrhundert in der heutigen Form wieder aufgebaut. Das dreischiffige Gotteshaus ist bis heute eine der gr\u00f6\u00dften Kirchen Fuerteventuras. Nicht weit von Betancuria in Richtung S\u00fcden befindet sich der Eingang zum Palmental \u201eVega de Rio Palmas\u201c \u2013 ein wundersch\u00f6ner Wanderweg durch ein ausgetrocknetes, aber mit Palmen ges\u00e4umtes Flussbett, vorbei an einer imposanten Staumauer bis hin zur Kapelle von Nuestra Se\u00f1ora de la Pe\u00f1a, die bis heute die Schutzpatronin von Fuerteventura ist.<\/p>\n\n\n<div style=\"height:50px\" aria-hidden=\"true\" class=\"wp-block-spacer\"><\/div>\n\n\n\n<div class=\"wp-block-buttons is-layout-flex wp-block-buttons-is-layout-flex\">\n<div class=\"wp-block-button\"><a class=\"wp-block-button__link wp-element-button\" href=\"https:\/\/www.olimar.de\/hotellistung\/\">Jetzt Urlaubsangebote finden und buchen<\/a><\/div>\n<\/div>\n\n\n\n<div style=\"height:100px\" aria-hidden=\"true\" class=\"wp-block-spacer\"><\/div>\n","protected":false},"excerpt":{"rendered":"<p>Der Norden Fuerteventuras ist bekannt f\u00fcr seine unz\u00e4hligen Surferstr\u00e4nde, seine beschaulichen D\u00f6rfer und K\u00fcstenorte sowie seine kilometerlange D\u00fcnenlandschaft. Folgend ein paar Tipps f\u00fcr Ihren n\u00e4chsten Fuerteventura-Urlaub. Fuerteventura, die fl\u00e4chenm\u00e4\u00dfig zweitgr\u00f6\u00dfte Insel der Kanaren, hat mit ihren unendlichen Weiten und kilometerlangen Str\u00e4nden und D\u00fcnenlandschaften einen ganz besonderen Reiz: Sie entschleunigt jeden Urlauber unmittelbar nach der Ankunft. Mag man von Puerto del Rosario, der Inselhauptstadt, noch denken, dass die Infrastruktur mit gro\u00dfem Hafen, einer langgezogener Promenade und verschiedenen Einkaufsstra\u00dfen das typische Kanaren-Bild auf Fuerteventura zeichnet, so er\u00f6ffnet sich doch nach der Hauptstadt in Richtung Norden ein weitaus ruhigere Region aus kleinen D\u00f6rfern und &hellip;<\/p>\n","protected":false},"author":3,"featured_media":9101,"comment_status":"open","ping_status":"open","sticky":false,"template":"","format":"standard","meta":{"_crdt_document":"","_lmt_disableupdate":"","_lmt_disable":"","footnotes":""},"categories":[1,31],"tags":[126,115,62],"class_list":["post-9062","post","type-post","status-publish","format-standard","has-post-thumbnail","hentry","category-allgemein","category-land-leute","tag-fuerteventura","tag-kanaren","tag-spanien"],"yoast_head":"<!-- This site is optimized with the Yoast SEO plugin v26.9 - https:\/\/yoast.com\/product\/yoast-seo-wordpress\/ -->\n<title>Unterwegs im Norden Fuerteventuras - unsere Tipps<\/title>\n<meta name=\"description\" content=\"OLIMAR Kollegin Evelyn Steinbach teilt ihre pers\u00f6nlichen Urlaubstipps f\u00fcr den Norden Fuerteventuras mit dem Sonnenseiten Magazin.\" \/>\n<meta name=\"robots\" content=\"index, follow, max-snippet:-1, max-image-preview:large, max-video-preview:-1\" \/>\n<link rel=\"canonical\" href=\"https:\/\/blog.olimar.de\/fuerteventura-tipps\/\" \/>\n<meta property=\"og:locale\" content=\"de_DE\" \/>\n<meta property=\"og:type\" content=\"article\" \/>\n<meta property=\"og:title\" content=\"Unterwegs im Norden Fuerteventuras - unsere Tipps\" \/>\n<meta property=\"og:description\" content=\"OLIMAR Kollegin Evelyn Steinbach teilt ihre pers\u00f6nlichen Urlaubstipps f\u00fcr den Norden Fuerteventuras mit dem Sonnenseiten Magazin.\" \/>\n<meta property=\"og:url\" content=\"https:\/\/blog.olimar.de\/fuerteventura-tipps\/\" \/>\n<meta property=\"article:publisher\" content=\"https:\/\/www.facebook.com\/OlimarReisen\" \/>\n<meta property=\"article:published_time\" content=\"2017-12-21T06:00:22+00:00\" \/>\n<meta property=\"article:modified_time\" content=\"2023-03-13T11:49:03+00:00\" \/>\n<meta property=\"og:image\" content=\"https:\/\/blog.olimar.de\/wp-content\/uploads\/2017\/12\/Miradouro-3-e1518802373667.jpg\" \/>\n\t<meta property=\"og:image:width\" content=\"1500\" \/>\n\t<meta property=\"og:image:height\" content=\"596\" \/>\n\t<meta property=\"og:image:type\" content=\"image\/jpeg\" \/>\n<meta name=\"author\" content=\"Evelyn Steinbach\" \/>\n<meta name=\"twitter:label1\" content=\"Verfasst von\" \/>\n\t<meta name=\"twitter:data1\" content=\"Evelyn Steinbach\" \/>\n\t<meta name=\"twitter:label2\" content=\"Gesch\u00e4tzte Lesezeit\" \/>\n\t<meta name=\"twitter:data2\" content=\"5\u00a0Minuten\" \/>\n<script type=\"application\/ld+json\" class=\"yoast-schema-graph\">{\"@context\":\"https:\/\/schema.org\",\"@graph\":[{\"@type\":\"WebPage\",\"@id\":\"https:\/\/blog.olimar.de\/fuerteventura-tipps\/\",\"url\":\"https:\/\/blog.olimar.de\/fuerteventura-tipps\/\",\"name\":\"Unterwegs im Norden Fuerteventuras - unsere Tipps\",\"isPartOf\":{\"@id\":\"https:\/\/blog.olimar.de\/#website\"},\"primaryImageOfPage\":{\"@id\":\"https:\/\/blog.olimar.de\/fuerteventura-tipps\/#primaryimage\"},\"image\":{\"@id\":\"https:\/\/blog.olimar.de\/fuerteventura-tipps\/#primaryimage\"},\"thumbnailUrl\":\"https:\/\/blog.olimar.de\/wp-content\/uploads\/2017\/12\/Miradouro-3-e1518802373667.jpg\",\"datePublished\":\"2017-12-21T06:00:22+00:00\",\"dateModified\":\"2023-03-13T11:49:03+00:00\",\"description\":\"OLIMAR Kollegin Evelyn Steinbach teilt ihre pers\u00f6nlichen Urlaubstipps f\u00fcr den Norden Fuerteventuras mit dem Sonnenseiten Magazin.\",\"breadcrumb\":{\"@id\":\"https:\/\/blog.olimar.de\/fuerteventura-tipps\/#breadcrumb\"},\"inLanguage\":\"de\",\"potentialAction\":[{\"@type\":\"ReadAction\",\"target\":[\"https:\/\/blog.olimar.de\/fuerteventura-tipps\/\"]}]},{\"@type\":\"ImageObject\",\"inLanguage\":\"de\",\"@id\":\"https:\/\/blog.olimar.de\/fuerteventura-tipps\/#primaryimage\",\"url\":\"https:\/\/blog.olimar.de\/wp-content\/uploads\/2017\/12\/Miradouro-3-e1518802373667.jpg\",\"contentUrl\":\"https:\/\/blog.olimar.de\/wp-content\/uploads\/2017\/12\/Miradouro-3-e1518802373667.jpg\",\"width\":1500,\"height\":596,\"caption\":\"Aussichtspunkt auf Fuerteventura\"},{\"@type\":\"BreadcrumbList\",\"@id\":\"https:\/\/blog.olimar.de\/fuerteventura-tipps\/#breadcrumb\",\"itemListElement\":[{\"@type\":\"ListItem\",\"position\":1,\"name\":\"Home\",\"item\":\"https:\/\/blog.olimar.de\/\"},{\"@type\":\"ListItem\",\"position\":2,\"name\":\"Fuerteventura\",\"item\":\"https:\/\/blog.olimar.de\/tag\/fuerteventura\/\"},{\"@type\":\"ListItem\",\"position\":3,\"name\":\"Unterwegs im Norden von Fuerteventura: Tipps f\u00fcr den Inselurlaub\"}]},{\"@type\":\"WebSite\",\"@id\":\"https:\/\/blog.olimar.de\/#website\",\"url\":\"https:\/\/blog.olimar.de\/\",\"name\":\"OLIMAR.com\",\"description\":\"\",\"publisher\":{\"@id\":\"https:\/\/blog.olimar.de\/#organization\"},\"potentialAction\":[{\"@type\":\"SearchAction\",\"target\":{\"@type\":\"EntryPoint\",\"urlTemplate\":\"https:\/\/blog.olimar.de\/?s={search_term_string}\"},\"query-input\":{\"@type\":\"PropertyValueSpecification\",\"valueRequired\":true,\"valueName\":\"search_term_string\"}}],\"inLanguage\":\"de\"},{\"@type\":\"Organization\",\"@id\":\"https:\/\/blog.olimar.de\/#organization\",\"name\":\"OLIMAR Reisen\",\"url\":\"https:\/\/blog.olimar.de\/\",\"logo\":{\"@type\":\"ImageObject\",\"inLanguage\":\"de\",\"@id\":\"https:\/\/blog.olimar.de\/#\/schema\/logo\/image\/\",\"url\":\"https:\/\/blog.olimar.de\/wp-content\/uploads\/2021\/01\/OLIMAR_Logo_COLOR.png\",\"contentUrl\":\"https:\/\/blog.olimar.de\/wp-content\/uploads\/2021\/01\/OLIMAR_Logo_COLOR.png\",\"width\":2000,\"height\":986,\"caption\":\"OLIMAR Reisen\"},\"image\":{\"@id\":\"https:\/\/blog.olimar.de\/#\/schema\/logo\/image\/\"},\"sameAs\":[\"https:\/\/www.facebook.com\/OlimarReisen\",\"https:\/\/x.com\/olimarrreisen\",\"https:\/\/www.instagram.com\/olimarreisen\",\"https:\/\/www.youtube.com\/user\/olimarreisen\"]}]}<\/script>\n<!-- \/ Yoast SEO plugin. -->","yoast_head_json":{"title":"Unterwegs im Norden Fuerteventuras - unsere Tipps","description":"OLIMAR Kollegin Evelyn Steinbach teilt ihre pers\u00f6nlichen Urlaubstipps f\u00fcr den Norden Fuerteventuras mit dem Sonnenseiten Magazin.","robots":{"index":"index","follow":"follow","max-snippet":"max-snippet:-1","max-image-preview":"max-image-preview:large","max-video-preview":"max-video-preview:-1"},"canonical":"https:\/\/blog.olimar.de\/fuerteventura-tipps\/","og_locale":"de_DE","og_type":"article","og_title":"Unterwegs im Norden Fuerteventuras - unsere Tipps","og_description":"OLIMAR Kollegin Evelyn Steinbach teilt ihre pers\u00f6nlichen Urlaubstipps f\u00fcr den Norden Fuerteventuras mit dem Sonnenseiten Magazin.","og_url":"https:\/\/blog.olimar.de\/fuerteventura-tipps\/","article_publisher":"https:\/\/www.facebook.com\/OlimarReisen","article_published_time":"2017-12-21T06:00:22+00:00","article_modified_time":"2023-03-13T11:49:03+00:00","og_image":[{"width":1500,"height":596,"url":"https:\/\/blog.olimar.de\/wp-content\/uploads\/2017\/12\/Miradouro-3-e1518802373667.jpg","type":"image\/jpeg"}],"author":"Evelyn Steinbach","twitter_misc":{"Verfasst von":"Evelyn Steinbach","Gesch\u00e4tzte Lesezeit":"5\u00a0Minuten"},"schema":{"@context":"https:\/\/schema.org","@graph":[{"@type":"WebPage","@id":"https:\/\/blog.olimar.de\/fuerteventura-tipps\/","url":"https:\/\/blog.olimar.de\/fuerteventura-tipps\/","name":"Unterwegs im Norden Fuerteventuras - unsere Tipps","isPartOf":{"@id":"https:\/\/blog.olimar.de\/#website"},"primaryImageOfPage":{"@id":"https:\/\/blog.olimar.de\/fuerteventura-tipps\/#primaryimage"},"image":{"@id":"https:\/\/blog.olimar.de\/fuerteventura-tipps\/#primaryimage"},"thumbnailUrl":"https:\/\/blog.olimar.de\/wp-content\/uploads\/2017\/12\/Miradouro-3-e1518802373667.jpg","datePublished":"2017-12-21T06:00:22+00:00","dateModified":"2023-03-13T11:49:03+00:00","description":"OLIMAR Kollegin Evelyn Steinbach teilt ihre pers\u00f6nlichen Urlaubstipps f\u00fcr den Norden Fuerteventuras mit dem Sonnenseiten Magazin.","breadcrumb":{"@id":"https:\/\/blog.olimar.de\/fuerteventura-tipps\/#breadcrumb"},"inLanguage":"de","potentialAction":[{"@type":"ReadAction","target":["https:\/\/blog.olimar.de\/fuerteventura-tipps\/"]}]},{"@type":"ImageObject","inLanguage":"de","@id":"https:\/\/blog.olimar.de\/fuerteventura-tipps\/#primaryimage","url":"https:\/\/blog.olimar.de\/wp-content\/uploads\/2017\/12\/Miradouro-3-e1518802373667.jpg","contentUrl":"https:\/\/blog.olimar.de\/wp-content\/uploads\/2017\/12\/Miradouro-3-e1518802373667.jpg","width":1500,"height":596,"caption":"Aussichtspunkt auf Fuerteventura"},{"@type":"BreadcrumbList","@id":"https:\/\/blog.olimar.de\/fuerteventura-tipps\/#breadcrumb","itemListElement":[{"@type":"ListItem","position":1,"name":"Home","item":"https:\/\/blog.olimar.de\/"},{"@type":"ListItem","position":2,"name":"Fuerteventura","item":"https:\/\/blog.olimar.de\/tag\/fuerteventura\/"},{"@type":"ListItem","position":3,"name":"Unterwegs im Norden von Fuerteventura: Tipps f\u00fcr den Inselurlaub"}]},{"@type":"WebSite","@id":"https:\/\/blog.olimar.de\/#website","url":"https:\/\/blog.olimar.de\/","name":"OLIMAR.com","description":"","publisher":{"@id":"https:\/\/blog.olimar.de\/#organization"},"potentialAction":[{"@type":"SearchAction","target":{"@type":"EntryPoint","urlTemplate":"https:\/\/blog.olimar.de\/?s={search_term_string}"},"query-input":{"@type":"PropertyValueSpecification","valueRequired":true,"valueName":"search_term_string"}}],"inLanguage":"de"},{"@type":"Organization","@id":"https:\/\/blog.olimar.de\/#organization","name":"OLIMAR Reisen","url":"https:\/\/blog.olimar.de\/","logo":{"@type":"ImageObject","inLanguage":"de","@id":"https:\/\/blog.olimar.de\/#\/schema\/logo\/image\/","url":"https:\/\/blog.olimar.de\/wp-content\/uploads\/2021\/01\/OLIMAR_Logo_COLOR.png","contentUrl":"https:\/\/blog.olimar.de\/wp-content\/uploads\/2021\/01\/OLIMAR_Logo_COLOR.png","width":2000,"height":986,"caption":"OLIMAR Reisen"},"image":{"@id":"https:\/\/blog.olimar.de\/#\/schema\/logo\/image\/"},"sameAs":["https:\/\/www.facebook.com\/OlimarReisen","https:\/\/x.com\/olimarrreisen","https:\/\/www.instagram.com\/olimarreisen","https:\/\/www.youtube.com\/user\/olimarreisen"]}]}},"modified_by":"Julia Windh\u00f6vel","jetpack_featured_media_url":"https:\/\/blog.olimar.de\/wp-content\/uploads\/2017\/12\/Miradouro-3-e1518802373667.jpg","_links":{"self":[{"href":"https:\/\/blog.olimar.de\/wp-json\/wp\/v2\/posts\/9062","targetHints":{"allow":["GET"]}}],"collection":[{"href":"https:\/\/blog.olimar.de\/wp-json\/wp\/v2\/posts"}],"about":[{"href":"https:\/\/blog.olimar.de\/wp-json\/wp\/v2\/types\/post"}],"author":[{"embeddable":true,"href":"https:\/\/blog.olimar.de\/wp-json\/wp\/v2\/users\/3"}],"replies":[{"embeddable":true,"href":"https:\/\/blog.olimar.de\/wp-json\/wp\/v2\/comments?post=9062"}],"version-history":[{"count":15,"href":"https:\/\/blog.olimar.de\/wp-json\/wp\/v2\/posts\/9062\/revisions"}],"predecessor-version":[{"id":24907,"href":"https:\/\/blog.olimar.de\/wp-json\/wp\/v2\/posts\/9062\/revisions\/24907"}],"wp:featuredmedia":[{"embeddable":true,"href":"https:\/\/blog.olimar.de\/wp-json\/wp\/v2\/media\/9101"}],"wp:attachment":[{"href":"https:\/\/blog.olimar.de\/wp-json\/wp\/v2\/media?parent=9062"}],"wp:term":[{"taxonomy":"category","embeddable":true,"href":"https:\/\/blog.olimar.de\/wp-json\/wp\/v2\/categories?post=9062"},{"taxonomy":"post_tag","embeddable":true,"href":"https:\/\/blog.olimar.de\/wp-json\/wp\/v2\/tags?post=9062"}],"curies":[{"name":"wp","href":"https:\/\/api.w.org\/{rel}","templated":true}]}}