{"id":9845,"date":"2018-10-23T10:50:05","date_gmt":"2018-10-23T08:50:05","guid":{"rendered":"https:\/\/blog.olimar.de\/?p=9845"},"modified":"2023-03-08T16:10:31","modified_gmt":"2023-03-08T15:10:31","slug":"solares-und-pousadas","status":"publish","type":"post","link":"https:\/\/blog.olimar.de\/solares-und-pousadas\/","title":{"rendered":"Solares und Pousadas de Portugal: Beim Grafen zu Gast"},"content":{"rendered":"<p class=\"intro\" style=\"text-align: justify;\">Wer einen <a href=\"https:\/\/www.olimar.de\/portugal\/\" rel=\"noopener noreferrer\">Portugal-Urlaub<\/a> abseits des touristischen Mainstreams verbringen m\u00f6chte und gerne auf Tuchf\u00fchlung mit Land und Leuten geht, der sollte sich unbedingt einmal bei den Solares de Portugal umschauen oder eine Pousada buchen. Zimmer mit Familienanschluss und Ambiente satt statt 24-Stunden-Rezeption und Minibar. Und vor allem: wirklich authentische Urlaubserlebnisse.<\/p>\n<p style=\"text-align: justify;\">Ob der verwunschene Landsitz, das efeuberankte Herrenhaus, jahrhundertealte Kl\u00f6ster oder das kleine Boutique-Hotel in spektakul\u00e4rer Panoramalage: Portugals Solares und Pousadas haben jede Menge zu bieten f\u00fcrs Auge und Gem\u00fct. Hippen Scandic Chic oder urbanen Lifestyle suchen Sie hier vergebens, bekommen daf\u00fcr unverf\u00e4lschte Gastfreundschaft und echtes Herzblut der Eigent\u00fcmer. Jedes dieser ganz besonderen Hotels in Portugal ist so individuell wie sein Besitzer und jedes hat seine Vorz\u00fcge, keines gleicht dem anderen. Einige H\u00e4user sind schon f\u00fcr sich eine glatte Sehensw\u00fcrdigkeit, andere liegen in der N\u00e4he von diesen. Da f\u00e4llt die Auswahl schwer\u2026<\/p>\n<h3 style=\"text-align: justify;\"><strong>Solares de Portugal \u2013 Nostalgie und Gastfreundschaft<\/strong><\/h3>\n<p style=\"text-align: justify;\">In der Organisation der Solares de Portugal haben sich unter der Federf\u00fchrung des Grafen Francisco de Calheiros Privatleute zusammengeschlossen, die ihre H\u00e4user f\u00fcr G\u00e4ste \u00f6ffnen \u2013 meist alte Adelssitze und Herrenh\u00e4user oder l\u00e4ndliche Quintas und Weing\u00fcter abseits der Haupt-Touristenrouten, die unvergleichlichen Charme verstr\u00f6men. Die H\u00e4user werden von ihren Besitzern (und das kann durchaus mal ein echter Graf sein!) selbst bewohnt und hier sind Sie wirklich \u201ezu Gast\u201c, keine Schl\u00fcsselnummer an der Rezeption. Viele der H\u00e4user sind jahrhundertealt und in ihrem Unterhalt so kostspielig, dass sie sonst dem Verfall preisgegeben w\u00e4ren. Und so entstand die ebenso geniale wie einfache Idee der Solares de Portugal: Wer sein Haus f\u00fcr Touristen \u00f6ffnet, erh\u00e4lt staatliche Zusch\u00fcsse f\u00fcr die Renovierung und es kann so manches wertvolle Kulturgut erhalten werden. Und die \u00dcbernachtungsg\u00e4ste lernen Menschen und Portugals Traditionen kennen, die Sie bei einer einfachen Pauschalreise nach Portugal so nicht finden w\u00fcrden. Eine klassische Win-win-Situation quasi. Klar ist aber auch, dass Sie f\u00fcr dieses Art von Urlaub in Portugal eine gewisse Portion Offenheit und Neugier auf andere Menschen mitbringen sollten, denn nur so erschlie\u00dft sich wirklich der komplette Charme dieser H\u00e4user \u2013 und ihre Vorteile. Die Hausherren der Solares verstehen sich noch als Gastgeber und so k\u00f6nnen Sie bei einer netten Unterhaltung die besten Tipps (und so manches Glas guten Wein) von ihnen abstauben, sei es f\u00fcr Ausfl\u00fcge oder die Restaurant-Empfehlung am Abend.<\/p>\n<p style=\"text-align: justify;\"><span class=\"dropcap\">E<\/span>in gutes Beispiel f\u00fcr authentische Urlaubserlebnisse dieser Art ist das <a href=\"https:\/\/www.olimar.de\/detailseite\/monte-da-corte-ligeira--beja--portugal\/\" rel=\"noopener noreferrer\">Monte da Corte Ligeira<\/a>. Das Haus thront einsam in der Weite des <a href=\"https:\/\/www.olimar.de\/portugal\/alentejo\/\" rel=\"noopener noreferrer\">Alentejo<\/a> und ist in seiner Bauweise absolut typisch f\u00fcr die Region. Hier lernen Sie Portugals urspr\u00fcnglichste Gegend echt und unverf\u00e4lscht kennen \u2013 aber nicht ohne Komfort, wenn Sie beispielsweise am aussichtsreich gelegenen Swimmingpool liegen, dessen Blau mit der kargen Weite des Alentejo kontrastiert.<\/p>\n<div id='gallery-1' class='gallery galleryid-9845 gallery-columns-3 gallery-size-medium'><dl class='gallery-item'>\n\t\t\t<dt class='gallery-icon landscape'>\n\t\t\t\t<img loading=\"lazy\" decoding=\"async\" width=\"300\" height=\"199\" src=\"https:\/\/blog.olimar.de\/wp-content\/uploads\/2018\/10\/FAOS08-p-PoolC-300x199.jpg\" class=\"attachment-medium size-medium\" alt=\"Monte da Corte Pool\" srcset=\"https:\/\/blog.olimar.de\/wp-content\/uploads\/2018\/10\/FAOS08-p-PoolC-300x199.jpg 300w, https:\/\/blog.olimar.de\/wp-content\/uploads\/2018\/10\/FAOS08-p-PoolC-768x510.jpg 768w, https:\/\/blog.olimar.de\/wp-content\/uploads\/2018\/10\/FAOS08-p-PoolC-840x560.jpg 840w, https:\/\/blog.olimar.de\/wp-content\/uploads\/2018\/10\/FAOS08-p-PoolC.jpg 1000w\" sizes=\"auto, (max-width: 300px) 100vw, 300px\" \/>\n\t\t\t<\/dt><\/dl><dl class='gallery-item'>\n\t\t\t<dt class='gallery-icon landscape'>\n\t\t\t\t<img loading=\"lazy\" decoding=\"async\" width=\"300\" height=\"199\" src=\"https:\/\/blog.olimar.de\/wp-content\/uploads\/2018\/10\/FAOS08-i-Interior2016A-300x199.jpg\" class=\"attachment-medium size-medium\" alt=\"Monte da Corte Salon\" srcset=\"https:\/\/blog.olimar.de\/wp-content\/uploads\/2018\/10\/FAOS08-i-Interior2016A-300x199.jpg 300w, https:\/\/blog.olimar.de\/wp-content\/uploads\/2018\/10\/FAOS08-i-Interior2016A-768x510.jpg 768w, https:\/\/blog.olimar.de\/wp-content\/uploads\/2018\/10\/FAOS08-i-Interior2016A-840x560.jpg 840w, https:\/\/blog.olimar.de\/wp-content\/uploads\/2018\/10\/FAOS08-i-Interior2016A.jpg 1000w\" sizes=\"auto, (max-width: 300px) 100vw, 300px\" \/>\n\t\t\t<\/dt><\/dl><dl class='gallery-item'>\n\t\t\t<dt class='gallery-icon landscape'>\n\t\t\t\t<img loading=\"lazy\" decoding=\"async\" width=\"300\" height=\"200\" src=\"https:\/\/blog.olimar.de\/wp-content\/uploads\/2018\/10\/FAOS08-a-OutsideAreaA-300x200.jpg\" class=\"attachment-medium size-medium\" alt=\"Monte da Corte Unterkunft bei OLIMAR\" srcset=\"https:\/\/blog.olimar.de\/wp-content\/uploads\/2018\/10\/FAOS08-a-OutsideAreaA-300x200.jpg 300w, https:\/\/blog.olimar.de\/wp-content\/uploads\/2018\/10\/FAOS08-a-OutsideAreaA-768x512.jpg 768w, https:\/\/blog.olimar.de\/wp-content\/uploads\/2018\/10\/FAOS08-a-OutsideAreaA-840x560.jpg 840w, https:\/\/blog.olimar.de\/wp-content\/uploads\/2018\/10\/FAOS08-a-OutsideAreaA.jpg 1000w\" sizes=\"auto, (max-width: 300px) 100vw, 300px\" \/>\n\t\t\t<\/dt><\/dl><br style=\"clear: both\" \/>\n\t\t<\/div>\n\n<p style=\"text-align: justify;\"><span class=\"dropcap\">P<\/span>omp\u00f6s kommt der <a href=\"https:\/\/rms.olimar.de\/code\/LIS111?travelType=hotel&amp;tab=details\" target=\"_blank\" rel=\"noopener noreferrer\">Pal\u00e1cio de Rio Frio<\/a> daher, Anfang des 20. Jahrhunderts das gr\u00f6\u00dfte Weingut Portugals. In diesem prachtvollen Haus springt Ihnen die Geschichte der Region f\u00f6rmlich ins Auge \u2013 das Innere ist \u00fcber und \u00fcber mit den typisch portugiesischen Azulejos geschm\u00fcckt, auf denen das damalige Leben auf dem Lande &#8211; zumeist rund um den Weinanbau &#8211; dargestellt ist. So sch\u00f6n kann Geschichtsunterricht sein.<\/p>\n<div id='gallery-2' class='gallery galleryid-9845 gallery-columns-3 gallery-size-medium'><dl class='gallery-item'>\n\t\t\t<dt class='gallery-icon landscape'>\n\t\t\t\t<img loading=\"lazy\" decoding=\"async\" width=\"300\" height=\"225\" src=\"https:\/\/blog.olimar.de\/wp-content\/uploads\/2018\/10\/LISS21-a-Fassade2016B-300x225.jpg\" class=\"attachment-medium size-medium\" alt=\"Pal\u00e1cio de Rio Frio Fassade\" srcset=\"https:\/\/blog.olimar.de\/wp-content\/uploads\/2018\/10\/LISS21-a-Fassade2016B-300x225.jpg 300w, https:\/\/blog.olimar.de\/wp-content\/uploads\/2018\/10\/LISS21-a-Fassade2016B-768x576.jpg 768w, https:\/\/blog.olimar.de\/wp-content\/uploads\/2018\/10\/LISS21-a-Fassade2016B.jpg 1000w\" sizes=\"auto, (max-width: 300px) 100vw, 300px\" \/>\n\t\t\t<\/dt><\/dl><dl class='gallery-item'>\n\t\t\t<dt class='gallery-icon landscape'>\n\t\t\t\t<img loading=\"lazy\" decoding=\"async\" width=\"300\" height=\"223\" src=\"https:\/\/blog.olimar.de\/wp-content\/uploads\/2018\/10\/LISS21-a-Poolview2016A-300x223.jpg\" class=\"attachment-medium size-medium\" alt=\"Pal\u00e1cio de Rio Frio Pool\" srcset=\"https:\/\/blog.olimar.de\/wp-content\/uploads\/2018\/10\/LISS21-a-Poolview2016A-300x223.jpg 300w, https:\/\/blog.olimar.de\/wp-content\/uploads\/2018\/10\/LISS21-a-Poolview2016A-768x570.jpg 768w, https:\/\/blog.olimar.de\/wp-content\/uploads\/2018\/10\/LISS21-a-Poolview2016A.jpg 1000w\" sizes=\"auto, (max-width: 300px) 100vw, 300px\" \/>\n\t\t\t<\/dt><\/dl><dl class='gallery-item'>\n\t\t\t<dt class='gallery-icon landscape'>\n\t\t\t\t<img loading=\"lazy\" decoding=\"async\" width=\"300\" height=\"201\" src=\"https:\/\/blog.olimar.de\/wp-content\/uploads\/2018\/10\/LISS21-i-Interior2016C-300x201.jpg\" class=\"attachment-medium size-medium\" alt=\"Pal\u00e1cio de Rio Frio Speisesaal\" srcset=\"https:\/\/blog.olimar.de\/wp-content\/uploads\/2018\/10\/LISS21-i-Interior2016C-300x201.jpg 300w, https:\/\/blog.olimar.de\/wp-content\/uploads\/2018\/10\/LISS21-i-Interior2016C-768x514.jpg 768w, https:\/\/blog.olimar.de\/wp-content\/uploads\/2018\/10\/LISS21-i-Interior2016C-840x560.jpg 840w, https:\/\/blog.olimar.de\/wp-content\/uploads\/2018\/10\/LISS21-i-Interior2016C.jpg 1000w\" sizes=\"auto, (max-width: 300px) 100vw, 300px\" \/>\n\t\t\t<\/dt><\/dl><br style=\"clear: both\" \/>\n\t\t<\/div>\n\n<p style=\"text-align: justify;\"><span class=\"dropcap\">E<\/span>in klarer Fall f\u00fcr Romantiker ist die <a href=\"https:\/\/www.olimar.de\/portugal\/die-kueste\/?travelType=hotel&amp;tab=details\" target=\"_blank\" rel=\"noopener noreferrer\">Casa Miradouro<\/a> in Sintra. Hier bei einem Glas Wein im vertr\u00e4umten Garten zu sitzen und die grandiose Aussicht \u00fcber Sintra und die Landschaft genie\u00dfen, ist schon Buchungsgrund genug. Das idyllisch-elegante Ambiente und die Gastfreundschaft von Hauschefin Charlotte ein weiterer.<\/p>\n<p><img loading=\"lazy\" decoding=\"async\" class=\"aligncenter wp-image-9859 size-large\" src=\"https:\/\/blog.olimar.de\/wp-content\/uploads\/2018\/10\/LISS14-a-1-685x1024.jpg\" alt=\"Casa Miradouro\" width=\"685\" height=\"1024\" srcset=\"https:\/\/blog.olimar.de\/wp-content\/uploads\/2018\/10\/LISS14-a-1-685x1024.jpg 685w, https:\/\/blog.olimar.de\/wp-content\/uploads\/2018\/10\/LISS14-a-1-201x300.jpg 201w, https:\/\/blog.olimar.de\/wp-content\/uploads\/2018\/10\/LISS14-a-1-768x1147.jpg 768w, https:\/\/blog.olimar.de\/wp-content\/uploads\/2018\/10\/LISS14-a-1.jpg 1000w\" sizes=\"auto, (max-width: 685px) 100vw, 685px\" \/><\/p>\n<h3 style=\"text-align: justify;\"><strong>Pousadas de Portugal \u2013 charmante \u201eOrte der Ruhe\u201c<\/strong><\/h3>\n<p style=\"text-align: justify;\">Eine andere, aber nicht un\u00e4hnliche portugiesische \u201eSpezialit\u00e4t\u201c sind die Pousadas, Portugals charmante \u201eOrte der Ruhe\u201c, \u00e4hnlich den ber\u00fchmten spanischen <a href=\"https:\/\/www.olimar.de\/paradores\/\" rel=\"noopener noreferrer\">Paradores<\/a>. Diese H\u00e4user liegen \u00fcber das ganze Land verteilt, vom hohen Norden bis zur umtriebigen <a href=\"https:\/\/www.olimar.de\/portugal\/algarve\/\" rel=\"noopener noreferrer\">Algarvek\u00fcste<\/a>, auch sind die Pousadas auf <a href=\"https:\/\/www.olimar.de\/portugal\/madeira\/\" rel=\"noopener noreferrer\">Madeira<\/a> zu finden. Die einst staatliche Hotelkette wurde teilprivatisiert und wird heute von der Pestana-Group gemanagt. Die Bezeichnung Pousada kommt aus dem portugiesischen \u201epousar\u201c, was etwa sich niederlassen\/sich ausruhen bedeutet. Und genau das ist das Merkmal: H\u00e4user mit wirklich besonderem Ambiente und Flair, die sich als Aush\u00e4ngeschild portugiesischer Gastfreundschaft und Gastronomie verstehen. Bei den Pousadas de Portugal handelt es sich um Hotels der 3- bis 5-Sterne-Kategorie und das unterscheidet sie von den Solares, bei denen die Eigent\u00fcmer einem Bed-&amp;Breakfast gleich mit im Haus wohnen. Die reizvollen Hotels werden in drei verschiedene Kategorien unterteilt \u2013 Charming, Historic und Monument \u2013 und damit sind ihre wesentlichen Merkmale bereits gut beschrieben.<\/p>\n<p style=\"text-align: justify;\"><span class=\"dropcap\">W<\/span>ie ein M\u00e4rchenschloss f\u00fcr Romantiker erscheint beispielsweise der <a href=\"https:\/\/www.olimar.de\/detailseite\/pousada-palacio-de-estoi---monument-hotel--und--slh--estoi--portugal\/\" rel=\"noopener noreferrer\">Pal\u00e1cio de Esto\u00ed<\/a>. Ein bonbonfarbener Rokoko-Palast mit einem Garten, der an Versailles erinnert \u2013 in dieser luxuri\u00f6sen Hotelperle k\u00f6nnen Sie sich wie ein Schlossherr f\u00fchlen und das Ganze keine zehn Kilometer von den Str\u00e4nden der Algarve entfernt.<\/p>\n<div id='gallery-3' class='gallery galleryid-9845 gallery-columns-3 gallery-size-medium'><dl class='gallery-item'>\n\t\t\t<dt class='gallery-icon landscape'>\n\t\t\t\t<img loading=\"lazy\" decoding=\"async\" width=\"300\" height=\"201\" src=\"https:\/\/blog.olimar.de\/wp-content\/uploads\/2018\/10\/FAOP60-a-Exterior2016A-300x201.jpg\" class=\"attachment-medium size-medium\" alt=\"Pousada Pal\u00e1cio de Esto\u00ed Fassade\" srcset=\"https:\/\/blog.olimar.de\/wp-content\/uploads\/2018\/10\/FAOP60-a-Exterior2016A-300x201.jpg 300w, https:\/\/blog.olimar.de\/wp-content\/uploads\/2018\/10\/FAOP60-a-Exterior2016A-768x515.jpg 768w, https:\/\/blog.olimar.de\/wp-content\/uploads\/2018\/10\/FAOP60-a-Exterior2016A-840x560.jpg 840w, https:\/\/blog.olimar.de\/wp-content\/uploads\/2018\/10\/FAOP60-a-Exterior2016A.jpg 1000w\" sizes=\"auto, (max-width: 300px) 100vw, 300px\" \/>\n\t\t\t<\/dt><\/dl><dl class='gallery-item'>\n\t\t\t<dt class='gallery-icon portrait'>\n\t\t\t\t<img loading=\"lazy\" decoding=\"async\" width=\"190\" height=\"300\" src=\"https:\/\/blog.olimar.de\/wp-content\/uploads\/2018\/10\/FAOP60-i-Estoi-Vitral-190x300.jpg\" class=\"attachment-medium size-medium\" alt=\"Pousada Pal\u00e1cio de Esto\u00ed Detail\" srcset=\"https:\/\/blog.olimar.de\/wp-content\/uploads\/2018\/10\/FAOP60-i-Estoi-Vitral-190x300.jpg 190w, https:\/\/blog.olimar.de\/wp-content\/uploads\/2018\/10\/FAOP60-i-Estoi-Vitral-768x1213.jpg 768w, https:\/\/blog.olimar.de\/wp-content\/uploads\/2018\/10\/FAOP60-i-Estoi-Vitral-648x1024.jpg 648w, https:\/\/blog.olimar.de\/wp-content\/uploads\/2018\/10\/FAOP60-i-Estoi-Vitral.jpg 1000w\" sizes=\"auto, (max-width: 190px) 100vw, 190px\" \/>\n\t\t\t<\/dt><\/dl><dl class='gallery-item'>\n\t\t\t<dt class='gallery-icon landscape'>\n\t\t\t\t<img loading=\"lazy\" decoding=\"async\" width=\"300\" height=\"200\" src=\"https:\/\/blog.olimar.de\/wp-content\/uploads\/2018\/10\/FAOP60-p-Pool2016A-300x200.jpg\" class=\"attachment-medium size-medium\" alt=\"Pousada Pal\u00e1cio de Esto\u00ed Pool\" srcset=\"https:\/\/blog.olimar.de\/wp-content\/uploads\/2018\/10\/FAOP60-p-Pool2016A-300x200.jpg 300w, https:\/\/blog.olimar.de\/wp-content\/uploads\/2018\/10\/FAOP60-p-Pool2016A-768x512.jpg 768w, https:\/\/blog.olimar.de\/wp-content\/uploads\/2018\/10\/FAOP60-p-Pool2016A-840x560.jpg 840w, https:\/\/blog.olimar.de\/wp-content\/uploads\/2018\/10\/FAOP60-p-Pool2016A.jpg 1000w\" sizes=\"auto, (max-width: 300px) 100vw, 300px\" \/>\n\t\t\t<\/dt><\/dl><br style=\"clear: both\" \/><dl class='gallery-item'>\n\t\t\t<dt class='gallery-icon landscape'>\n\t\t\t\t<img loading=\"lazy\" decoding=\"async\" width=\"300\" height=\"177\" src=\"https:\/\/blog.olimar.de\/wp-content\/uploads\/2018\/10\/FAOP60-z-Estoi-SuiteD-300x177.jpg\" class=\"attachment-medium size-medium\" alt=\"Pousada Pal\u00e1cio de Esto\u00ed Suite\" srcset=\"https:\/\/blog.olimar.de\/wp-content\/uploads\/2018\/10\/FAOP60-z-Estoi-SuiteD-300x177.jpg 300w, https:\/\/blog.olimar.de\/wp-content\/uploads\/2018\/10\/FAOP60-z-Estoi-SuiteD-768x454.jpg 768w, https:\/\/blog.olimar.de\/wp-content\/uploads\/2018\/10\/FAOP60-z-Estoi-SuiteD.jpg 1000w\" sizes=\"auto, (max-width: 300px) 100vw, 300px\" \/>\n\t\t\t<\/dt><\/dl>\n\t\t\t<br style='clear: both' \/>\n\t\t<\/div>\n\n<p style=\"text-align: justify;\"><span class=\"dropcap\">G<\/span>anz anders kommt die <a href=\"https:\/\/www.olimar.de\/detailseite\/pousada-sagres---charming-hotel--sagres--portugal\/\" rel=\"noopener noreferrer\">Pousada de Sagres<\/a> am anderen Ende der Algarve daher \u2013 schlicht und modern gehalten, aber die Lage ist spektakul\u00e4r: auf einer Landzunge direkt \u00fcber der K\u00fcste. Wer sich am Blau des Meeres nie satt sehen kann, liegt hier am Swimmingpool goldrichtig.<\/p>\n<div id='gallery-4' class='gallery galleryid-9845 gallery-columns-3 gallery-size-medium'><dl class='gallery-item'>\n\t\t\t<dt class='gallery-icon landscape'>\n\t\t\t\t<img loading=\"lazy\" decoding=\"async\" width=\"300\" height=\"217\" src=\"https:\/\/blog.olimar.de\/wp-content\/uploads\/2018\/10\/FAOP62-i-Sagres-Salao-300x217.jpg\" class=\"attachment-medium size-medium\" alt=\"Pousada de Sagres Salon\" srcset=\"https:\/\/blog.olimar.de\/wp-content\/uploads\/2018\/10\/FAOP62-i-Sagres-Salao-300x217.jpg 300w, https:\/\/blog.olimar.de\/wp-content\/uploads\/2018\/10\/FAOP62-i-Sagres-Salao-768x554.jpg 768w, https:\/\/blog.olimar.de\/wp-content\/uploads\/2018\/10\/FAOP62-i-Sagres-Salao.jpg 1000w\" sizes=\"auto, (max-width: 300px) 100vw, 300px\" \/>\n\t\t\t<\/dt><\/dl><dl class='gallery-item'>\n\t\t\t<dt class='gallery-icon landscape'>\n\t\t\t\t<img loading=\"lazy\" decoding=\"async\" width=\"300\" height=\"200\" src=\"https:\/\/blog.olimar.de\/wp-content\/uploads\/2018\/10\/FAOP62-p-Pool2016A-300x200.jpg\" class=\"attachment-medium size-medium\" alt=\"Pousada de Sagres Pool Abendsonne\" srcset=\"https:\/\/blog.olimar.de\/wp-content\/uploads\/2018\/10\/FAOP62-p-Pool2016A-300x200.jpg 300w, https:\/\/blog.olimar.de\/wp-content\/uploads\/2018\/10\/FAOP62-p-Pool2016A-768x511.jpg 768w, https:\/\/blog.olimar.de\/wp-content\/uploads\/2018\/10\/FAOP62-p-Pool2016A-840x560.jpg 840w, https:\/\/blog.olimar.de\/wp-content\/uploads\/2018\/10\/FAOP62-p-Pool2016A.jpg 1000w\" sizes=\"auto, (max-width: 300px) 100vw, 300px\" \/>\n\t\t\t<\/dt><\/dl><dl class='gallery-item'>\n\t\t\t<dt class='gallery-icon landscape'>\n\t\t\t\t<img loading=\"lazy\" decoding=\"async\" width=\"300\" height=\"202\" src=\"https:\/\/blog.olimar.de\/wp-content\/uploads\/2018\/10\/FAOP62-p-Pool2016C-300x202.jpg\" class=\"attachment-medium size-medium\" alt=\"Pousada de Sagres Pool Meer\" srcset=\"https:\/\/blog.olimar.de\/wp-content\/uploads\/2018\/10\/FAOP62-p-Pool2016C-300x202.jpg 300w, https:\/\/blog.olimar.de\/wp-content\/uploads\/2018\/10\/FAOP62-p-Pool2016C-768x516.jpg 768w, https:\/\/blog.olimar.de\/wp-content\/uploads\/2018\/10\/FAOP62-p-Pool2016C.jpg 1000w\" sizes=\"auto, (max-width: 300px) 100vw, 300px\" \/>\n\t\t\t<\/dt><\/dl><br style=\"clear: both\" \/><dl class='gallery-item'>\n\t\t\t<dt class='gallery-icon landscape'>\n\t\t\t\t<img loading=\"lazy\" decoding=\"async\" width=\"300\" height=\"200\" src=\"https:\/\/blog.olimar.de\/wp-content\/uploads\/2018\/10\/FAOP62-r-RestaurantExterior2016B-300x200.jpg\" class=\"attachment-medium size-medium\" alt=\"Pousada de Sagres Terrasse\" srcset=\"https:\/\/blog.olimar.de\/wp-content\/uploads\/2018\/10\/FAOP62-r-RestaurantExterior2016B-300x200.jpg 300w, https:\/\/blog.olimar.de\/wp-content\/uploads\/2018\/10\/FAOP62-r-RestaurantExterior2016B-768x512.jpg 768w, https:\/\/blog.olimar.de\/wp-content\/uploads\/2018\/10\/FAOP62-r-RestaurantExterior2016B-840x560.jpg 840w, https:\/\/blog.olimar.de\/wp-content\/uploads\/2018\/10\/FAOP62-r-RestaurantExterior2016B.jpg 1000w\" sizes=\"auto, (max-width: 300px) 100vw, 300px\" \/>\n\t\t\t<\/dt><\/dl>\n\t\t\t<br style='clear: both' \/>\n\t\t<\/div>\n\n<p style=\"text-align: justify;\"><span class=\"dropcap\">S<\/span>attes historisches Ambiente beschert die <a href=\"https:\/\/rms.olimar.de\/code\/lisp52\" target=\"_blank\" rel=\"noopener noreferrer\">Pousada Convento de Beja<\/a>, ein majest\u00e4tisches Franziskanerkloster mit fast 800-j\u00e4hriger Geschichte, in dem die Mystik und Erhabenheit dieses Ortes noch allgegenw\u00e4rtig ist. Hier \u00fcbernachten Sie in den ehemaligen M\u00f6nchszellen und dinieren stilvoll unter Gew\u00f6lbedecken \u2013 nicht nur f\u00fcr Geschichtsfans ein wirkliches Erlebnis.<\/p>\n<div id='gallery-5' class='gallery galleryid-9845 gallery-columns-3 gallery-size-medium'><dl class='gallery-item'>\n\t\t\t<dt class='gallery-icon portrait'>\n\t\t\t\t<img loading=\"lazy\" decoding=\"async\" width=\"200\" height=\"300\" src=\"https:\/\/blog.olimar.de\/wp-content\/uploads\/2018\/10\/LISP52-a-Beja-Exterior-200x300.jpg\" class=\"attachment-medium size-medium\" alt=\"Pousada Convento de Beja Pool\" srcset=\"https:\/\/blog.olimar.de\/wp-content\/uploads\/2018\/10\/LISP52-a-Beja-Exterior-200x300.jpg 200w, https:\/\/blog.olimar.de\/wp-content\/uploads\/2018\/10\/LISP52-a-Beja-Exterior-768x1151.jpg 768w, https:\/\/blog.olimar.de\/wp-content\/uploads\/2018\/10\/LISP52-a-Beja-Exterior-683x1024.jpg 683w, https:\/\/blog.olimar.de\/wp-content\/uploads\/2018\/10\/LISP52-a-Beja-Exterior.jpg 1000w\" sizes=\"auto, (max-width: 200px) 100vw, 200px\" \/>\n\t\t\t<\/dt><\/dl><dl class='gallery-item'>\n\t\t\t<dt class='gallery-icon landscape'>\n\t\t\t\t<img loading=\"lazy\" decoding=\"async\" width=\"300\" height=\"195\" src=\"https:\/\/blog.olimar.de\/wp-content\/uploads\/2018\/10\/LISP52-z-Beja-Quarto-300x195.jpg\" class=\"attachment-medium size-medium\" alt=\"Pousada Convento de Beja Zimmer\" srcset=\"https:\/\/blog.olimar.de\/wp-content\/uploads\/2018\/10\/LISP52-z-Beja-Quarto-300x195.jpg 300w, https:\/\/blog.olimar.de\/wp-content\/uploads\/2018\/10\/LISP52-z-Beja-Quarto-768x499.jpg 768w, https:\/\/blog.olimar.de\/wp-content\/uploads\/2018\/10\/LISP52-z-Beja-Quarto.jpg 1000w\" sizes=\"auto, (max-width: 300px) 100vw, 300px\" \/>\n\t\t\t<\/dt><\/dl>\n\t\t\t<br style='clear: both' \/>\n\t\t<\/div>\n\n<h3><strong>Pousada-Rundreisen und Solares-Rundreisen durch Portugal<\/strong><\/h3>\n<p style=\"text-align: justify;\">Gleich mehrere Fliegen mit einer Klappe schlagen Sie, wenn Sie diese besonderen H\u00e4user zu einer Portugal-Rundreise kombinieren: Sie haben nicht die Qual der Wahl, f\u00fcr welches Haus sie sich entscheiden sollen, Sie k\u00f6nnen Strand und Land kombinieren und Sie lernen Portugal jenseits der ausgetretenen touristischen Pfade kennen. Portugal individuell \u2013 f\u00fcr fortgeschrittene Reisende sind die Solares und Pousadas daf\u00fcr erste Wahl\u2026<\/p>\n<p style=\"text-align: justify;\"><a href=\"https:\/\/rms.olimar.de\/code\/opor41\" target=\"_blank\" rel=\"noopener\">Von der Wiege der Nation ins Schloss Pink Ros\u00e9<\/a>: Auf dieser 9-t\u00e4gigen Mietwagenreise wohnen Sie stilvoll in historischen Schl\u00f6ssern und Pal\u00e4sten. In f\u00fcnf exklusiven H\u00e4usern genie\u00dfen Sie Portugal-Flair vom Feinsten und eine ausgezeichnete K\u00fcche.<\/p>\n\n\n<div style=\"height:50px\" aria-hidden=\"true\" class=\"wp-block-spacer\"><\/div>\n\n\n\n<div class=\"wp-block-buttons is-layout-flex wp-block-buttons-is-layout-flex\">\n<div class=\"wp-block-button\"><a class=\"wp-block-button__link wp-element-button\" href=\"https:\/\/www.olimar.de\/hotellistung\/\">Jetzt Urlaubsangebote finden und buchen<\/a><\/div>\n<\/div>\n\n\n\n<div style=\"height:100px\" aria-hidden=\"true\" class=\"wp-block-spacer\"><\/div>\n","protected":false},"excerpt":{"rendered":"<p>Wer einen Portugal-Urlaub abseits des touristischen Mainstreams verbringen m\u00f6chte und gerne auf Tuchf\u00fchlung mit Land und Leuten geht, der sollte sich unbedingt einmal bei den Solares de Portugal umschauen oder eine Pousada buchen. Zimmer mit Familienanschluss und Ambiente satt statt 24-Stunden-Rezeption und Minibar. Und vor allem: wirklich authentische Urlaubserlebnisse. Ob der verwunschene Landsitz, das efeuberankte Herrenhaus, jahrhundertealte Kl\u00f6ster oder das kleine Boutique-Hotel in spektakul\u00e4rer Panoramalage: Portugals Solares und Pousadas haben jede Menge zu bieten f\u00fcrs Auge und Gem\u00fct. Hippen Scandic Chic oder urbanen Lifestyle suchen Sie hier vergebens, bekommen daf\u00fcr unverf\u00e4lschte Gastfreundschaft und echtes Herzblut der Eigent\u00fcmer. Jedes dieser ganz besonderen &hellip;<\/p>\n","protected":false},"author":64,"featured_media":9876,"comment_status":"open","ping_status":"open","sticky":false,"template":"","format":"standard","meta":{"_crdt_document":"","_lmt_disableupdate":"","_lmt_disable":"","footnotes":""},"categories":[32,28],"tags":[34],"class_list":["post-9845","post","type-post","status-publish","format-standard","has-post-thumbnail","hentry","category-hoteltipps","category-kunst-kultur","tag-portugal"],"yoast_head":"<!-- This site is optimized with the Yoast SEO plugin v26.9 - https:\/\/yoast.com\/product\/yoast-seo-wordpress\/ -->\n<title>Solares und Pousadas in Portugal - Wir pr\u00e4sentieren die Sch\u00f6nsten!<\/title>\n<meta name=\"description\" content=\"Solares und Pousadas in Portugal sind Unterkunftsperlen f\u00fcr authentische Urlaubserlebnisse, abseits ausgetretender Touristenpfade.\" \/>\n<meta name=\"robots\" content=\"index, follow, max-snippet:-1, max-image-preview:large, max-video-preview:-1\" \/>\n<link rel=\"canonical\" href=\"https:\/\/blog.olimar.de\/solares-und-pousadas\/\" \/>\n<meta property=\"og:locale\" content=\"de_DE\" \/>\n<meta property=\"og:type\" content=\"article\" \/>\n<meta property=\"og:title\" content=\"Solares und Pousadas in Portugal - Wir pr\u00e4sentieren die Sch\u00f6nsten!\" \/>\n<meta property=\"og:description\" content=\"Solares und Pousadas in Portugal sind Unterkunftsperlen f\u00fcr authentische Urlaubserlebnisse, abseits ausgetretender Touristenpfade.\" \/>\n<meta property=\"og:url\" content=\"https:\/\/blog.olimar.de\/solares-und-pousadas\/\" \/>\n<meta property=\"article:publisher\" content=\"https:\/\/www.facebook.com\/OlimarReisen\" \/>\n<meta property=\"article:published_time\" content=\"2018-10-23T08:50:05+00:00\" \/>\n<meta property=\"article:modified_time\" content=\"2023-03-08T15:10:31+00:00\" \/>\n<meta property=\"og:image\" content=\"https:\/\/blog.olimar.de\/wp-content\/uploads\/2018\/10\/FAOP60-i-Estoi-Pormenor.jpg\" \/>\n\t<meta property=\"og:image:width\" content=\"1000\" \/>\n\t<meta property=\"og:image:height\" content=\"666\" \/>\n\t<meta property=\"og:image:type\" content=\"image\/jpeg\" \/>\n<meta name=\"author\" content=\"Michaela\" \/>\n<meta name=\"twitter:label1\" content=\"Verfasst von\" \/>\n\t<meta name=\"twitter:data1\" content=\"Michaela\" \/>\n\t<meta name=\"twitter:label2\" content=\"Gesch\u00e4tzte Lesezeit\" \/>\n\t<meta name=\"twitter:data2\" content=\"6\u00a0Minuten\" \/>\n<script type=\"application\/ld+json\" class=\"yoast-schema-graph\">{\"@context\":\"https:\/\/schema.org\",\"@graph\":[{\"@type\":\"WebPage\",\"@id\":\"https:\/\/blog.olimar.de\/solares-und-pousadas\/\",\"url\":\"https:\/\/blog.olimar.de\/solares-und-pousadas\/\",\"name\":\"Solares und Pousadas in Portugal - Wir pr\u00e4sentieren die Sch\u00f6nsten!\",\"isPartOf\":{\"@id\":\"https:\/\/blog.olimar.de\/#website\"},\"primaryImageOfPage\":{\"@id\":\"https:\/\/blog.olimar.de\/solares-und-pousadas\/#primaryimage\"},\"image\":{\"@id\":\"https:\/\/blog.olimar.de\/solares-und-pousadas\/#primaryimage\"},\"thumbnailUrl\":\"https:\/\/blog.olimar.de\/wp-content\/uploads\/2018\/10\/FAOP60-i-Estoi-Pormenor.jpg\",\"datePublished\":\"2018-10-23T08:50:05+00:00\",\"dateModified\":\"2023-03-08T15:10:31+00:00\",\"description\":\"Solares und Pousadas in Portugal sind Unterkunftsperlen f\u00fcr authentische Urlaubserlebnisse, abseits ausgetretender Touristenpfade.\",\"breadcrumb\":{\"@id\":\"https:\/\/blog.olimar.de\/solares-und-pousadas\/#breadcrumb\"},\"inLanguage\":\"de\",\"potentialAction\":[{\"@type\":\"ReadAction\",\"target\":[\"https:\/\/blog.olimar.de\/solares-und-pousadas\/\"]}]},{\"@type\":\"ImageObject\",\"inLanguage\":\"de\",\"@id\":\"https:\/\/blog.olimar.de\/solares-und-pousadas\/#primaryimage\",\"url\":\"https:\/\/blog.olimar.de\/wp-content\/uploads\/2018\/10\/FAOP60-i-Estoi-Pormenor.jpg\",\"contentUrl\":\"https:\/\/blog.olimar.de\/wp-content\/uploads\/2018\/10\/FAOP60-i-Estoi-Pormenor.jpg\",\"width\":1000,\"height\":666,\"caption\":\"Detail Pousada de Esto\u00ed\"},{\"@type\":\"BreadcrumbList\",\"@id\":\"https:\/\/blog.olimar.de\/solares-und-pousadas\/#breadcrumb\",\"itemListElement\":[{\"@type\":\"ListItem\",\"position\":1,\"name\":\"Home\",\"item\":\"https:\/\/blog.olimar.de\/\"},{\"@type\":\"ListItem\",\"position\":2,\"name\":\"Portugal\",\"item\":\"https:\/\/blog.olimar.de\/tag\/portugal\/\"},{\"@type\":\"ListItem\",\"position\":3,\"name\":\"Solares und Pousadas de Portugal: Beim Grafen zu Gast\"}]},{\"@type\":\"WebSite\",\"@id\":\"https:\/\/blog.olimar.de\/#website\",\"url\":\"https:\/\/blog.olimar.de\/\",\"name\":\"OLIMAR.com\",\"description\":\"\",\"publisher\":{\"@id\":\"https:\/\/blog.olimar.de\/#organization\"},\"potentialAction\":[{\"@type\":\"SearchAction\",\"target\":{\"@type\":\"EntryPoint\",\"urlTemplate\":\"https:\/\/blog.olimar.de\/?s={search_term_string}\"},\"query-input\":{\"@type\":\"PropertyValueSpecification\",\"valueRequired\":true,\"valueName\":\"search_term_string\"}}],\"inLanguage\":\"de\"},{\"@type\":\"Organization\",\"@id\":\"https:\/\/blog.olimar.de\/#organization\",\"name\":\"OLIMAR Reisen\",\"url\":\"https:\/\/blog.olimar.de\/\",\"logo\":{\"@type\":\"ImageObject\",\"inLanguage\":\"de\",\"@id\":\"https:\/\/blog.olimar.de\/#\/schema\/logo\/image\/\",\"url\":\"https:\/\/blog.olimar.de\/wp-content\/uploads\/2021\/01\/OLIMAR_Logo_COLOR.png\",\"contentUrl\":\"https:\/\/blog.olimar.de\/wp-content\/uploads\/2021\/01\/OLIMAR_Logo_COLOR.png\",\"width\":2000,\"height\":986,\"caption\":\"OLIMAR Reisen\"},\"image\":{\"@id\":\"https:\/\/blog.olimar.de\/#\/schema\/logo\/image\/\"},\"sameAs\":[\"https:\/\/www.facebook.com\/OlimarReisen\",\"https:\/\/x.com\/olimarrreisen\",\"https:\/\/www.instagram.com\/olimarreisen\",\"https:\/\/www.youtube.com\/user\/olimarreisen\"]}]}<\/script>\n<!-- \/ Yoast SEO plugin. -->","yoast_head_json":{"title":"Solares und Pousadas in Portugal - Wir pr\u00e4sentieren die Sch\u00f6nsten!","description":"Solares und Pousadas in Portugal sind Unterkunftsperlen f\u00fcr authentische Urlaubserlebnisse, abseits ausgetretender Touristenpfade.","robots":{"index":"index","follow":"follow","max-snippet":"max-snippet:-1","max-image-preview":"max-image-preview:large","max-video-preview":"max-video-preview:-1"},"canonical":"https:\/\/blog.olimar.de\/solares-und-pousadas\/","og_locale":"de_DE","og_type":"article","og_title":"Solares und Pousadas in Portugal - Wir pr\u00e4sentieren die Sch\u00f6nsten!","og_description":"Solares und Pousadas in Portugal sind Unterkunftsperlen f\u00fcr authentische Urlaubserlebnisse, abseits ausgetretender Touristenpfade.","og_url":"https:\/\/blog.olimar.de\/solares-und-pousadas\/","article_publisher":"https:\/\/www.facebook.com\/OlimarReisen","article_published_time":"2018-10-23T08:50:05+00:00","article_modified_time":"2023-03-08T15:10:31+00:00","og_image":[{"width":1000,"height":666,"url":"https:\/\/blog.olimar.de\/wp-content\/uploads\/2018\/10\/FAOP60-i-Estoi-Pormenor.jpg","type":"image\/jpeg"}],"author":"Michaela","twitter_misc":{"Verfasst von":"Michaela","Gesch\u00e4tzte Lesezeit":"6\u00a0Minuten"},"schema":{"@context":"https:\/\/schema.org","@graph":[{"@type":"WebPage","@id":"https:\/\/blog.olimar.de\/solares-und-pousadas\/","url":"https:\/\/blog.olimar.de\/solares-und-pousadas\/","name":"Solares und Pousadas in Portugal - Wir pr\u00e4sentieren die Sch\u00f6nsten!","isPartOf":{"@id":"https:\/\/blog.olimar.de\/#website"},"primaryImageOfPage":{"@id":"https:\/\/blog.olimar.de\/solares-und-pousadas\/#primaryimage"},"image":{"@id":"https:\/\/blog.olimar.de\/solares-und-pousadas\/#primaryimage"},"thumbnailUrl":"https:\/\/blog.olimar.de\/wp-content\/uploads\/2018\/10\/FAOP60-i-Estoi-Pormenor.jpg","datePublished":"2018-10-23T08:50:05+00:00","dateModified":"2023-03-08T15:10:31+00:00","description":"Solares und Pousadas in Portugal sind Unterkunftsperlen f\u00fcr authentische Urlaubserlebnisse, abseits ausgetretender Touristenpfade.","breadcrumb":{"@id":"https:\/\/blog.olimar.de\/solares-und-pousadas\/#breadcrumb"},"inLanguage":"de","potentialAction":[{"@type":"ReadAction","target":["https:\/\/blog.olimar.de\/solares-und-pousadas\/"]}]},{"@type":"ImageObject","inLanguage":"de","@id":"https:\/\/blog.olimar.de\/solares-und-pousadas\/#primaryimage","url":"https:\/\/blog.olimar.de\/wp-content\/uploads\/2018\/10\/FAOP60-i-Estoi-Pormenor.jpg","contentUrl":"https:\/\/blog.olimar.de\/wp-content\/uploads\/2018\/10\/FAOP60-i-Estoi-Pormenor.jpg","width":1000,"height":666,"caption":"Detail Pousada de Esto\u00ed"},{"@type":"BreadcrumbList","@id":"https:\/\/blog.olimar.de\/solares-und-pousadas\/#breadcrumb","itemListElement":[{"@type":"ListItem","position":1,"name":"Home","item":"https:\/\/blog.olimar.de\/"},{"@type":"ListItem","position":2,"name":"Portugal","item":"https:\/\/blog.olimar.de\/tag\/portugal\/"},{"@type":"ListItem","position":3,"name":"Solares und Pousadas de Portugal: Beim Grafen zu Gast"}]},{"@type":"WebSite","@id":"https:\/\/blog.olimar.de\/#website","url":"https:\/\/blog.olimar.de\/","name":"OLIMAR.com","description":"","publisher":{"@id":"https:\/\/blog.olimar.de\/#organization"},"potentialAction":[{"@type":"SearchAction","target":{"@type":"EntryPoint","urlTemplate":"https:\/\/blog.olimar.de\/?s={search_term_string}"},"query-input":{"@type":"PropertyValueSpecification","valueRequired":true,"valueName":"search_term_string"}}],"inLanguage":"de"},{"@type":"Organization","@id":"https:\/\/blog.olimar.de\/#organization","name":"OLIMAR Reisen","url":"https:\/\/blog.olimar.de\/","logo":{"@type":"ImageObject","inLanguage":"de","@id":"https:\/\/blog.olimar.de\/#\/schema\/logo\/image\/","url":"https:\/\/blog.olimar.de\/wp-content\/uploads\/2021\/01\/OLIMAR_Logo_COLOR.png","contentUrl":"https:\/\/blog.olimar.de\/wp-content\/uploads\/2021\/01\/OLIMAR_Logo_COLOR.png","width":2000,"height":986,"caption":"OLIMAR Reisen"},"image":{"@id":"https:\/\/blog.olimar.de\/#\/schema\/logo\/image\/"},"sameAs":["https:\/\/www.facebook.com\/OlimarReisen","https:\/\/x.com\/olimarrreisen","https:\/\/www.instagram.com\/olimarreisen","https:\/\/www.youtube.com\/user\/olimarreisen"]}]}},"modified_by":"Lena Radermacher","jetpack_featured_media_url":"https:\/\/blog.olimar.de\/wp-content\/uploads\/2018\/10\/FAOP60-i-Estoi-Pormenor.jpg","_links":{"self":[{"href":"https:\/\/blog.olimar.de\/wp-json\/wp\/v2\/posts\/9845","targetHints":{"allow":["GET"]}}],"collection":[{"href":"https:\/\/blog.olimar.de\/wp-json\/wp\/v2\/posts"}],"about":[{"href":"https:\/\/blog.olimar.de\/wp-json\/wp\/v2\/types\/post"}],"author":[{"embeddable":true,"href":"https:\/\/blog.olimar.de\/wp-json\/wp\/v2\/users\/64"}],"replies":[{"embeddable":true,"href":"https:\/\/blog.olimar.de\/wp-json\/wp\/v2\/comments?post=9845"}],"version-history":[{"count":29,"href":"https:\/\/blog.olimar.de\/wp-json\/wp\/v2\/posts\/9845\/revisions"}],"predecessor-version":[{"id":24878,"href":"https:\/\/blog.olimar.de\/wp-json\/wp\/v2\/posts\/9845\/revisions\/24878"}],"wp:featuredmedia":[{"embeddable":true,"href":"https:\/\/blog.olimar.de\/wp-json\/wp\/v2\/media\/9876"}],"wp:attachment":[{"href":"https:\/\/blog.olimar.de\/wp-json\/wp\/v2\/media?parent=9845"}],"wp:term":[{"taxonomy":"category","embeddable":true,"href":"https:\/\/blog.olimar.de\/wp-json\/wp\/v2\/categories?post=9845"},{"taxonomy":"post_tag","embeddable":true,"href":"https:\/\/blog.olimar.de\/wp-json\/wp\/v2\/tags?post=9845"}],"curies":[{"name":"wp","href":"https:\/\/api.w.org\/{rel}","templated":true}]}}