{"id":9954,"date":"2018-11-19T19:32:28","date_gmt":"2018-11-19T17:32:28","guid":{"rendered":"https:\/\/blog.olimar.de\/?p=9954"},"modified":"2023-06-15T11:49:58","modified_gmt":"2023-06-15T10:49:58","slug":"reisekataloge-2019","status":"publish","type":"post","link":"https:\/\/blog.olimar.de\/reisekataloge-2019\/","title":{"rendered":"Das sind die neuen OLIMAR Reisekataloge 2019"},"content":{"rendered":"\n<p><strong>Direkt aus dem Druck und brandneu pr\u00e4sentieren wir unsere neuen OLIMAR Reisekataloge f\u00fcr das Jahr 2019. Wer die Versandtage nicht abwarten m\u00f6chte und sofortige Inspirationen f\u00fcr die n\u00e4chste Reise sucht, kann die zwei neuen Kataloge \u201eDas ist Portugal\u201c, und \u201eS\u00fcdeuropa erleben!\u201c sofort <a href=\"https:\/\/www.olimar.de\/kataloge\/\" rel=\"noopener noreferrer\">online<\/a> durchbl\u00e4ttern.<\/strong><\/p>\n\n\n<p style=\"text-align: justify;\">Die OLIMAR Reisekataloge und das Reisejahr 2019 halten wieder einige Besonderheiten und Highlights bereit:<\/p>\n<p style=\"text-align: justify;\">F\u00fcr viele ist es ein gro\u00dfer Traum, einmal die amerikanische \u201eRoute 66\u201c auf dem Motorrad und mit Wind in den Haaren entlang zu fahren. Doch wussten Sie, dass es auch in Portugal einen solch faszinierenden Highway gibt? Die Nationalstra\u00dfe EN2 ist die l\u00e4ngste Stra\u00dfe Portugals und dar\u00fcber hinaus die l\u00e4ngste Nationalstra\u00dfe Europas! Sie f\u00fchrt \u00fcber rund 740 Kilometer von Nord nach S\u00fcd durch das ganze Land und passiert dabei acht historische Provinzen, vier Gebirgsz\u00fcge und elf Fl\u00fcsse. Eine gro\u00dfartige Landschaftskulisse also f\u00fcr eine abwechslungsreiche, 2-w\u00f6chige Rundreise, die wir mit dem Titel <a href=\"https:\/\/rms.olimar.de\/code\/OPOR33?travelType=roundtrip&amp;tab=details\" rel=\"noopener noreferrer\">&#8220;Portugals Route 66&#8221;<\/a> f\u00fcr das Reisejahr 2019 neu entwickelt haben.<\/p>\n<div id='gallery-1' class='gallery galleryid-9954 gallery-columns-3 gallery-size-medium'><dl class='gallery-item'>\n\t\t\t<dt class='gallery-icon landscape'>\n\t\t\t\t<img loading=\"lazy\" decoding=\"async\" width=\"300\" height=\"224\" src=\"https:\/\/blog.olimar.de\/wp-content\/uploads\/2018\/11\/OPOR33-k-Karte2019-300x224.jpg\" class=\"attachment-medium size-medium\" alt=\"Karte Verlauf Rundreise Portugals Route 66\" srcset=\"https:\/\/blog.olimar.de\/wp-content\/uploads\/2018\/11\/OPOR33-k-Karte2019-300x224.jpg 300w, https:\/\/blog.olimar.de\/wp-content\/uploads\/2018\/11\/OPOR33-k-Karte2019-768x573.jpg 768w, https:\/\/blog.olimar.de\/wp-content\/uploads\/2018\/11\/OPOR33-k-Karte2019-1024x764.jpg 1024w, https:\/\/blog.olimar.de\/wp-content\/uploads\/2018\/11\/OPOR33-k-Karte2019.jpg 1448w\" sizes=\"auto, (max-width: 300px) 100vw, 300px\" \/>\n\t\t\t<\/dt><\/dl><dl class='gallery-item'>\n\t\t\t<dt class='gallery-icon landscape'>\n\t\t\t\t<img loading=\"lazy\" decoding=\"async\" width=\"300\" height=\"200\" src=\"https:\/\/blog.olimar.de\/wp-content\/uploads\/2016\/09\/Portugal-Porto-Stadt-Meurers_4175-300x200.jpg\" class=\"attachment-medium size-medium\" alt=\"Gasse Stadt Porto Portugal\" srcset=\"https:\/\/blog.olimar.de\/wp-content\/uploads\/2016\/09\/Portugal-Porto-Stadt-Meurers_4175-300x200.jpg 300w, https:\/\/blog.olimar.de\/wp-content\/uploads\/2016\/09\/Portugal-Porto-Stadt-Meurers_4175-768x513.jpg 768w, https:\/\/blog.olimar.de\/wp-content\/uploads\/2016\/09\/Portugal-Porto-Stadt-Meurers_4175-1024x684.jpg 1024w, https:\/\/blog.olimar.de\/wp-content\/uploads\/2016\/09\/Portugal-Porto-Stadt-Meurers_4175-840x560.jpg 840w, https:\/\/blog.olimar.de\/wp-content\/uploads\/2016\/09\/Portugal-Porto-Stadt-Meurers_4175-1200x800.jpg 1200w, https:\/\/blog.olimar.de\/wp-content\/uploads\/2016\/09\/Portugal-Porto-Stadt-Meurers_4175.jpg 2000w\" sizes=\"auto, (max-width: 300px) 100vw, 300px\" \/>\n\t\t\t<\/dt><\/dl><dl class='gallery-item'>\n\t\t\t<dt class='gallery-icon landscape'>\n\t\t\t\t<img loading=\"lazy\" decoding=\"async\" width=\"300\" height=\"200\" src=\"https:\/\/blog.olimar.de\/wp-content\/uploads\/2016\/09\/Portugal-Coimbra-Stadt_3592-300x200.jpg\" class=\"attachment-medium size-medium\" alt=\"Panorama \u00fcber D\u00e4cher von Coimbra\" srcset=\"https:\/\/blog.olimar.de\/wp-content\/uploads\/2016\/09\/Portugal-Coimbra-Stadt_3592-300x200.jpg 300w, https:\/\/blog.olimar.de\/wp-content\/uploads\/2016\/09\/Portugal-Coimbra-Stadt_3592-768x513.jpg 768w, https:\/\/blog.olimar.de\/wp-content\/uploads\/2016\/09\/Portugal-Coimbra-Stadt_3592-1024x684.jpg 1024w, https:\/\/blog.olimar.de\/wp-content\/uploads\/2016\/09\/Portugal-Coimbra-Stadt_3592-840x560.jpg 840w, https:\/\/blog.olimar.de\/wp-content\/uploads\/2016\/09\/Portugal-Coimbra-Stadt_3592-1200x800.jpg 1200w, https:\/\/blog.olimar.de\/wp-content\/uploads\/2016\/09\/Portugal-Coimbra-Stadt_3592.jpg 2000w\" sizes=\"auto, (max-width: 300px) 100vw, 300px\" \/>\n\t\t\t<\/dt><\/dl><br style=\"clear: both\" \/><dl class='gallery-item'>\n\t\t\t<dt class='gallery-icon landscape'>\n\t\t\t\t<img loading=\"lazy\" decoding=\"async\" width=\"300\" height=\"200\" src=\"https:\/\/blog.olimar.de\/wp-content\/uploads\/2016\/09\/Portugal-Coimbra-Stadt_3558-300x200.jpg\" class=\"attachment-medium size-medium\" alt=\"Fu\u00dfg\u00e4ngerzone Anfang Cafe Coimbra\" srcset=\"https:\/\/blog.olimar.de\/wp-content\/uploads\/2016\/09\/Portugal-Coimbra-Stadt_3558-300x200.jpg 300w, https:\/\/blog.olimar.de\/wp-content\/uploads\/2016\/09\/Portugal-Coimbra-Stadt_3558-768x513.jpg 768w, https:\/\/blog.olimar.de\/wp-content\/uploads\/2016\/09\/Portugal-Coimbra-Stadt_3558-1024x684.jpg 1024w, https:\/\/blog.olimar.de\/wp-content\/uploads\/2016\/09\/Portugal-Coimbra-Stadt_3558-840x560.jpg 840w, https:\/\/blog.olimar.de\/wp-content\/uploads\/2016\/09\/Portugal-Coimbra-Stadt_3558-1200x800.jpg 1200w, https:\/\/blog.olimar.de\/wp-content\/uploads\/2016\/09\/Portugal-Coimbra-Stadt_3558.jpg 2000w\" sizes=\"auto, (max-width: 300px) 100vw, 300px\" \/>\n\t\t\t<\/dt><\/dl><dl class='gallery-item'>\n\t\t\t<dt class='gallery-icon landscape'>\n\t\t\t\t<img loading=\"lazy\" decoding=\"async\" width=\"300\" height=\"225\" src=\"https:\/\/blog.olimar.de\/wp-content\/uploads\/2017\/12\/Tomar-Kirchplatz-300x225.jpg\" class=\"attachment-medium size-medium\" alt=\"Kirchplatz Tomar Portugal Urlaub Centro\" srcset=\"https:\/\/blog.olimar.de\/wp-content\/uploads\/2017\/12\/Tomar-Kirchplatz-300x225.jpg 300w, https:\/\/blog.olimar.de\/wp-content\/uploads\/2017\/12\/Tomar-Kirchplatz-768x576.jpg 768w, https:\/\/blog.olimar.de\/wp-content\/uploads\/2017\/12\/Tomar-Kirchplatz-1024x768.jpg 1024w\" sizes=\"auto, (max-width: 300px) 100vw, 300px\" \/>\n\t\t\t<\/dt><\/dl><dl class='gallery-item'>\n\t\t\t<dt class='gallery-icon landscape'>\n\t\t\t\t<img loading=\"lazy\" decoding=\"async\" width=\"300\" height=\"200\" src=\"https:\/\/blog.olimar.de\/wp-content\/uploads\/2016\/09\/Portugal-Lissabon-Meurers_3070-300x200.jpg\" class=\"attachment-medium size-medium\" alt=\"Diane Tempel \u00c9vora\" srcset=\"https:\/\/blog.olimar.de\/wp-content\/uploads\/2016\/09\/Portugal-Lissabon-Meurers_3070-300x200.jpg 300w, https:\/\/blog.olimar.de\/wp-content\/uploads\/2016\/09\/Portugal-Lissabon-Meurers_3070-768x513.jpg 768w, https:\/\/blog.olimar.de\/wp-content\/uploads\/2016\/09\/Portugal-Lissabon-Meurers_3070-1024x684.jpg 1024w, https:\/\/blog.olimar.de\/wp-content\/uploads\/2016\/09\/Portugal-Lissabon-Meurers_3070-840x560.jpg 840w, https:\/\/blog.olimar.de\/wp-content\/uploads\/2016\/09\/Portugal-Lissabon-Meurers_3070-1200x800.jpg 1200w, https:\/\/blog.olimar.de\/wp-content\/uploads\/2016\/09\/Portugal-Lissabon-Meurers_3070.jpg 2000w\" sizes=\"auto, (max-width: 300px) 100vw, 300px\" \/>\n\t\t\t<\/dt><\/dl><br style=\"clear: both\" \/>\n\t\t<\/div>\n\n<p style=\"text-align: justify;\">Neben diesem Rundreisen-Highlight gibt es im neuen Portugal Reisekatalog 2019 noch viele weitere besondere Erlebnisreisen, wie beispielsweise den 4-t\u00e4gigen &#8220;Insider-Kurztrip nach Porto und ins Dourotal&#8221;,\u00a0 die 7-t\u00e4gige Bus-Rundreise <a href=\"https:\/\/rms.olimar.de\/code\/LISX52?travelType=roundtrip\" rel=\"noopener noreferrer\">&#8220;Kulturgenuss und K\u00fcstenzauber&#8221;<\/a>, die Sie von der Trendmetropole Lissabon bis an die sonnenverw\u00f6hnte S\u00fcdk\u00fcste der Algarve f\u00fchrt, oder eine neue Douro-Kreuzfahrt an Bord der A-ROSA. Dar\u00fcber hinaus finden Sie im OLIMAR Programm 2019 einige neue Hotel-Perlen, die teilweise von OLIMAR exklusiv auf dem deutschen Markt vertrieben werden.<\/p>\n<h3><strong>Impressionen einiger ausgew\u00e4hlter neuer Unterk\u00fcnfte im OLIMAR Portugal Programm 2019<\/strong><\/h3>\n<div id='gallery-2' class='gallery galleryid-9954 gallery-columns-3 gallery-size-medium'><dl class='gallery-item'>\n\t\t\t<dt class='gallery-icon landscape'>\n\t\t\t\t<img loading=\"lazy\" decoding=\"async\" width=\"300\" height=\"202\" src=\"https:\/\/blog.olimar.de\/wp-content\/uploads\/2018\/11\/OPO125-a-Terrace2018C-300x202.jpg\" class=\"attachment-medium size-medium\" alt=\"Vila Gal\u00e9 Porto Ribeira, Porto\" aria-describedby=\"gallery-2-9965\" srcset=\"https:\/\/blog.olimar.de\/wp-content\/uploads\/2018\/11\/OPO125-a-Terrace2018C-300x202.jpg 300w, https:\/\/blog.olimar.de\/wp-content\/uploads\/2018\/11\/OPO125-a-Terrace2018C-768x516.jpg 768w, https:\/\/blog.olimar.de\/wp-content\/uploads\/2018\/11\/OPO125-a-Terrace2018C-1024x688.jpg 1024w, https:\/\/blog.olimar.de\/wp-content\/uploads\/2018\/11\/OPO125-a-Terrace2018C.jpg 1607w\" sizes=\"auto, (max-width: 300px) 100vw, 300px\" \/>\n\t\t\t<\/dt>\n\t\t\t\t<dd class='wp-caption-text gallery-caption' id='gallery-2-9965'>\n\t\t\t\tVila Gal\u00e9 Porto Ribeira, Porto\n\t\t\t\t<\/dd><\/dl><dl class='gallery-item'>\n\t\t\t<dt class='gallery-icon landscape'>\n\t\t\t\t<img loading=\"lazy\" decoding=\"async\" width=\"300\" height=\"200\" src=\"https:\/\/blog.olimar.de\/wp-content\/uploads\/2018\/11\/LISP23-a-Terrace2018B-300x200.jpg\" class=\"attachment-medium size-medium\" alt=\"Pousada Vila de \u00d3bidos, \u00d3bidos\" aria-describedby=\"gallery-2-9966\" srcset=\"https:\/\/blog.olimar.de\/wp-content\/uploads\/2018\/11\/LISP23-a-Terrace2018B-300x200.jpg 300w, https:\/\/blog.olimar.de\/wp-content\/uploads\/2018\/11\/LISP23-a-Terrace2018B-768x512.jpg 768w, https:\/\/blog.olimar.de\/wp-content\/uploads\/2018\/11\/LISP23-a-Terrace2018B-1024x683.jpg 1024w, https:\/\/blog.olimar.de\/wp-content\/uploads\/2018\/11\/LISP23-a-Terrace2018B-840x560.jpg 840w, https:\/\/blog.olimar.de\/wp-content\/uploads\/2018\/11\/LISP23-a-Terrace2018B-1200x800.jpg 1200w, https:\/\/blog.olimar.de\/wp-content\/uploads\/2018\/11\/LISP23-a-Terrace2018B.jpg 1620w\" sizes=\"auto, (max-width: 300px) 100vw, 300px\" \/>\n\t\t\t<\/dt>\n\t\t\t\t<dd class='wp-caption-text gallery-caption' id='gallery-2-9966'>\n\t\t\t\tPousada Vila de \u00d3bidos, \u00d3bidos\n\t\t\t\t<\/dd><\/dl><dl class='gallery-item'>\n\t\t\t<dt class='gallery-icon landscape'>\n\t\t\t\t<img loading=\"lazy\" decoding=\"async\" width=\"300\" height=\"199\" src=\"https:\/\/blog.olimar.de\/wp-content\/uploads\/2018\/11\/OPO607-a-Exterior2018D-300x199.jpg\" class=\"attachment-medium size-medium\" alt=\"Douro41 Hotel &amp; Spa, Castelo de Paiva\" aria-describedby=\"gallery-2-9967\" srcset=\"https:\/\/blog.olimar.de\/wp-content\/uploads\/2018\/11\/OPO607-a-Exterior2018D-300x199.jpg 300w, https:\/\/blog.olimar.de\/wp-content\/uploads\/2018\/11\/OPO607-a-Exterior2018D-768x509.jpg 768w, https:\/\/blog.olimar.de\/wp-content\/uploads\/2018\/11\/OPO607-a-Exterior2018D-1024x678.jpg 1024w, https:\/\/blog.olimar.de\/wp-content\/uploads\/2018\/11\/OPO607-a-Exterior2018D-840x560.jpg 840w, https:\/\/blog.olimar.de\/wp-content\/uploads\/2018\/11\/OPO607-a-Exterior2018D-1200x800.jpg 1200w, https:\/\/blog.olimar.de\/wp-content\/uploads\/2018\/11\/OPO607-a-Exterior2018D.jpg 1631w\" sizes=\"auto, (max-width: 300px) 100vw, 300px\" \/>\n\t\t\t<\/dt>\n\t\t\t\t<dd class='wp-caption-text gallery-caption' id='gallery-2-9967'>\n\t\t\t\tDouro41 Hotel &#038; Spa, Castelo de Paiva\n\t\t\t\t<\/dd><\/dl><br style=\"clear: both\" \/><dl class='gallery-item'>\n\t\t\t<dt class='gallery-icon landscape'>\n\t\t\t\t<img loading=\"lazy\" decoding=\"async\" width=\"300\" height=\"200\" src=\"https:\/\/blog.olimar.de\/wp-content\/uploads\/2018\/11\/OPO389-a-Front2018B-300x200.jpg\" class=\"attachment-medium size-medium\" alt=\"Vila Gal\u00e9 Collection Braga, Braga\" aria-describedby=\"gallery-2-9968\" srcset=\"https:\/\/blog.olimar.de\/wp-content\/uploads\/2018\/11\/OPO389-a-Front2018B-300x200.jpg 300w, https:\/\/blog.olimar.de\/wp-content\/uploads\/2018\/11\/OPO389-a-Front2018B-768x512.jpg 768w, https:\/\/blog.olimar.de\/wp-content\/uploads\/2018\/11\/OPO389-a-Front2018B-1024x683.jpg 1024w, https:\/\/blog.olimar.de\/wp-content\/uploads\/2018\/11\/OPO389-a-Front2018B-840x560.jpg 840w, https:\/\/blog.olimar.de\/wp-content\/uploads\/2018\/11\/OPO389-a-Front2018B-1200x800.jpg 1200w, https:\/\/blog.olimar.de\/wp-content\/uploads\/2018\/11\/OPO389-a-Front2018B.jpg 1620w\" sizes=\"auto, (max-width: 300px) 100vw, 300px\" \/>\n\t\t\t<\/dt>\n\t\t\t\t<dd class='wp-caption-text gallery-caption' id='gallery-2-9968'>\n\t\t\t\tVila Gal\u00e9 Collection Braga, Braga\n\t\t\t\t<\/dd><\/dl><dl class='gallery-item'>\n\t\t\t<dt class='gallery-icon landscape'>\n\t\t\t\t<img loading=\"lazy\" decoding=\"async\" width=\"300\" height=\"169\" src=\"https:\/\/blog.olimar.de\/wp-content\/uploads\/2018\/11\/FNC176-p-PoolView2018A-300x169.jpg\" class=\"attachment-medium size-medium\" alt=\"Savoy Palace, Funchal Madeira\" aria-describedby=\"gallery-2-9969\" srcset=\"https:\/\/blog.olimar.de\/wp-content\/uploads\/2018\/11\/FNC176-p-PoolView2018A-300x169.jpg 300w, https:\/\/blog.olimar.de\/wp-content\/uploads\/2018\/11\/FNC176-p-PoolView2018A-768x432.jpg 768w, https:\/\/blog.olimar.de\/wp-content\/uploads\/2018\/11\/FNC176-p-PoolView2018A-1024x575.jpg 1024w, https:\/\/blog.olimar.de\/wp-content\/uploads\/2018\/11\/FNC176-p-PoolView2018A.jpg 1922w\" sizes=\"auto, (max-width: 300px) 100vw, 300px\" \/>\n\t\t\t<\/dt>\n\t\t\t\t<dd class='wp-caption-text gallery-caption' id='gallery-2-9969'>\n\t\t\t\tSavoy Palace, Funchal Madeira\n\t\t\t\t<\/dd><\/dl><dl class='gallery-item'>\n\t\t\t<dt class='gallery-icon landscape'>\n\t\t\t\t<img loading=\"lazy\" decoding=\"async\" width=\"300\" height=\"200\" src=\"https:\/\/blog.olimar.de\/wp-content\/uploads\/2018\/11\/FAO419-a-Resort2018A-300x200.jpg\" class=\"attachment-medium size-medium\" alt=\"Placid Village, Carvoeiro\" aria-describedby=\"gallery-2-9970\" srcset=\"https:\/\/blog.olimar.de\/wp-content\/uploads\/2018\/11\/FAO419-a-Resort2018A-300x200.jpg 300w, https:\/\/blog.olimar.de\/wp-content\/uploads\/2018\/11\/FAO419-a-Resort2018A-768x512.jpg 768w, https:\/\/blog.olimar.de\/wp-content\/uploads\/2018\/11\/FAO419-a-Resort2018A-1024x683.jpg 1024w, https:\/\/blog.olimar.de\/wp-content\/uploads\/2018\/11\/FAO419-a-Resort2018A-840x560.jpg 840w, https:\/\/blog.olimar.de\/wp-content\/uploads\/2018\/11\/FAO419-a-Resort2018A-1200x800.jpg 1200w, https:\/\/blog.olimar.de\/wp-content\/uploads\/2018\/11\/FAO419-a-Resort2018A.jpg 1620w\" sizes=\"auto, (max-width: 300px) 100vw, 300px\" \/>\n\t\t\t<\/dt>\n\t\t\t\t<dd class='wp-caption-text gallery-caption' id='gallery-2-9970'>\n\t\t\t\tPlacid Village, Carvoeiro\n\t\t\t\t<\/dd><\/dl><br style=\"clear: both\" \/><dl class='gallery-item'>\n\t\t\t<dt class='gallery-icon landscape'>\n\t\t\t\t<img loading=\"lazy\" decoding=\"async\" width=\"300\" height=\"200\" src=\"https:\/\/blog.olimar.de\/wp-content\/uploads\/2018\/11\/FAO078-p-Pool2018A-300x200.jpg\" class=\"attachment-medium size-medium\" alt=\"Enigma - Nature &amp; Water Hotel, Odemira\" aria-describedby=\"gallery-2-9971\" srcset=\"https:\/\/blog.olimar.de\/wp-content\/uploads\/2018\/11\/FAO078-p-Pool2018A-300x200.jpg 300w, https:\/\/blog.olimar.de\/wp-content\/uploads\/2018\/11\/FAO078-p-Pool2018A-768x512.jpg 768w, https:\/\/blog.olimar.de\/wp-content\/uploads\/2018\/11\/FAO078-p-Pool2018A-1024x683.jpg 1024w, https:\/\/blog.olimar.de\/wp-content\/uploads\/2018\/11\/FAO078-p-Pool2018A-840x560.jpg 840w, https:\/\/blog.olimar.de\/wp-content\/uploads\/2018\/11\/FAO078-p-Pool2018A-1200x800.jpg 1200w, https:\/\/blog.olimar.de\/wp-content\/uploads\/2018\/11\/FAO078-p-Pool2018A.jpg 1620w\" sizes=\"auto, (max-width: 300px) 100vw, 300px\" \/>\n\t\t\t<\/dt>\n\t\t\t\t<dd class='wp-caption-text gallery-caption' id='gallery-2-9971'>\n\t\t\t\tEnigma &#8211; Nature &#038; Water Hotel, Odemira\n\t\t\t\t<\/dd><\/dl><dl class='gallery-item'>\n\t\t\t<dt class='gallery-icon landscape'>\n\t\t\t\t<img loading=\"lazy\" decoding=\"async\" width=\"300\" height=\"174\" src=\"https:\/\/blog.olimar.de\/wp-content\/uploads\/2018\/11\/LIS071-a-FrontView2018A-300x174.jpg\" class=\"attachment-medium size-medium\" alt=\"Monte da Estrela Country House &amp; Spa, Mour\u00e3o\" aria-describedby=\"gallery-2-9972\" srcset=\"https:\/\/blog.olimar.de\/wp-content\/uploads\/2018\/11\/LIS071-a-FrontView2018A-300x174.jpg 300w, https:\/\/blog.olimar.de\/wp-content\/uploads\/2018\/11\/LIS071-a-FrontView2018A-768x446.jpg 768w, https:\/\/blog.olimar.de\/wp-content\/uploads\/2018\/11\/LIS071-a-FrontView2018A-1024x595.jpg 1024w, https:\/\/blog.olimar.de\/wp-content\/uploads\/2018\/11\/LIS071-a-FrontView2018A.jpg 1860w\" sizes=\"auto, (max-width: 300px) 100vw, 300px\" \/>\n\t\t\t<\/dt>\n\t\t\t\t<dd class='wp-caption-text gallery-caption' id='gallery-2-9972'>\n\t\t\t\tMonte da Estrela Country House &#038;  Spa, Mour\u00e3o\n\t\t\t\t<\/dd><\/dl>\n\t\t\t<br style='clear: both' \/>\n\t\t<\/div>\n\n<p style=\"text-align: justify;\">Der Katalog \u201eS\u00fcdeuropa erleben!\u201c bietet Ihnen f\u00fcr das Reisejahr 2019 zahlreiche neue Inspirationen, um Spanien, Italien und Kroatien auf eine ganz besonders authentische Weise zu erleben. Hervorheben m\u00f6chten wir hier die neue 1-w\u00f6chige Mietwagen-Rundreise \u201eGame of Thrones: Zu den Drehorten in S\u00fcdspanien&#8221;. Entdecken Sie die magischen Filmst\u00e4tten der legend\u00e4ren Saga und erleben Sie die beeindruckenden Natur- und Filmkulissen in Andalusien und der Extremadura! Oder wie w\u00e4re es mit einer \u00dcbernachtung in einer Burg, in einem Kloster oder sogar in einem Palast? Dann sind Sie bei uns genau richtig, denn wir haben auch im Jahr 2019 die legend\u00e4ren <a href=\"https:\/\/www.olimar.de\/paradores\/\" rel=\"noopener noreferrer\">Paradores<\/a> im Programm und freuen uns, Ihnen schon so viele Jahre dieses besondere Produkt bieten zu k\u00f6nnen.<\/p>\n<div class=\"green-box\">\n<h3><strong>Ausgew\u00e4hlte, neue OLIMAR Erlebnisreisen in Spanien &amp; Italien 2019<\/strong><\/h3>\n<p>Bus-Rundreise: <a href=\"https:\/\/rms.olimar.de\/code\/AGPX10?travelType=roundtrip\" rel=\"noopener noreferrer\">Die andere Andalusien-Tour<\/a><\/p>\n<p>Bus-Rundreise: <a href=\"https:\/\/rms.olimar.de\/code\/AGPX50?travelType=roundtrip\" rel=\"noopener noreferrer\">Die klassische Andalusien-Tour<\/a><\/p>\n<p>Bahnreise: <a href=\"https:\/\/rms.olimar.de\/code\/AGPX12\" rel=\"noopener noreferrer\">Auf der richtigen Spur durch Andalusien<\/a><\/p>\n<p>Aktivreise: <a href=\"https:\/\/rms.olimar.de\/code\/flrx20\" rel=\"noopener noreferrer\">Zu Fu\u00df auf dem sch\u00f6nsten Abschnitt des Frankenwegs<\/a><\/p>\n<\/div>\n\n\n<div style=\"height:50px\" aria-hidden=\"true\" class=\"wp-block-spacer\"><\/div>\n\n\n\n<div class=\"wp-block-buttons is-layout-flex wp-block-buttons-is-layout-flex\">\n<div class=\"wp-block-button\"><a class=\"wp-block-button__link wp-element-button\" href=\"https:\/\/www.olimar.de\/hotellistung\/\">Jetzt Urlaubsangebote finden und buchen<\/a><\/div>\n<\/div>\n\n\n\n<div style=\"height:100px\" aria-hidden=\"true\" class=\"wp-block-spacer\"><\/div>\n","protected":false},"excerpt":{"rendered":"<p>Direkt aus dem Druck und brandneu pr\u00e4sentieren wir unsere neuen OLIMAR Reisekataloge f\u00fcr das Jahr 2019. Wer die Versandtage nicht abwarten m\u00f6chte und sofortige Inspirationen f\u00fcr die n\u00e4chste Reise sucht, kann die zwei neuen Kataloge \u201eDas ist Portugal\u201c, und \u201eS\u00fcdeuropa erleben!\u201c sofort online durchbl\u00e4ttern. Die OLIMAR Reisekataloge und das Reisejahr 2019 halten wieder einige Besonderheiten und Highlights bereit: F\u00fcr viele ist es ein gro\u00dfer Traum, einmal die amerikanische \u201eRoute 66\u201c auf dem Motorrad und mit Wind in den Haaren entlang zu fahren. Doch wussten Sie, dass es auch in Portugal einen solch faszinierenden Highway gibt? Die Nationalstra\u00dfe EN2 ist die l\u00e4ngste &hellip;<\/p>\n","protected":false},"author":9,"featured_media":9977,"comment_status":"open","ping_status":"open","sticky":false,"template":"","format":"standard","meta":{"_crdt_document":"","_lmt_disableupdate":"","_lmt_disable":"","footnotes":""},"categories":[49],"tags":[35,34,62],"class_list":["post-9954","post","type-post","status-publish","format-standard","has-post-thumbnail","hentry","category-olimar-inside","tag-italien","tag-portugal","tag-spanien"],"yoast_head":"<!-- This site is optimized with the Yoast SEO plugin v26.9 - https:\/\/yoast.com\/product\/yoast-seo-wordpress\/ -->\n<title>Die OLIMAR Reisekataloge 2019 sind da - jetzt durchbl\u00e4ttern!<\/title>\n<meta name=\"description\" content=\"Ab sofort k\u00f6nnen die OLIMAR Reisekataloge 2019 f\u00fcr Portugal und S\u00fcdeuropa bequem online durchgebl\u00e4ttert werden oder per Post bestellt werden.\" \/>\n<meta name=\"robots\" content=\"index, follow, max-snippet:-1, max-image-preview:large, max-video-preview:-1\" \/>\n<link rel=\"canonical\" href=\"https:\/\/blog.olimar.de\/reisekataloge-2019\/\" \/>\n<meta property=\"og:locale\" content=\"de_DE\" \/>\n<meta property=\"og:type\" content=\"article\" \/>\n<meta property=\"og:title\" content=\"Die OLIMAR Reisekataloge 2019 sind da - jetzt durchbl\u00e4ttern!\" \/>\n<meta property=\"og:description\" content=\"Ab sofort k\u00f6nnen die OLIMAR Reisekataloge 2019 f\u00fcr Portugal und S\u00fcdeuropa bequem online durchgebl\u00e4ttert werden oder per Post bestellt werden.\" \/>\n<meta property=\"og:url\" content=\"https:\/\/blog.olimar.de\/reisekataloge-2019\/\" \/>\n<meta property=\"article:publisher\" content=\"https:\/\/www.facebook.com\/OlimarReisen\" \/>\n<meta property=\"article:published_time\" content=\"2018-11-19T17:32:28+00:00\" \/>\n<meta property=\"article:modified_time\" content=\"2023-06-15T10:49:58+00:00\" \/>\n<meta property=\"og:image\" content=\"https:\/\/blog.olimar.de\/wp-content\/uploads\/2018\/11\/OLIMAR-Reisekataloge-2019.jpg\" \/>\n\t<meta property=\"og:image:width\" content=\"777\" \/>\n\t<meta property=\"og:image:height\" content=\"589\" \/>\n\t<meta property=\"og:image:type\" content=\"image\/jpeg\" \/>\n<meta name=\"author\" content=\"OLIMAR Redaktionsteam\" \/>\n<meta name=\"twitter:label1\" content=\"Verfasst von\" \/>\n\t<meta name=\"twitter:data1\" content=\"OLIMAR Redaktionsteam\" \/>\n\t<meta name=\"twitter:label2\" content=\"Gesch\u00e4tzte Lesezeit\" \/>\n\t<meta name=\"twitter:data2\" content=\"3\u00a0Minuten\" \/>\n<script type=\"application\/ld+json\" class=\"yoast-schema-graph\">{\"@context\":\"https:\/\/schema.org\",\"@graph\":[{\"@type\":\"WebPage\",\"@id\":\"https:\/\/blog.olimar.de\/reisekataloge-2019\/\",\"url\":\"https:\/\/blog.olimar.de\/reisekataloge-2019\/\",\"name\":\"Die OLIMAR Reisekataloge 2019 sind da - jetzt durchbl\u00e4ttern!\",\"isPartOf\":{\"@id\":\"https:\/\/blog.olimar.de\/#website\"},\"primaryImageOfPage\":{\"@id\":\"https:\/\/blog.olimar.de\/reisekataloge-2019\/#primaryimage\"},\"image\":{\"@id\":\"https:\/\/blog.olimar.de\/reisekataloge-2019\/#primaryimage\"},\"thumbnailUrl\":\"https:\/\/blog.olimar.de\/wp-content\/uploads\/2018\/11\/OLIMAR-Reisekataloge-2019.jpg\",\"datePublished\":\"2018-11-19T17:32:28+00:00\",\"dateModified\":\"2023-06-15T10:49:58+00:00\",\"description\":\"Ab sofort k\u00f6nnen die OLIMAR Reisekataloge 2019 f\u00fcr Portugal und S\u00fcdeuropa bequem online durchgebl\u00e4ttert werden oder per Post bestellt werden.\",\"breadcrumb\":{\"@id\":\"https:\/\/blog.olimar.de\/reisekataloge-2019\/#breadcrumb\"},\"inLanguage\":\"de\",\"potentialAction\":[{\"@type\":\"ReadAction\",\"target\":[\"https:\/\/blog.olimar.de\/reisekataloge-2019\/\"]}]},{\"@type\":\"ImageObject\",\"inLanguage\":\"de\",\"@id\":\"https:\/\/blog.olimar.de\/reisekataloge-2019\/#primaryimage\",\"url\":\"https:\/\/blog.olimar.de\/wp-content\/uploads\/2018\/11\/OLIMAR-Reisekataloge-2019.jpg\",\"contentUrl\":\"https:\/\/blog.olimar.de\/wp-content\/uploads\/2018\/11\/OLIMAR-Reisekataloge-2019.jpg\",\"width\":777,\"height\":589,\"caption\":\"OLIMAR Reisekataloge 2019\"},{\"@type\":\"BreadcrumbList\",\"@id\":\"https:\/\/blog.olimar.de\/reisekataloge-2019\/#breadcrumb\",\"itemListElement\":[{\"@type\":\"ListItem\",\"position\":1,\"name\":\"Home\",\"item\":\"https:\/\/blog.olimar.de\/\"},{\"@type\":\"ListItem\",\"position\":2,\"name\":\"Italien\",\"item\":\"https:\/\/blog.olimar.de\/tag\/italien\/\"},{\"@type\":\"ListItem\",\"position\":3,\"name\":\"Das sind die neuen OLIMAR Reisekataloge 2019\"}]},{\"@type\":\"WebSite\",\"@id\":\"https:\/\/blog.olimar.de\/#website\",\"url\":\"https:\/\/blog.olimar.de\/\",\"name\":\"OLIMAR.com\",\"description\":\"\",\"publisher\":{\"@id\":\"https:\/\/blog.olimar.de\/#organization\"},\"potentialAction\":[{\"@type\":\"SearchAction\",\"target\":{\"@type\":\"EntryPoint\",\"urlTemplate\":\"https:\/\/blog.olimar.de\/?s={search_term_string}\"},\"query-input\":{\"@type\":\"PropertyValueSpecification\",\"valueRequired\":true,\"valueName\":\"search_term_string\"}}],\"inLanguage\":\"de\"},{\"@type\":\"Organization\",\"@id\":\"https:\/\/blog.olimar.de\/#organization\",\"name\":\"OLIMAR Reisen\",\"url\":\"https:\/\/blog.olimar.de\/\",\"logo\":{\"@type\":\"ImageObject\",\"inLanguage\":\"de\",\"@id\":\"https:\/\/blog.olimar.de\/#\/schema\/logo\/image\/\",\"url\":\"https:\/\/blog.olimar.de\/wp-content\/uploads\/2021\/01\/OLIMAR_Logo_COLOR.png\",\"contentUrl\":\"https:\/\/blog.olimar.de\/wp-content\/uploads\/2021\/01\/OLIMAR_Logo_COLOR.png\",\"width\":2000,\"height\":986,\"caption\":\"OLIMAR Reisen\"},\"image\":{\"@id\":\"https:\/\/blog.olimar.de\/#\/schema\/logo\/image\/\"},\"sameAs\":[\"https:\/\/www.facebook.com\/OlimarReisen\",\"https:\/\/x.com\/olimarrreisen\",\"https:\/\/www.instagram.com\/olimarreisen\",\"https:\/\/www.youtube.com\/user\/olimarreisen\"]}]}<\/script>\n<!-- \/ Yoast SEO plugin. -->","yoast_head_json":{"title":"Die OLIMAR Reisekataloge 2019 sind da - jetzt durchbl\u00e4ttern!","description":"Ab sofort k\u00f6nnen die OLIMAR Reisekataloge 2019 f\u00fcr Portugal und S\u00fcdeuropa bequem online durchgebl\u00e4ttert werden oder per Post bestellt werden.","robots":{"index":"index","follow":"follow","max-snippet":"max-snippet:-1","max-image-preview":"max-image-preview:large","max-video-preview":"max-video-preview:-1"},"canonical":"https:\/\/blog.olimar.de\/reisekataloge-2019\/","og_locale":"de_DE","og_type":"article","og_title":"Die OLIMAR Reisekataloge 2019 sind da - jetzt durchbl\u00e4ttern!","og_description":"Ab sofort k\u00f6nnen die OLIMAR Reisekataloge 2019 f\u00fcr Portugal und S\u00fcdeuropa bequem online durchgebl\u00e4ttert werden oder per Post bestellt werden.","og_url":"https:\/\/blog.olimar.de\/reisekataloge-2019\/","article_publisher":"https:\/\/www.facebook.com\/OlimarReisen","article_published_time":"2018-11-19T17:32:28+00:00","article_modified_time":"2023-06-15T10:49:58+00:00","og_image":[{"width":777,"height":589,"url":"https:\/\/blog.olimar.de\/wp-content\/uploads\/2018\/11\/OLIMAR-Reisekataloge-2019.jpg","type":"image\/jpeg"}],"author":"OLIMAR Redaktionsteam","twitter_misc":{"Verfasst von":"OLIMAR Redaktionsteam","Gesch\u00e4tzte Lesezeit":"3\u00a0Minuten"},"schema":{"@context":"https:\/\/schema.org","@graph":[{"@type":"WebPage","@id":"https:\/\/blog.olimar.de\/reisekataloge-2019\/","url":"https:\/\/blog.olimar.de\/reisekataloge-2019\/","name":"Die OLIMAR Reisekataloge 2019 sind da - jetzt durchbl\u00e4ttern!","isPartOf":{"@id":"https:\/\/blog.olimar.de\/#website"},"primaryImageOfPage":{"@id":"https:\/\/blog.olimar.de\/reisekataloge-2019\/#primaryimage"},"image":{"@id":"https:\/\/blog.olimar.de\/reisekataloge-2019\/#primaryimage"},"thumbnailUrl":"https:\/\/blog.olimar.de\/wp-content\/uploads\/2018\/11\/OLIMAR-Reisekataloge-2019.jpg","datePublished":"2018-11-19T17:32:28+00:00","dateModified":"2023-06-15T10:49:58+00:00","description":"Ab sofort k\u00f6nnen die OLIMAR Reisekataloge 2019 f\u00fcr Portugal und S\u00fcdeuropa bequem online durchgebl\u00e4ttert werden oder per Post bestellt werden.","breadcrumb":{"@id":"https:\/\/blog.olimar.de\/reisekataloge-2019\/#breadcrumb"},"inLanguage":"de","potentialAction":[{"@type":"ReadAction","target":["https:\/\/blog.olimar.de\/reisekataloge-2019\/"]}]},{"@type":"ImageObject","inLanguage":"de","@id":"https:\/\/blog.olimar.de\/reisekataloge-2019\/#primaryimage","url":"https:\/\/blog.olimar.de\/wp-content\/uploads\/2018\/11\/OLIMAR-Reisekataloge-2019.jpg","contentUrl":"https:\/\/blog.olimar.de\/wp-content\/uploads\/2018\/11\/OLIMAR-Reisekataloge-2019.jpg","width":777,"height":589,"caption":"OLIMAR Reisekataloge 2019"},{"@type":"BreadcrumbList","@id":"https:\/\/blog.olimar.de\/reisekataloge-2019\/#breadcrumb","itemListElement":[{"@type":"ListItem","position":1,"name":"Home","item":"https:\/\/blog.olimar.de\/"},{"@type":"ListItem","position":2,"name":"Italien","item":"https:\/\/blog.olimar.de\/tag\/italien\/"},{"@type":"ListItem","position":3,"name":"Das sind die neuen OLIMAR Reisekataloge 2019"}]},{"@type":"WebSite","@id":"https:\/\/blog.olimar.de\/#website","url":"https:\/\/blog.olimar.de\/","name":"OLIMAR.com","description":"","publisher":{"@id":"https:\/\/blog.olimar.de\/#organization"},"potentialAction":[{"@type":"SearchAction","target":{"@type":"EntryPoint","urlTemplate":"https:\/\/blog.olimar.de\/?s={search_term_string}"},"query-input":{"@type":"PropertyValueSpecification","valueRequired":true,"valueName":"search_term_string"}}],"inLanguage":"de"},{"@type":"Organization","@id":"https:\/\/blog.olimar.de\/#organization","name":"OLIMAR Reisen","url":"https:\/\/blog.olimar.de\/","logo":{"@type":"ImageObject","inLanguage":"de","@id":"https:\/\/blog.olimar.de\/#\/schema\/logo\/image\/","url":"https:\/\/blog.olimar.de\/wp-content\/uploads\/2021\/01\/OLIMAR_Logo_COLOR.png","contentUrl":"https:\/\/blog.olimar.de\/wp-content\/uploads\/2021\/01\/OLIMAR_Logo_COLOR.png","width":2000,"height":986,"caption":"OLIMAR Reisen"},"image":{"@id":"https:\/\/blog.olimar.de\/#\/schema\/logo\/image\/"},"sameAs":["https:\/\/www.facebook.com\/OlimarReisen","https:\/\/x.com\/olimarrreisen","https:\/\/www.instagram.com\/olimarreisen","https:\/\/www.youtube.com\/user\/olimarreisen"]}]}},"modified_by":"Julia Windh\u00f6vel","jetpack_featured_media_url":"https:\/\/blog.olimar.de\/wp-content\/uploads\/2018\/11\/OLIMAR-Reisekataloge-2019.jpg","_links":{"self":[{"href":"https:\/\/blog.olimar.de\/wp-json\/wp\/v2\/posts\/9954","targetHints":{"allow":["GET"]}}],"collection":[{"href":"https:\/\/blog.olimar.de\/wp-json\/wp\/v2\/posts"}],"about":[{"href":"https:\/\/blog.olimar.de\/wp-json\/wp\/v2\/types\/post"}],"author":[{"embeddable":true,"href":"https:\/\/blog.olimar.de\/wp-json\/wp\/v2\/users\/9"}],"replies":[{"embeddable":true,"href":"https:\/\/blog.olimar.de\/wp-json\/wp\/v2\/comments?post=9954"}],"version-history":[{"count":31,"href":"https:\/\/blog.olimar.de\/wp-json\/wp\/v2\/posts\/9954\/revisions"}],"predecessor-version":[{"id":22722,"href":"https:\/\/blog.olimar.de\/wp-json\/wp\/v2\/posts\/9954\/revisions\/22722"}],"wp:featuredmedia":[{"embeddable":true,"href":"https:\/\/blog.olimar.de\/wp-json\/wp\/v2\/media\/9977"}],"wp:attachment":[{"href":"https:\/\/blog.olimar.de\/wp-json\/wp\/v2\/media?parent=9954"}],"wp:term":[{"taxonomy":"category","embeddable":true,"href":"https:\/\/blog.olimar.de\/wp-json\/wp\/v2\/categories?post=9954"},{"taxonomy":"post_tag","embeddable":true,"href":"https:\/\/blog.olimar.de\/wp-json\/wp\/v2\/tags?post=9954"}],"curies":[{"name":"wp","href":"https:\/\/api.w.org\/{rel}","templated":true}]}}