{"id":41,"name":"Angela W.","url":"","description":"Angela beschreibt die Beziehung zu Land und Leuten Portugals als \u201eLiebe auf den ersten Blick\u201c. Aus diesem Grund hat es sie auch vor Kurzem dauerhaft auf ihre Lieblingsinsel Madeira verschlagen. Was gibt es Sch\u00f6neres, als jeden Morgen vom Meeresrauschen geweckt zu werden und zugleich in die sattgr\u00fcnen H\u00e4nge zu blicken!?","link":"https:\/\/blog.olimar.de\/author\/angela-w\/","slug":"angela-w","avatar_urls":{"24":"https:\/\/secure.gravatar.com\/avatar\/128dd961c6da8e20c171de2e5309685b16630e4bcfa8f0ce7ffa5f5ce1cc894b?s=24&d=blank&r=g","48":"https:\/\/secure.gravatar.com\/avatar\/128dd961c6da8e20c171de2e5309685b16630e4bcfa8f0ce7ffa5f5ce1cc894b?s=48&d=blank&r=g","96":"https:\/\/secure.gravatar.com\/avatar\/128dd961c6da8e20c171de2e5309685b16630e4bcfa8f0ce7ffa5f5ce1cc894b?s=96&d=blank&r=g"},"meta":[],"yoast_head":"<!-- This site is optimized with the Yoast SEO plugin v26.9 - https:\/\/yoast.com\/product\/yoast-seo-wordpress\/ -->\n<title>Angela W., Autor auf<\/title>\n<meta name=\"robots\" content=\"noindex, follow\" \/>\n<meta property=\"og:locale\" content=\"de_DE\" \/>\n<meta property=\"og:type\" content=\"profile\" \/>\n<meta property=\"og:title\" content=\"Angela W., Autor auf\" \/>\n<meta property=\"og:url\" content=\"https:\/\/blog.olimar.de\/author\/angela-w\/\" \/>\n<meta property=\"og:image\" content=\"https:\/\/secure.gravatar.com\/avatar\/2fbfb36955db51f7a39a00a4b720d7d7?s=500&d=blank&r=g\" \/>\n<script type=\"application\/ld+json\" class=\"yoast-schema-graph\">{\"@context\":\"https:\/\/schema.org\",\"@graph\":[{\"@type\":\"ProfilePage\",\"@id\":\"https:\/\/blog.olimar.de\/author\/angela-w\/\",\"url\":\"https:\/\/blog.olimar.de\/author\/angela-w\/\",\"name\":\"Angela W., Autor auf\",\"isPartOf\":{\"@id\":\"https:\/\/blog.olimar.de\/#website\"},\"breadcrumb\":{\"@id\":\"https:\/\/blog.olimar.de\/author\/angela-w\/#breadcrumb\"},\"inLanguage\":\"de\",\"potentialAction\":[{\"@type\":\"ReadAction\",\"target\":[\"https:\/\/blog.olimar.de\/author\/angela-w\/\"]}]},{\"@type\":\"BreadcrumbList\",\"@id\":\"https:\/\/blog.olimar.de\/author\/angela-w\/#breadcrumb\",\"itemListElement\":[{\"@type\":\"ListItem\",\"position\":1,\"name\":\"Home\",\"item\":\"https:\/\/blog.olimar.de\/\"},{\"@type\":\"ListItem\",\"position\":2,\"name\":\"Archiv f\u00fcr Angela W.\"}]},{\"@type\":\"WebSite\",\"@id\":\"https:\/\/blog.olimar.de\/#website\",\"url\":\"https:\/\/blog.olimar.de\/\",\"name\":\"OLIMAR.com\",\"description\":\"\",\"publisher\":{\"@id\":\"https:\/\/blog.olimar.de\/#organization\"},\"potentialAction\":[{\"@type\":\"SearchAction\",\"target\":{\"@type\":\"EntryPoint\",\"urlTemplate\":\"https:\/\/blog.olimar.de\/?s={search_term_string}\"},\"query-input\":{\"@type\":\"PropertyValueSpecification\",\"valueRequired\":true,\"valueName\":\"search_term_string\"}}],\"inLanguage\":\"de\"},{\"@type\":\"Organization\",\"@id\":\"https:\/\/blog.olimar.de\/#organization\",\"name\":\"OLIMAR Reisen\",\"url\":\"https:\/\/blog.olimar.de\/\",\"logo\":{\"@type\":\"ImageObject\",\"inLanguage\":\"de\",\"@id\":\"https:\/\/blog.olimar.de\/#\/schema\/logo\/image\/\",\"url\":\"https:\/\/blog.olimar.de\/wp-content\/uploads\/2021\/01\/OLIMAR_Logo_COLOR.png\",\"contentUrl\":\"https:\/\/blog.olimar.de\/wp-content\/uploads\/2021\/01\/OLIMAR_Logo_COLOR.png\",\"width\":2000,\"height\":986,\"caption\":\"OLIMAR Reisen\"},\"image\":{\"@id\":\"https:\/\/blog.olimar.de\/#\/schema\/logo\/image\/\"},\"sameAs\":[\"https:\/\/www.facebook.com\/OlimarReisen\",\"https:\/\/x.com\/olimarrreisen\",\"https:\/\/www.instagram.com\/olimarreisen\",\"https:\/\/www.youtube.com\/user\/olimarreisen\"]},{\"@type\":\"Person\",\"@id\":\"https:\/\/blog.olimar.de\/#\/schema\/person\/d77f7c4d164042030e92f1f92dda5fae\",\"name\":\"Angela W.\",\"image\":{\"@type\":\"ImageObject\",\"inLanguage\":\"de\",\"@id\":\"https:\/\/blog.olimar.de\/#\/schema\/person\/image\/\",\"url\":\"https:\/\/secure.gravatar.com\/avatar\/128dd961c6da8e20c171de2e5309685b16630e4bcfa8f0ce7ffa5f5ce1cc894b?s=96&d=blank&r=g\",\"contentUrl\":\"https:\/\/secure.gravatar.com\/avatar\/128dd961c6da8e20c171de2e5309685b16630e4bcfa8f0ce7ffa5f5ce1cc894b?s=96&d=blank&r=g\",\"caption\":\"Angela W.\"},\"description\":\"Angela beschreibt die Beziehung zu Land und Leuten Portugals als \u201eLiebe auf den ersten Blick\u201c. Aus diesem Grund hat es sie auch vor Kurzem dauerhaft auf ihre Lieblingsinsel Madeira verschlagen. Was gibt es Sch\u00f6neres, als jeden Morgen vom Meeresrauschen geweckt zu werden und zugleich in die sattgr\u00fcnen H\u00e4nge zu blicken!?\",\"mainEntityOfPage\":{\"@id\":\"https:\/\/blog.olimar.de\/author\/angela-w\/\"}}]}<\/script>\n<!-- \/ Yoast SEO plugin. -->","yoast_head_json":{"title":"Angela W., Autor auf","robots":{"index":"noindex","follow":"follow"},"og_locale":"de_DE","og_type":"profile","og_title":"Angela W., Autor auf","og_url":"https:\/\/blog.olimar.de\/author\/angela-w\/","og_image":[{"url":"https:\/\/secure.gravatar.com\/avatar\/2fbfb36955db51f7a39a00a4b720d7d7?s=500&d=blank&r=g","type":"","width":"","height":""}],"schema":{"@context":"https:\/\/schema.org","@graph":[{"@type":"ProfilePage","@id":"https:\/\/blog.olimar.de\/author\/angela-w\/","url":"https:\/\/blog.olimar.de\/author\/angela-w\/","name":"Angela W., Autor auf","isPartOf":{"@id":"https:\/\/blog.olimar.de\/#website"},"breadcrumb":{"@id":"https:\/\/blog.olimar.de\/author\/angela-w\/#breadcrumb"},"inLanguage":"de","potentialAction":[{"@type":"ReadAction","target":["https:\/\/blog.olimar.de\/author\/angela-w\/"]}]},{"@type":"BreadcrumbList","@id":"https:\/\/blog.olimar.de\/author\/angela-w\/#breadcrumb","itemListElement":[{"@type":"ListItem","position":1,"name":"Home","item":"https:\/\/blog.olimar.de\/"},{"@type":"ListItem","position":2,"name":"Archiv f\u00fcr Angela W."}]},{"@type":"WebSite","@id":"https:\/\/blog.olimar.de\/#website","url":"https:\/\/blog.olimar.de\/","name":"OLIMAR.com","description":"","publisher":{"@id":"https:\/\/blog.olimar.de\/#organization"},"potentialAction":[{"@type":"SearchAction","target":{"@type":"EntryPoint","urlTemplate":"https:\/\/blog.olimar.de\/?s={search_term_string}"},"query-input":{"@type":"PropertyValueSpecification","valueRequired":true,"valueName":"search_term_string"}}],"inLanguage":"de"},{"@type":"Organization","@id":"https:\/\/blog.olimar.de\/#organization","name":"OLIMAR Reisen","url":"https:\/\/blog.olimar.de\/","logo":{"@type":"ImageObject","inLanguage":"de","@id":"https:\/\/blog.olimar.de\/#\/schema\/logo\/image\/","url":"https:\/\/blog.olimar.de\/wp-content\/uploads\/2021\/01\/OLIMAR_Logo_COLOR.png","contentUrl":"https:\/\/blog.olimar.de\/wp-content\/uploads\/2021\/01\/OLIMAR_Logo_COLOR.png","width":2000,"height":986,"caption":"OLIMAR Reisen"},"image":{"@id":"https:\/\/blog.olimar.de\/#\/schema\/logo\/image\/"},"sameAs":["https:\/\/www.facebook.com\/OlimarReisen","https:\/\/x.com\/olimarrreisen","https:\/\/www.instagram.com\/olimarreisen","https:\/\/www.youtube.com\/user\/olimarreisen"]},{"@type":"Person","@id":"https:\/\/blog.olimar.de\/#\/schema\/person\/d77f7c4d164042030e92f1f92dda5fae","name":"Angela W.","image":{"@type":"ImageObject","inLanguage":"de","@id":"https:\/\/blog.olimar.de\/#\/schema\/person\/image\/","url":"https:\/\/secure.gravatar.com\/avatar\/128dd961c6da8e20c171de2e5309685b16630e4bcfa8f0ce7ffa5f5ce1cc894b?s=96&d=blank&r=g","contentUrl":"https:\/\/secure.gravatar.com\/avatar\/128dd961c6da8e20c171de2e5309685b16630e4bcfa8f0ce7ffa5f5ce1cc894b?s=96&d=blank&r=g","caption":"Angela W."},"description":"Angela beschreibt die Beziehung zu Land und Leuten Portugals als \u201eLiebe auf den ersten Blick\u201c. Aus diesem Grund hat es sie auch vor Kurzem dauerhaft auf ihre Lieblingsinsel Madeira verschlagen. Was gibt es Sch\u00f6neres, als jeden Morgen vom Meeresrauschen geweckt zu werden und zugleich in die sattgr\u00fcnen H\u00e4nge zu blicken!?","mainEntityOfPage":{"@id":"https:\/\/blog.olimar.de\/author\/angela-w\/"}}]}},"_links":{"self":[{"href":"https:\/\/blog.olimar.de\/wp-json\/wp\/v2\/users\/41","targetHints":{"allow":["GET"]}}],"collection":[{"href":"https:\/\/blog.olimar.de\/wp-json\/wp\/v2\/users"}]}}