{"id":45,"name":"Julia Theis","url":"","description":"W\u00e4hrend es Julia im Winter in die Berge zieht, verbringt sie den Sommerurlaub gerne am Meer. Vor  allem die Kanaren haben es ihr angetan. Die Mischung aus der beeindruckenden Natur, verschiedener Aktivit\u00e4ten und traumhaften Str\u00e4nden machen hier einen Urlaub f\u00fcr sie perfekt.","link":"https:\/\/blog.olimar.de\/author\/julia-theis\/","slug":"julia-theis","avatar_urls":{"24":"https:\/\/secure.gravatar.com\/avatar\/391f36ab32924093b89d9d2a7068d000e80b2a62d64f1cd3162f1adbe5e08f03?s=24&d=blank&r=g","48":"https:\/\/secure.gravatar.com\/avatar\/391f36ab32924093b89d9d2a7068d000e80b2a62d64f1cd3162f1adbe5e08f03?s=48&d=blank&r=g","96":"https:\/\/secure.gravatar.com\/avatar\/391f36ab32924093b89d9d2a7068d000e80b2a62d64f1cd3162f1adbe5e08f03?s=96&d=blank&r=g"},"meta":[],"yoast_head":"<!-- This site is optimized with the Yoast SEO plugin v26.9 - https:\/\/yoast.com\/product\/yoast-seo-wordpress\/ -->\n<title>Julia Theis, Autor auf<\/title>\n<meta name=\"robots\" content=\"noindex, follow\" \/>\n<meta property=\"og:locale\" content=\"de_DE\" \/>\n<meta property=\"og:type\" content=\"profile\" \/>\n<meta property=\"og:title\" content=\"Julia Theis, Autor auf\" \/>\n<meta property=\"og:url\" content=\"https:\/\/blog.olimar.de\/author\/julia-theis\/\" \/>\n<meta property=\"og:image\" content=\"https:\/\/secure.gravatar.com\/avatar\/4fb587ce5a0bda8860b7a7de507eecf7?s=500&d=blank&r=g\" \/>\n<script type=\"application\/ld+json\" class=\"yoast-schema-graph\">{\"@context\":\"https:\/\/schema.org\",\"@graph\":[{\"@type\":\"ProfilePage\",\"@id\":\"https:\/\/blog.olimar.de\/author\/julia-theis\/\",\"url\":\"https:\/\/blog.olimar.de\/author\/julia-theis\/\",\"name\":\"Julia Theis, Autor auf\",\"isPartOf\":{\"@id\":\"https:\/\/blog.olimar.de\/#website\"},\"breadcrumb\":{\"@id\":\"https:\/\/blog.olimar.de\/author\/julia-theis\/#breadcrumb\"},\"inLanguage\":\"de\",\"potentialAction\":[{\"@type\":\"ReadAction\",\"target\":[\"https:\/\/blog.olimar.de\/author\/julia-theis\/\"]}]},{\"@type\":\"BreadcrumbList\",\"@id\":\"https:\/\/blog.olimar.de\/author\/julia-theis\/#breadcrumb\",\"itemListElement\":[{\"@type\":\"ListItem\",\"position\":1,\"name\":\"Home\",\"item\":\"https:\/\/blog.olimar.de\/\"},{\"@type\":\"ListItem\",\"position\":2,\"name\":\"Archiv f\u00fcr Julia Theis\"}]},{\"@type\":\"WebSite\",\"@id\":\"https:\/\/blog.olimar.de\/#website\",\"url\":\"https:\/\/blog.olimar.de\/\",\"name\":\"OLIMAR.com\",\"description\":\"\",\"publisher\":{\"@id\":\"https:\/\/blog.olimar.de\/#organization\"},\"potentialAction\":[{\"@type\":\"SearchAction\",\"target\":{\"@type\":\"EntryPoint\",\"urlTemplate\":\"https:\/\/blog.olimar.de\/?s={search_term_string}\"},\"query-input\":{\"@type\":\"PropertyValueSpecification\",\"valueRequired\":true,\"valueName\":\"search_term_string\"}}],\"inLanguage\":\"de\"},{\"@type\":\"Organization\",\"@id\":\"https:\/\/blog.olimar.de\/#organization\",\"name\":\"OLIMAR Reisen\",\"url\":\"https:\/\/blog.olimar.de\/\",\"logo\":{\"@type\":\"ImageObject\",\"inLanguage\":\"de\",\"@id\":\"https:\/\/blog.olimar.de\/#\/schema\/logo\/image\/\",\"url\":\"https:\/\/blog.olimar.de\/wp-content\/uploads\/2021\/01\/OLIMAR_Logo_COLOR.png\",\"contentUrl\":\"https:\/\/blog.olimar.de\/wp-content\/uploads\/2021\/01\/OLIMAR_Logo_COLOR.png\",\"width\":2000,\"height\":986,\"caption\":\"OLIMAR Reisen\"},\"image\":{\"@id\":\"https:\/\/blog.olimar.de\/#\/schema\/logo\/image\/\"},\"sameAs\":[\"https:\/\/www.facebook.com\/OlimarReisen\",\"https:\/\/x.com\/olimarrreisen\",\"https:\/\/www.instagram.com\/olimarreisen\",\"https:\/\/www.youtube.com\/user\/olimarreisen\"]},{\"@type\":\"Person\",\"@id\":\"https:\/\/blog.olimar.de\/#\/schema\/person\/9f53f3b3b39f04699d2a381dc2c126fa\",\"name\":\"Julia Theis\",\"image\":{\"@type\":\"ImageObject\",\"inLanguage\":\"de\",\"@id\":\"https:\/\/blog.olimar.de\/#\/schema\/person\/image\/\",\"url\":\"https:\/\/secure.gravatar.com\/avatar\/391f36ab32924093b89d9d2a7068d000e80b2a62d64f1cd3162f1adbe5e08f03?s=96&d=blank&r=g\",\"contentUrl\":\"https:\/\/secure.gravatar.com\/avatar\/391f36ab32924093b89d9d2a7068d000e80b2a62d64f1cd3162f1adbe5e08f03?s=96&d=blank&r=g\",\"caption\":\"Julia Theis\"},\"description\":\"W\u00e4hrend es Julia im Winter in die Berge zieht, verbringt sie den Sommerurlaub gerne am Meer. Vor allem die Kanaren haben es ihr angetan. Die Mischung aus der beeindruckenden Natur, verschiedener Aktivit\u00e4ten und traumhaften Str\u00e4nden machen hier einen Urlaub f\u00fcr sie perfekt.\",\"mainEntityOfPage\":{\"@id\":\"https:\/\/blog.olimar.de\/author\/julia-theis\/\"}}]}<\/script>\n<!-- \/ Yoast SEO plugin. -->","yoast_head_json":{"title":"Julia Theis, Autor auf","robots":{"index":"noindex","follow":"follow"},"og_locale":"de_DE","og_type":"profile","og_title":"Julia Theis, Autor auf","og_url":"https:\/\/blog.olimar.de\/author\/julia-theis\/","og_image":[{"url":"https:\/\/secure.gravatar.com\/avatar\/4fb587ce5a0bda8860b7a7de507eecf7?s=500&d=blank&r=g","type":"","width":"","height":""}],"schema":{"@context":"https:\/\/schema.org","@graph":[{"@type":"ProfilePage","@id":"https:\/\/blog.olimar.de\/author\/julia-theis\/","url":"https:\/\/blog.olimar.de\/author\/julia-theis\/","name":"Julia Theis, Autor auf","isPartOf":{"@id":"https:\/\/blog.olimar.de\/#website"},"breadcrumb":{"@id":"https:\/\/blog.olimar.de\/author\/julia-theis\/#breadcrumb"},"inLanguage":"de","potentialAction":[{"@type":"ReadAction","target":["https:\/\/blog.olimar.de\/author\/julia-theis\/"]}]},{"@type":"BreadcrumbList","@id":"https:\/\/blog.olimar.de\/author\/julia-theis\/#breadcrumb","itemListElement":[{"@type":"ListItem","position":1,"name":"Home","item":"https:\/\/blog.olimar.de\/"},{"@type":"ListItem","position":2,"name":"Archiv f\u00fcr Julia Theis"}]},{"@type":"WebSite","@id":"https:\/\/blog.olimar.de\/#website","url":"https:\/\/blog.olimar.de\/","name":"OLIMAR.com","description":"","publisher":{"@id":"https:\/\/blog.olimar.de\/#organization"},"potentialAction":[{"@type":"SearchAction","target":{"@type":"EntryPoint","urlTemplate":"https:\/\/blog.olimar.de\/?s={search_term_string}"},"query-input":{"@type":"PropertyValueSpecification","valueRequired":true,"valueName":"search_term_string"}}],"inLanguage":"de"},{"@type":"Organization","@id":"https:\/\/blog.olimar.de\/#organization","name":"OLIMAR Reisen","url":"https:\/\/blog.olimar.de\/","logo":{"@type":"ImageObject","inLanguage":"de","@id":"https:\/\/blog.olimar.de\/#\/schema\/logo\/image\/","url":"https:\/\/blog.olimar.de\/wp-content\/uploads\/2021\/01\/OLIMAR_Logo_COLOR.png","contentUrl":"https:\/\/blog.olimar.de\/wp-content\/uploads\/2021\/01\/OLIMAR_Logo_COLOR.png","width":2000,"height":986,"caption":"OLIMAR Reisen"},"image":{"@id":"https:\/\/blog.olimar.de\/#\/schema\/logo\/image\/"},"sameAs":["https:\/\/www.facebook.com\/OlimarReisen","https:\/\/x.com\/olimarrreisen","https:\/\/www.instagram.com\/olimarreisen","https:\/\/www.youtube.com\/user\/olimarreisen"]},{"@type":"Person","@id":"https:\/\/blog.olimar.de\/#\/schema\/person\/9f53f3b3b39f04699d2a381dc2c126fa","name":"Julia Theis","image":{"@type":"ImageObject","inLanguage":"de","@id":"https:\/\/blog.olimar.de\/#\/schema\/person\/image\/","url":"https:\/\/secure.gravatar.com\/avatar\/391f36ab32924093b89d9d2a7068d000e80b2a62d64f1cd3162f1adbe5e08f03?s=96&d=blank&r=g","contentUrl":"https:\/\/secure.gravatar.com\/avatar\/391f36ab32924093b89d9d2a7068d000e80b2a62d64f1cd3162f1adbe5e08f03?s=96&d=blank&r=g","caption":"Julia Theis"},"description":"W\u00e4hrend es Julia im Winter in die Berge zieht, verbringt sie den Sommerurlaub gerne am Meer. Vor allem die Kanaren haben es ihr angetan. Die Mischung aus der beeindruckenden Natur, verschiedener Aktivit\u00e4ten und traumhaften Str\u00e4nden machen hier einen Urlaub f\u00fcr sie perfekt.","mainEntityOfPage":{"@id":"https:\/\/blog.olimar.de\/author\/julia-theis\/"}}]}},"_links":{"self":[{"href":"https:\/\/blog.olimar.de\/wp-json\/wp\/v2\/users\/45","targetHints":{"allow":["GET"]}}],"collection":[{"href":"https:\/\/blog.olimar.de\/wp-json\/wp\/v2\/users"}]}}