{"id":72,"name":"J\u00fcrgen","url":"http:\/\/Katharina.Piechowski@olimar.com","description":"J\u00fcrgen ist ein begeisterter Golfer und verbindet seine Reisen gern mit diesem Hobby. Vorrangig ist er bei seinen Golfreisen in Portugal und Spanien unterwegs. Er berichtet auf seinem Golfblog \u00fcber seine Reiseerfahrungen sowie \u00fcber die vielen Golfrunden auf unterschiedlichsten Golfpl\u00e4tzen.","link":"https:\/\/blog.olimar.de\/author\/juergen-allmich\/","slug":"juergen-allmich","avatar_urls":{"24":"https:\/\/secure.gravatar.com\/avatar\/75737599860a61a8ff57d08bf28d72b6a43f653bee55532da5280dc89cc34528?s=24&d=blank&r=g","48":"https:\/\/secure.gravatar.com\/avatar\/75737599860a61a8ff57d08bf28d72b6a43f653bee55532da5280dc89cc34528?s=48&d=blank&r=g","96":"https:\/\/secure.gravatar.com\/avatar\/75737599860a61a8ff57d08bf28d72b6a43f653bee55532da5280dc89cc34528?s=96&d=blank&r=g"},"meta":[],"yoast_head":"<!-- This site is optimized with the Yoast SEO plugin v26.9 - https:\/\/yoast.com\/product\/yoast-seo-wordpress\/ -->\n<title>J\u00fcrgen, Autor auf<\/title>\n<meta name=\"robots\" content=\"noindex, follow\" \/>\n<meta property=\"og:locale\" content=\"de_DE\" \/>\n<meta property=\"og:type\" content=\"profile\" \/>\n<meta property=\"og:title\" content=\"J\u00fcrgen, Autor auf\" \/>\n<meta property=\"og:url\" content=\"https:\/\/blog.olimar.de\/author\/juergen-allmich\/\" \/>\n<meta property=\"og:image\" content=\"https:\/\/secure.gravatar.com\/avatar\/b842a3b8f827e862b0fef5bb17f5138e?s=500&d=blank&r=g\" \/>\n<script type=\"application\/ld+json\" class=\"yoast-schema-graph\">{\"@context\":\"https:\/\/schema.org\",\"@graph\":[{\"@type\":\"ProfilePage\",\"@id\":\"https:\/\/blog.olimar.de\/author\/juergen-allmich\/\",\"url\":\"https:\/\/blog.olimar.de\/author\/juergen-allmich\/\",\"name\":\"J\u00fcrgen, Autor auf\",\"isPartOf\":{\"@id\":\"https:\/\/blog.olimar.de\/#website\"},\"breadcrumb\":{\"@id\":\"https:\/\/blog.olimar.de\/author\/juergen-allmich\/#breadcrumb\"},\"inLanguage\":\"de\",\"potentialAction\":[{\"@type\":\"ReadAction\",\"target\":[\"https:\/\/blog.olimar.de\/author\/juergen-allmich\/\"]}]},{\"@type\":\"BreadcrumbList\",\"@id\":\"https:\/\/blog.olimar.de\/author\/juergen-allmich\/#breadcrumb\",\"itemListElement\":[{\"@type\":\"ListItem\",\"position\":1,\"name\":\"Home\",\"item\":\"https:\/\/blog.olimar.de\/\"},{\"@type\":\"ListItem\",\"position\":2,\"name\":\"Archiv f\u00fcr J\u00fcrgen\"}]},{\"@type\":\"WebSite\",\"@id\":\"https:\/\/blog.olimar.de\/#website\",\"url\":\"https:\/\/blog.olimar.de\/\",\"name\":\"OLIMAR.com\",\"description\":\"\",\"publisher\":{\"@id\":\"https:\/\/blog.olimar.de\/#organization\"},\"potentialAction\":[{\"@type\":\"SearchAction\",\"target\":{\"@type\":\"EntryPoint\",\"urlTemplate\":\"https:\/\/blog.olimar.de\/?s={search_term_string}\"},\"query-input\":{\"@type\":\"PropertyValueSpecification\",\"valueRequired\":true,\"valueName\":\"search_term_string\"}}],\"inLanguage\":\"de\"},{\"@type\":\"Organization\",\"@id\":\"https:\/\/blog.olimar.de\/#organization\",\"name\":\"OLIMAR Reisen\",\"url\":\"https:\/\/blog.olimar.de\/\",\"logo\":{\"@type\":\"ImageObject\",\"inLanguage\":\"de\",\"@id\":\"https:\/\/blog.olimar.de\/#\/schema\/logo\/image\/\",\"url\":\"https:\/\/blog.olimar.de\/wp-content\/uploads\/2021\/01\/OLIMAR_Logo_COLOR.png\",\"contentUrl\":\"https:\/\/blog.olimar.de\/wp-content\/uploads\/2021\/01\/OLIMAR_Logo_COLOR.png\",\"width\":2000,\"height\":986,\"caption\":\"OLIMAR Reisen\"},\"image\":{\"@id\":\"https:\/\/blog.olimar.de\/#\/schema\/logo\/image\/\"},\"sameAs\":[\"https:\/\/www.facebook.com\/OlimarReisen\",\"https:\/\/x.com\/olimarrreisen\",\"https:\/\/www.instagram.com\/olimarreisen\",\"https:\/\/www.youtube.com\/user\/olimarreisen\"]},{\"@type\":\"Person\",\"@id\":\"https:\/\/blog.olimar.de\/#\/schema\/person\/4ab4e765dd9397cfb3d4b64ef6d57703\",\"name\":\"J\u00fcrgen\",\"image\":{\"@type\":\"ImageObject\",\"inLanguage\":\"de\",\"@id\":\"https:\/\/blog.olimar.de\/#\/schema\/person\/image\/\",\"url\":\"https:\/\/secure.gravatar.com\/avatar\/75737599860a61a8ff57d08bf28d72b6a43f653bee55532da5280dc89cc34528?s=96&d=blank&r=g\",\"contentUrl\":\"https:\/\/secure.gravatar.com\/avatar\/75737599860a61a8ff57d08bf28d72b6a43f653bee55532da5280dc89cc34528?s=96&d=blank&r=g\",\"caption\":\"J\u00fcrgen\"},\"description\":\"J\u00fcrgen ist ein begeisterter Golfer und verbindet seine Reisen gern mit diesem Hobby. Vorrangig ist er bei seinen Golfreisen in Portugal und Spanien unterwegs. Er berichtet auf seinem Golfblog \u00fcber seine Reiseerfahrungen sowie \u00fcber die vielen Golfrunden auf unterschiedlichsten Golfpl\u00e4tzen.\",\"sameAs\":[\"http:\/\/Katharina.Piechowski@olimar.com\"],\"mainEntityOfPage\":{\"@id\":\"https:\/\/blog.olimar.de\/author\/juergen-allmich\/\"}}]}<\/script>\n<!-- \/ Yoast SEO plugin. -->","yoast_head_json":{"title":"J\u00fcrgen, Autor auf","robots":{"index":"noindex","follow":"follow"},"og_locale":"de_DE","og_type":"profile","og_title":"J\u00fcrgen, Autor auf","og_url":"https:\/\/blog.olimar.de\/author\/juergen-allmich\/","og_image":[{"url":"https:\/\/secure.gravatar.com\/avatar\/b842a3b8f827e862b0fef5bb17f5138e?s=500&d=blank&r=g","type":"","width":"","height":""}],"schema":{"@context":"https:\/\/schema.org","@graph":[{"@type":"ProfilePage","@id":"https:\/\/blog.olimar.de\/author\/juergen-allmich\/","url":"https:\/\/blog.olimar.de\/author\/juergen-allmich\/","name":"J\u00fcrgen, Autor auf","isPartOf":{"@id":"https:\/\/blog.olimar.de\/#website"},"breadcrumb":{"@id":"https:\/\/blog.olimar.de\/author\/juergen-allmich\/#breadcrumb"},"inLanguage":"de","potentialAction":[{"@type":"ReadAction","target":["https:\/\/blog.olimar.de\/author\/juergen-allmich\/"]}]},{"@type":"BreadcrumbList","@id":"https:\/\/blog.olimar.de\/author\/juergen-allmich\/#breadcrumb","itemListElement":[{"@type":"ListItem","position":1,"name":"Home","item":"https:\/\/blog.olimar.de\/"},{"@type":"ListItem","position":2,"name":"Archiv f\u00fcr J\u00fcrgen"}]},{"@type":"WebSite","@id":"https:\/\/blog.olimar.de\/#website","url":"https:\/\/blog.olimar.de\/","name":"OLIMAR.com","description":"","publisher":{"@id":"https:\/\/blog.olimar.de\/#organization"},"potentialAction":[{"@type":"SearchAction","target":{"@type":"EntryPoint","urlTemplate":"https:\/\/blog.olimar.de\/?s={search_term_string}"},"query-input":{"@type":"PropertyValueSpecification","valueRequired":true,"valueName":"search_term_string"}}],"inLanguage":"de"},{"@type":"Organization","@id":"https:\/\/blog.olimar.de\/#organization","name":"OLIMAR Reisen","url":"https:\/\/blog.olimar.de\/","logo":{"@type":"ImageObject","inLanguage":"de","@id":"https:\/\/blog.olimar.de\/#\/schema\/logo\/image\/","url":"https:\/\/blog.olimar.de\/wp-content\/uploads\/2021\/01\/OLIMAR_Logo_COLOR.png","contentUrl":"https:\/\/blog.olimar.de\/wp-content\/uploads\/2021\/01\/OLIMAR_Logo_COLOR.png","width":2000,"height":986,"caption":"OLIMAR Reisen"},"image":{"@id":"https:\/\/blog.olimar.de\/#\/schema\/logo\/image\/"},"sameAs":["https:\/\/www.facebook.com\/OlimarReisen","https:\/\/x.com\/olimarrreisen","https:\/\/www.instagram.com\/olimarreisen","https:\/\/www.youtube.com\/user\/olimarreisen"]},{"@type":"Person","@id":"https:\/\/blog.olimar.de\/#\/schema\/person\/4ab4e765dd9397cfb3d4b64ef6d57703","name":"J\u00fcrgen","image":{"@type":"ImageObject","inLanguage":"de","@id":"https:\/\/blog.olimar.de\/#\/schema\/person\/image\/","url":"https:\/\/secure.gravatar.com\/avatar\/75737599860a61a8ff57d08bf28d72b6a43f653bee55532da5280dc89cc34528?s=96&d=blank&r=g","contentUrl":"https:\/\/secure.gravatar.com\/avatar\/75737599860a61a8ff57d08bf28d72b6a43f653bee55532da5280dc89cc34528?s=96&d=blank&r=g","caption":"J\u00fcrgen"},"description":"J\u00fcrgen ist ein begeisterter Golfer und verbindet seine Reisen gern mit diesem Hobby. Vorrangig ist er bei seinen Golfreisen in Portugal und Spanien unterwegs. Er berichtet auf seinem Golfblog \u00fcber seine Reiseerfahrungen sowie \u00fcber die vielen Golfrunden auf unterschiedlichsten Golfpl\u00e4tzen.","sameAs":["http:\/\/Katharina.Piechowski@olimar.com"],"mainEntityOfPage":{"@id":"https:\/\/blog.olimar.de\/author\/juergen-allmich\/"}}]}},"_links":{"self":[{"href":"https:\/\/blog.olimar.de\/wp-json\/wp\/v2\/users\/72","targetHints":{"allow":["GET"]}}],"collection":[{"href":"https:\/\/blog.olimar.de\/wp-json\/wp\/v2\/users"}]}}